{"id":38709,"date":"2025-12-01T20:35:21","date_gmt":"2025-12-01T19:35:21","guid":{"rendered":"https:\/\/www.e-anjelik.sk\/?p=38709"},"modified":"2025-12-02T07:47:20","modified_gmt":"2025-12-02T06:47:20","slug":"bdejme-a-budme-triezvi","status":"publish","type":"post","link":"https:\/\/www.e-anjelik.sk\/index.php\/2025\/12\/01\/bdejme-a-budme-triezvi\/","title":{"rendered":"Bdejme a bu\u010fme triezvi"},"content":{"rendered":"\n<p><strong>&nbsp;&nbsp; &nbsp; &nbsp; &nbsp; &nbsp; &nbsp; &nbsp; &nbsp; &nbsp; &nbsp; &nbsp; &nbsp; &nbsp; &nbsp; &nbsp;<\/strong><strong>Bdejme a bu\u010fme triezvi.<\/strong><\/p>\n\n\n\n<p><em>Noc pominula &#8211; de\u0148 je tu:<\/em><\/p>\n\n\n\n<p><em>tichunk\u00e9 r\u00e1no adventu.<\/em><\/p>\n\n\n\n<p><em>\u00d4, Pane, r\u00e1\u010d n\u00e1s slovom vodi\u0165<\/em><\/p>\n\n\n\n<p><em>a u\u010d jak patr\u00ed, za d\u0148a chodi\u0165-<\/em><\/p>\n\n\n\n<p><em>nie v staran\u00ed sa o telo-<\/em><\/p>\n\n\n\n<p><em>-dos\u0165 ono v hriechu hovelo-<\/em><\/p>\n\n\n\n<p><em>le\u017e v r\u00fachu novom, strojnom, \u010diste,<\/em><\/p>\n\n\n\n<p><em>v tom Tvojom r\u00fachu, Pane Kriste! Amen&nbsp; (M.R.)<\/em><\/p>\n\n\n\n<p><strong>1 Tes 5, 1 &#8211; 11:<\/strong><\/p>\n\n\n\n<p><strong>\u00a0\u00a0<\/strong><em> \u201eBratia, nepotrebujete, aby som v\u00e1m p\u00edsal o \u010dasoch a obdobiach, (2) lebo sami dobre viete, \u017ee de\u0148 P\u00e1nov pr\u00edde tak, ako zlodej v noci. (3) Ke\u010f si bud\u00fa povr\u00e1va\u0165: Je pokoj a bezpe\u010dnos\u0165, vtedy znenazdania prikva\u010d\u00ed ich z\u00e1huba ako bolesti \u017eenu tehotn\u00fa a neute\u010d\u00fa. (4) Ale vy, bratia, nie ste vo tme, aby v\u00e1s ten de\u0148 prekvapil ako zlodej. (5) Ve\u010f vy v\u0161etci ste synovia svetla a synovia d\u0148a. Nepatr\u00edme noci ani tme. (6) Nespime teda ako ostatn\u00ed, ale <\/em><em>bdejme a bu\u010fme triezvi. (7) Lebo t\u00ed, \u010do spia, v noci spia, a opilci sa v noci op\u00edjaj\u00fa. (8) Ale my, ako synovia d\u0148a, bu\u010fme triezvi oble\u010dme si pancier viery a l\u00e1sky a prilbu n\u00e1deje na spasenie. (9) Lebo n\u00e1s neur\u010dil Boh na hnev, ale aby sme dosiahli spasenie v na\u0161om P\u00e1nu Je\u017ei\u0161i Kristu,(10) ktor\u00fd umrel za n\u00e1s, aby sme spolu s N\u00edm \u017eili, \u010di bdieme a \u010di sp\u00edme. (11) Preto pote\u0161ujte sa vospolok a povzbudzujte sa navz\u00e1jom, ako aj rob\u00edte\u201c . Amen<\/em><\/p>\n\n\n\n<figure class=\"wp-block-image size-full\"><img loading=\"lazy\" decoding=\"async\" width=\"1000\" height=\"522\" src=\"https:\/\/www.e-anjelik.sk\/wp-content\/uploads\/2025\/12\/7066972733873883517.jpg\" alt=\"\" class=\"wp-image-38714\" srcset=\"https:\/\/www.e-anjelik.sk\/wp-content\/uploads\/2025\/12\/7066972733873883517.jpg 1000w, https:\/\/www.e-anjelik.sk\/wp-content\/uploads\/2025\/12\/7066972733873883517-300x157.jpg 300w, https:\/\/www.e-anjelik.sk\/wp-content\/uploads\/2025\/12\/7066972733873883517-768x401.jpg 768w\" sizes=\"auto, (max-width: 1000px) 100vw, 1000px\" \/><\/figure>\n\n\n\n<p><em>&nbsp; &nbsp; &nbsp; &nbsp; &nbsp; &nbsp; &nbsp; &nbsp; <\/em>&nbsp; Mil\u00e9 sestry a bratia v P\u00e1novi Je\u017ei\u0161ovi Kristovi!<\/p>\n\n\n\n<p><em>\u00a0 \u00a0 \u00a0 \u00a0 \u00a0<\/em> Na bud\u00faci rok sa bud\u00fa kona\u0165 zimn\u00e9 olympijsk\u00e9 hry v Mil\u00e1ne a v jeho okol\u00ed. Povieme si, dobre, ale ako to s\u00favis\u00ed s nami, oby\u010dajn\u00fdmi \u013eu\u010fmi? Ve\u010f olympijsk\u00e9 hry s\u00fa sl\u00e1vnos\u0165 \u0161portu a mladosti. Ke\u010f sa hry za\u010dn\u00fa, bud\u00fa o nich p\u00edsa\u0165 v\u0161etky noviny a masm\u00e9di\u00e1 bud\u00fa pln\u00e9 report\u00e1\u017e\u00ed o ich priebehu. Kto by u\u017e dnes myslel na olympi\u00e1du?\u00a0Pravda, t\u00fdch ktor\u00fdch sa olympi\u00e1da t\u00fdka, musia na \u0148u myslie\u0165 podstatne sk\u00f4r, ako sa samotn\u00e1 sl\u00e1vnos\u0165 \u0161portu za\u010dne. S\u00fa to nielen \u0161portovci a ich realiza\u010dn\u00e9 t\u00edmy, ktor\u00ed musia naplni\u0165 svoje tr\u00e9ningov\u00e9 pl\u00e1ny a \u00falohy, lebo inak by neobst\u00e1li. S\u00fa to v\u0161ak aj mnoh\u00ed \u013eudia, ktor\u00ed stoja v pozad\u00ed pr\u00edprav olympi\u00e1dy. Usporiadatelia a v\u0161etci, ktor\u00ed pripravuj\u00fa \u0161portovisk\u00e1, t\u00ed ktor\u00ed chystaj\u00fa \u00favodn\u00fd a z\u00e1vere\u010dn\u00fd ceremoni\u00e1l, ktor\u00ed bud\u00fa zabezpe\u010dova\u0165 dopravu, slu\u017eby a v\u0161etok potrebn\u00fd servis. Mno\u017estvo \u013eud\u00ed mus\u00ed na olympi\u00e1du myslie\u0165 ove\u013ea sk\u00f4r, ako sa ofici\u00e1lne za\u010dne. Ak by sa intenz\u00edvne a akt\u00edvne nepripravovali, bola by potom sk\u00f4r fiaskom a nie sl\u00e1vnos\u0165ou.<\/p>\n\n\n\n<p>&nbsp;&nbsp; Ako kres\u0165ania tomuto pr\u00edkladu dobre rozumieme. Vstupujeme do nov\u00e9ho cirkevn\u00e9ho roku a nov\u00e9ho adventu. Pre v\u00e4\u010d\u0161inu \u013eud\u00ed znamen\u00e1 advent najm\u00e4 pr\u00edpravu na kr\u00e1sne viano\u010dn\u00e9 sviatky. Adventn\u00e1 doba je \u010dasom radostn\u00e9ho vzru\u0161enia a \u010dasom pr\u00edprav v\u0161etk\u00fdch a tak aj n\u00e1s veriacich kres\u0165anov. Jedn\u00e1 sa nielen o pr\u00edpravu na\u0161ich domov a pr\u00edbytkov, ale aj o pr\u00edbytky na\u0161ich s\u0155dc na v\u00fdnimo\u010dn\u00fa sl\u00e1vnos\u0165, na oslavu pr\u00edchodu Krista P\u00e1na na svet. Nechceme zanedba\u0165 pr\u00edpravu v \u017eiadnom oh\u013eade, ak skuto\u010dne chceme ma\u0165 \u00fa\u010das\u0165 na Bo\u017eej ponuke <em>\u201e\u010dasu radosti, veselosti\u201c<\/em> a pokoja. Aj v duchovnom \u017eivote plat\u00ed pravda zlo\u017eiek chr\u00e1niacich bezpe\u010dnos\u0165 a majetok ob\u010danov: \u201eKto je pripraven\u00fd, nie je ohrozen\u00fd\u201c! Tak\u00e1 je aj na\u0161a sk\u00fasenos\u0165, ktor\u00fa si nesieme z gener\u00e1cie na gener\u00e1ciu: Ak\u00fd advent, tak\u00e9 Vianoce.&nbsp;<\/p>\n\n\n\n<p>\u00a0 Pre n\u00e1s kres\u0165anov je v\u0161ak adventn\u00e1 pr\u00edprava na Vianoce predsa len in\u00e1 ako ju vid\u00edme zdanlivo v\u0161ade okolo n\u00e1s. Na\u0161u pr\u00edpravu\u00a0ch\u00e1peme toti\u017e s\u00fa\u010dasne aj ako s\u00fa\u010das\u0165 pr\u00edpravy nielen na \u201epr\u00edchod Je\u017ei\u0161ka\u201c, toti\u017e mo\u017enosti prejavi\u0165 l\u00e1sku a pozornos\u0165 bl\u00edzkym a bl\u00ed\u017enym. Pre n\u00e1s, veriacich v Je\u017ei\u0161a ako P\u00e1na, je to z\u00e1rove\u0148 s\u00fa\u010das\u0165 pr\u00edpravy na Jeho druh\u00fd pr\u00edchod do tohto sveta. V advente preto mysl\u00edme aj na ten skuto\u010dne ve\u013ek\u00fd de\u0148 \u201eD\u201c, ke\u010f P\u00e1n pr\u00edde v moci a sl\u00e1ve ako Sudca \u017eiv\u00fdch i m\u0155tvych.\u00a0<\/p>\n\n\n\n<p>\u00a0 \u00a0 O tomto dni p\u00edsal apo\u0161tol Pavel nielen kres\u0165anom v Tesalonik\u00e1ch, ale v\u0161etk\u00fdm. Preto je d\u00f4le\u017eit\u00e9 v\u0161imn\u00fa\u0165 si, ak\u00e1 m\u00e1 by\u0165 na\u0161a adventn\u00e1 pr\u00edprava ako veriacich. M\u00e1 pripom\u00edna\u0165 pr\u00edpravu t\u00fdch,\u00a0ktor\u00ed sa chystaj\u00fa na spom\u00ednan\u00fd sviatok \u0161portu a mladosti. M\u00e1 by\u0165 poctiv\u00e1, dostato\u010dn\u00e1, intenz\u00edvna a zodpovedn\u00e1, t\u00fdm viac, \u017ee my nepozn\u00e1me <em>\u201ed\u0148a ani hodiny\u201c<\/em>, kedy pr\u00edde P\u00e1n. Napriek tomu v\u00e1\u017ene berieme Pavlovo upozornenie: <em>\u201eBratia, nepotrebujete, aby som v\u00e1m p\u00edsal o \u010dasoch a obdobiach, lebo sami dobre viete, \u017ee de\u0148 P\u00e1nov pr\u00edde tak ako zlodej v noci\u201c.<\/em> To znamen\u00e1, \u017ee P\u00e1n pr\u00edde ne\u010dakane, znenazdania a prekvapuj\u00faco. Pre v\u0161etk\u00fdch \u013eud\u00ed bude Jeho pr\u00edchod prekvapen\u00edm. Pre jedn\u00fdch v\u0161ak bude prekvapen\u00edm nemil\u00fdm a neradostn\u00fdm, pre veriacich ale m\u00f4\u017ee a m\u00e1 by\u0165 prekvapen\u00edm mil\u00fdm, vz\u00e1cnym a ve\u013emi radostn\u00fdm.\u00a0<\/p>\n\n\n\n<p>\u00a0\u00a0 Apo\u0161tol prin\u00e1\u0161a tie\u017e v\u00fdsti\u017en\u00e9 prirovnanie pr\u00edchodu P\u00e1novho d\u0148a k \u017eeny \u201epracuj\u00facej\u201c k p\u00f4rodu. Radostn\u00e1 udalos\u0165 pr\u00edchodu jej die\u0165a\u0165a na svet je udalos\u0165 radostn\u00e1 a pln\u00e1 n\u00e1dej\u00ed, aj ke\u010f pr\u00edchod nov\u00e9ho \u017eivota je spojen\u00fd s p\u00f4rodn\u00fdmi boles\u0165ami. Narodenie die\u0165a\u0165a je rados\u0165ou, ale deje sa cez slzy. Nech\u00fdba ani jedno, ani druh\u00e9. Av\u0161ak tam, kde je die\u0165a po\u010dat\u00e9 z l\u00e1sky a kde je z l\u00e1skou aj prij\u00edman\u00e9 prich\u00e1dza \u010das radosti. Ako P\u00e1n Je\u017ei\u0161 povedal: <em>\u201e\u017dena, ke\u010f rod\u00ed, m\u00e1 z\u00e1rmutok, preto\u017ee pri\u0161la\u00a0 jej hodina. Ale ke\u010f porodila die\u0165a, nespom\u00edna viac na \u00fazkos\u0165 pre rados\u0165, \u017ee sa \u010dlovek narodil na svet\u201c<\/em>. (J 16, 21)<\/p>\n\n\n\n<p>&nbsp; &nbsp; Oba tieto pr\u00edklady zo \u017eivota n\u00e1s chc\u00fa privies\u0165 k vernosti a zodpovednosti. <em>\u201ePreto bdejme a bu\u010fme triezvi<\/em>\u201c. Svetlo viery, ktor\u00e9 u\u017e sk\u00f4r za\u017eiarilo v na\u0161ich srdciach m\u00e1 svieti\u0165 jasne, t\u00ed\u0161ko a vytrvalo. K tomu nesta\u010d\u00ed zap\u00e1li\u0165 adventn\u00e9 svie\u010dky a svetielka. Vyu\u017eime v\u0161etky pr\u00edle\u017eitosti a mo\u017enosti duchovn\u00e9ho bdenia, na \u010das modlitieb a mo\u017enosti po\u010d\u00fava\u0165 a prij\u00edma\u0165 svetlo slova Bo\u017eieho.&nbsp;<\/p>\n\n\n\n<p>\u00a0 \u00a0 Mo\u017eno sa n\u00e1m zd\u00e1, \u017ee napomenutie k <em>\u201etriezvosti\u201c<\/em> je pre v\u00e4\u010d\u0161inu kres\u0165anov nadbyto\u010dn\u00e9. Ak by i\u0161lo len o alkoholick\u00e9 opojenie, d\u00fafame, \u017ee je to tak u preva\u017enej v\u00e4\u010d\u0161iny kres\u0165anov naozaj tak. Av\u0161ak to, \u010d\u00edm s\u00fa dnes mnoh\u00ed \u013eudia\u00a0<em>\u201eopojen\u00ed\u201c,<\/em> je najm\u00e4 t\u00fa\u017eba po mamone, t\u00fa\u017eba po moci a po in\u00fdch podobn\u00fdch bo\u017estv\u00e1ch tohto sveta. Jestvuje aj nebezpe\u010dn\u00e9\u00a0<em>\u201eopojenie\u201c<\/em> a uspokojenie sam\u00fdm sebou, svojou zbo\u017enos\u0165ou, svojimi \u201ekvalitami\u201c a samospravodlivos\u0165ou. Mnoh\u00ed si myslia, \u017ee milos\u0165 Bo\u017eiu v P\u00e1novi Je\u017ei\u0161ovi vlastne nepotrebuj\u00fa, preto Ho ani ne\u010dakaj\u00fa.\u00a0<\/p>\n\n\n\n<p>&nbsp; &nbsp; &nbsp; To, \u010do v skuto\u010dnosti potrebujeme v\u0161etci ako <em>\u201erosu zhora\u201c<\/em> je teda spr\u00e1vne duchovn\u00e9 videnie a poznanie n\u00e1\u0161ho srdca. Preto na\u0161a prejaven\u00e1 t\u00fa\u017eba a \u010dakanie na P\u00e1na, Darcu milosti je tak\u00e1 d\u00f4le\u017eit\u00e1. Podobne, ako \u0161portovci &#8211; na\u0161i hokejisti sa na svoj sviatok chystaj\u00fa a te\u0161ia sa nov\u00e9 reprezenta\u010dn\u00e9 dresy, pod ktor\u00e9 si obliekaj\u00fa chr\u00e1ni\u010de, my kres\u0165ania si m\u00e1me <em>\u201eobliec\u0165 pancier viery a l\u00e1sky\u201c.<\/em>&nbsp;<\/p>\n\n\n\n<p>     Nanovo sa preto zamyslime nad hodnotou P\u00e1novho vtelenia a Jeho pr\u00edchodu na svet. Potrebujeme posilnenie a povzbudenie vo viere, ke\u010f\u017ee z viery vyrast\u00e1 l\u00e1ska k na\u0161im bl\u00edzkym, ale aj schopnos\u0165 humanity a tolerancie k bl\u00ed\u017enym. \u017div\u00e1 viera je \u010dinn\u00e1 v l\u00e1ske. Z nej sa rod\u00ed a rastie i s\u00facit so v\u0161etk\u00fdmi trpiacimi. Popri modlitb\u00e1ch za trpiacich chorobami, nedostatkom \u010di samotou, myslime zvl\u00e1\u0161\u0165 aj na konkr\u00e9tnu pomoc bl\u00ed\u017enym, ktor\u00ed s\u00fa nav\u0161t\u00edven\u00ed s\u00fa\u010dasn\u00fdm vojnov\u00fdm besnen\u00edm. Nezmyseln\u00e9 a ne\u013eudsk\u00e9 vojensk\u00e9 vra\u017edenie neut\u00edcha \u017eia\u013e, ani v advente, ani cez Vianoce. Neut\u00edchne zrejme ani cez olympi\u00e1du, hoci v starom Gr\u00e9cku b\u00fdvalo zvykom po\u010das olympi\u00e1d odlo\u017ei\u0165 zbrane. Na\u0161a t\u00fa\u017eba po pokoji plynie z viery v pr\u00edchod P\u00e1na, z ktorej sa rod\u00ed aj na\u0161a <em>\u201en\u00e1dej na spasenie\u201c<\/em>. Je zalo\u017een\u00e1 na poznan\u00ed moci a milosti prich\u00e1dzaj\u00faceho P\u00e1na, z ktorej vyrast\u00e1 aj\u00a0 blahoslaven\u00e1 n\u00e1dej na ve\u010dn\u00fd \u017eivot s N\u00edm. Ve\u010f <em>\u201eBoh n\u00e1s neur\u010dil na hnev, ale aby sme dosiahli sp\u00e1su v na\u0161om P\u00e1novi Je\u017ei\u0161ovi Kristovi\u201c. \u00a0<\/em><\/p>\n\n\n\n<p><em>\u00a0 \u00a0<\/em> Prv\u00fd pr\u00edchod P\u00e1na<em> sa <\/em>udial s\u00edce v pon\u00ed\u017een\u00ed, ke\u010f\u017ee pri\u0161iel v \u013eudskom tele a potom pretrpel kr\u00ed\u017e. P\u00e1n Je\u017ei\u0161\u00a0 <em>\u201eumrel za n\u00e1s, aby sme spolu s N\u00edm \u017eili\u201c<\/em>. Jeho v\u00ed\u0165azstvo nad hriechom a smr\u0165ou a dar sp\u00e1sy je preto skuto\u010dn\u00fdm a pevn\u00fdm z\u00e1kladom na\u0161ej radosti. V advente, na Vianoce a v celom na\u0161om \u017eivote. Preto, ako hovor\u00ed apo\u0161tol Pavel: <em>\u201ePote\u0161ujte sa vospolok a povzbudzujte sa navz\u00e1jom, ako aj rob\u00edte\u201c<\/em>. Amen\u00a0<\/p>\n\n\n\n<ol class=\"wp-block-list\">\n<li>adventn\u00e1 nede\u013ea\u00a0 &#8211;\u00a0 MyS  &#8211;\u00a0 \u013dubom\u00edr Batka st.<\/li>\n<\/ol>\n\n\n\n<p><\/p>\n","protected":false},"excerpt":{"rendered":"<p>&nbsp;&nbsp; &nbsp; &nbsp; &nbsp; &nbsp; &nbsp; &nbsp; &nbsp; &nbsp; &nbsp; &nbsp; &nbsp; &nbsp; &nbsp; &nbsp;Bdejme a bu\u010fme triezvi. Noc pominula &#8211; de\u0148 je tu: tichunk\u00e9 r\u00e1no adventu. \u00d4, Pane, r\u00e1\u010d n\u00e1s slovom vodi\u0165 a u\u010d jak patr\u00ed, za d\u0148a chodi\u0165- nie v staran\u00ed sa o telo- -dos\u0165 ono v hriechu hovelo- le\u017e v r\u00fachu novom, &#8230; <a title=\"Bdejme a bu\u010fme triezvi\" class=\"read-more\" href=\"https:\/\/www.e-anjelik.sk\/index.php\/2025\/12\/01\/bdejme-a-budme-triezvi\/\" aria-label=\"Pre\u010d\u00edtajte si viac o Bdejme a bu\u010fme triezvi\">\u010c\u00edta\u0165 viac<\/a><\/p>\n","protected":false},"author":4,"featured_media":0,"comment_status":"open","ping_status":"open","sticky":false,"template":"","format":"standard","meta":{"footnotes":""},"categories":[570,179,538,121,6,95],"tags":[],"class_list":["post-38709","post","type-post","status-publish","format-standard","hentry","category-1-adventna-nedela","category-advent","category-bukovec","category-kazne","category-myjavsky-seniorat","category-sobotiste"],"_links":{"self":[{"href":"https:\/\/www.e-anjelik.sk\/index.php\/wp-json\/wp\/v2\/posts\/38709","targetHints":{"allow":["GET"]}}],"collection":[{"href":"https:\/\/www.e-anjelik.sk\/index.php\/wp-json\/wp\/v2\/posts"}],"about":[{"href":"https:\/\/www.e-anjelik.sk\/index.php\/wp-json\/wp\/v2\/types\/post"}],"author":[{"embeddable":true,"href":"https:\/\/www.e-anjelik.sk\/index.php\/wp-json\/wp\/v2\/users\/4"}],"replies":[{"embeddable":true,"href":"https:\/\/www.e-anjelik.sk\/index.php\/wp-json\/wp\/v2\/comments?post=38709"}],"version-history":[{"count":4,"href":"https:\/\/www.e-anjelik.sk\/index.php\/wp-json\/wp\/v2\/posts\/38709\/revisions"}],"predecessor-version":[{"id":38718,"href":"https:\/\/www.e-anjelik.sk\/index.php\/wp-json\/wp\/v2\/posts\/38709\/revisions\/38718"}],"wp:attachment":[{"href":"https:\/\/www.e-anjelik.sk\/index.php\/wp-json\/wp\/v2\/media?parent=38709"}],"wp:term":[{"taxonomy":"category","embeddable":true,"href":"https:\/\/www.e-anjelik.sk\/index.php\/wp-json\/wp\/v2\/categories?post=38709"},{"taxonomy":"post_tag","embeddable":true,"href":"https:\/\/www.e-anjelik.sk\/index.php\/wp-json\/wp\/v2\/tags?post=38709"}],"curies":[{"name":"wp","href":"https:\/\/api.w.org\/{rel}","templated":true}]}}