{"id":3871,"date":"2011-10-27T11:45:03","date_gmt":"2011-10-27T11:45:03","guid":{"rendered":"http:\/\/e-anjelik.sk\/?p=3871"},"modified":"2011-10-27T11:45:03","modified_gmt":"2011-10-27T11:45:03","slug":"zasadnutie-pracovneho-spolocenstva-diasporalnych-diel-agde","status":"publish","type":"post","link":"https:\/\/www.e-anjelik.sk\/index.php\/2011\/10\/27\/zasadnutie-pracovneho-spolocenstva-diasporalnych-diel-agde\/","title":{"rendered":"Zasadnutie Pracovn\u00e9ho spolo\u010denstva diaspor\u00e1lnych diel (AGDE)"},"content":{"rendered":"<p>V moravskej Byst\u0159ice pod Host&yacute;nem sa v d\u0148och 23. -26. okt&oacute;bra 2011 konalo zasadnutie AGDE . Bola to konzult&aacute;cia, ktor&aacute; sa kon&aacute; raz za dva roky. T&eacute;mou rokovania bola ot&aacute;zka integr&aacute;cie R&oacute;mov v \u010cesku, Slovensku a Rumunsku. Obe protestantsk&eacute; cirkvi na Slovensku &#8211; ECAV a ReKC &#8211; vypracovali spolo\u010dn&yacute; projekt. Pre rie&scaron;enie ot&aacute;zky R&oacute;mov schv&aacute;lili podporu 10 tis&iacute;c &euro;. S&uacute;\u010dasne za predsedu AGDE bol zvolen&yacute; gen. biskup ECAV M. Kl&aacute;tik. Nahrad&iacute; tak doteraj&scaron;ieho predsedu&nbsp; &#8211; far&aacute;ra prof. Wernera Horna zo Spolku GAW v Rak&uacute;sku.<\/p>\n<p>(<a href=\"http:\/\/www.gustav-adolf-werk.de\">www.gustav-adolf-werk.de<\/a>)<\/p>\n","protected":false},"excerpt":{"rendered":"<p>V moravskej Byst\u0159ice pod Host&yacute;nem sa v d\u0148och 23. -26. okt&oacute;bra 2011 konalo zasadnutie AGDE . Bola to konzult&aacute;cia, ktor&aacute; sa kon&aacute; raz za dva roky. T&eacute;mou rokovania bola ot&aacute;zka integr&aacute;cie R&oacute;mov v \u010cesku, Slovensku a Rumunsku. Obe protestantsk&eacute; cirkvi na Slovensku &#8211; ECAV a ReKC &#8211; vypracovali spolo\u010dn&yacute; projekt. Pre rie&scaron;enie ot&aacute;zky R&oacute;mov schv&aacute;lili &#8230; <a title=\"Zasadnutie Pracovn\u00e9ho spolo\u010denstva diaspor\u00e1lnych diel (AGDE)\" class=\"read-more\" href=\"https:\/\/www.e-anjelik.sk\/index.php\/2011\/10\/27\/zasadnutie-pracovneho-spolocenstva-diasporalnych-diel-agde\/\" aria-label=\"Pre\u010d\u00edtajte si viac o Zasadnutie Pracovn\u00e9ho spolo\u010denstva diaspor\u00e1lnych diel (AGDE)\">\u010c\u00edta\u0165 viac<\/a><\/p>\n","protected":false},"author":22,"featured_media":0,"comment_status":"open","ping_status":"open","sticky":false,"template":"","format":"standard","meta":{"footnotes":""},"categories":[1],"tags":[221],"class_list":["post-3871","post","type-post","status-publish","format-standard","hentry","category-adventna-modlitba","tag-diakonia"],"_links":{"self":[{"href":"https:\/\/www.e-anjelik.sk\/index.php\/wp-json\/wp\/v2\/posts\/3871","targetHints":{"allow":["GET"]}}],"collection":[{"href":"https:\/\/www.e-anjelik.sk\/index.php\/wp-json\/wp\/v2\/posts"}],"about":[{"href":"https:\/\/www.e-anjelik.sk\/index.php\/wp-json\/wp\/v2\/types\/post"}],"author":[{"embeddable":true,"href":"https:\/\/www.e-anjelik.sk\/index.php\/wp-json\/wp\/v2\/users\/22"}],"replies":[{"embeddable":true,"href":"https:\/\/www.e-anjelik.sk\/index.php\/wp-json\/wp\/v2\/comments?post=3871"}],"version-history":[{"count":0,"href":"https:\/\/www.e-anjelik.sk\/index.php\/wp-json\/wp\/v2\/posts\/3871\/revisions"}],"wp:attachment":[{"href":"https:\/\/www.e-anjelik.sk\/index.php\/wp-json\/wp\/v2\/media?parent=3871"}],"wp:term":[{"taxonomy":"category","embeddable":true,"href":"https:\/\/www.e-anjelik.sk\/index.php\/wp-json\/wp\/v2\/categories?post=3871"},{"taxonomy":"post_tag","embeddable":true,"href":"https:\/\/www.e-anjelik.sk\/index.php\/wp-json\/wp\/v2\/tags?post=3871"}],"curies":[{"name":"wp","href":"https:\/\/api.w.org\/{rel}","templated":true}]}}