{"id":38722,"date":"2025-12-03T15:12:26","date_gmt":"2025-12-03T14:12:26","guid":{"rendered":"https:\/\/www.e-anjelik.sk\/?p=38722"},"modified":"2025-12-21T06:48:56","modified_gmt":"2025-12-21T05:48:56","slug":"prid-pane-jezisi3-do-nasich-zborov","status":"publish","type":"post","link":"https:\/\/www.e-anjelik.sk\/index.php\/2025\/12\/03\/prid-pane-jezisi3-do-nasich-zborov\/","title":{"rendered":"Pr\u00ed\u010f, Pane Je\u017ei\u0161i (3) &#8211; do na\u0161ich zborov"},"content":{"rendered":"\n<p><strong>&nbsp; &nbsp; &nbsp; &nbsp; &nbsp; &nbsp; &nbsp; &nbsp; &nbsp; &nbsp; Pr\u00ed\u010f, Pane Je\u017ei\u0161i (3) &#8211; do n\u00e1\u0161ho zboru<\/strong><\/p>\n\n\n\n<p><strong>&nbsp;&nbsp; &nbsp; &nbsp; &nbsp; &nbsp; &nbsp; &nbsp; &nbsp; &nbsp; &nbsp; &nbsp; <\/strong><em>&nbsp; &nbsp; (Maranatha &#8211; Adventn\u00e9 ror\u00e1ty)<\/em><\/p>\n\n\n\n<p>\u00davodn\u00fd text:<strong> \u017d 24:&nbsp;<\/strong><\/p>\n\n\n\n<p><em> <em>\u201e<\/em>\u00d3, br\u00e1ny, pozdvihnite svoje hlavy,<\/em><\/p>\n\n\n\n<p><em>a zdvihnite sa, ve\u010dn\u00e9 vr\u00e1ta,<\/em><\/p>\n\n\n\n<p><em>aby mohol vojs\u0165 Kr\u00e1\u013e sl\u00e1vy!&nbsp; <\/em><\/p>\n\n\n\n<p><em>Kto\u017ee je ten Kr\u00e1\u013e sl\u00e1vy?<\/em><\/p>\n\n\n\n<p><em>Hospodin siln\u00fd a mocn\u00fd,<\/em><\/p>\n\n\n\n<p><em>Hospodin mocn\u00fd v boji.<\/em><\/p>\n\n\n\n<p><em>\u00d3 br\u00e1ny, pozdvihnite svoje hlavy,<\/em><\/p>\n\n\n\n<p><em>a zdvihnite sa, ve\u010dn\u00e9 vr\u00e1ta,<\/em><\/p>\n\n\n\n<p><em>aby mohol vojs\u0165 Kr\u00e1\u013e sl\u00e1vy!<\/em><\/p>\n\n\n\n<p><em>Hospodin mocnost\u00ed,<\/em><\/p>\n\n\n\n<p><em>On je kr\u00e1\u013e sl\u00e1vy. Sela. Amen (v.7 -10)<\/em><\/p>\n\n\n\n<p>K\u00e1z\u0148ov\u00fd text: <strong>Lk 4, 14 &#8211; 30:<\/strong><\/p>\n\n\n\n<p><strong>\u00a0 \u00a0 <\/strong><em>\u201eV moci Ducha vr\u00e1til sa Je\u017ei\u0161 do Galiley a zves\u0165 o \u0147om sa rozniesla po celom okol\u00ed. (15) U\u010dil v ich synag\u00f3gach a v\u0161etci Ho oslavovali.<\/em> <em>(16)Tak pri\u0161iel aj do Nazareta, kde bol vychovan\u00fd, a pod\u013ea svojho zvyku vo\u0161iel v de\u0148 sobotn\u00fd do synag\u00f3gy a vstal, aby \u010d\u00edtal. (17) I podali Mu knihu proroka Izai\u00e1\u0161a. A ke\u010f otvoril knihu, na\u0161iel miesto, kde bolo nap\u00edsan\u00e9: (8) Duch P\u00e1nov nado mnou; lebo pomazal ma zvestova\u0165 chudobn\u00fdm evanjelium, uzdravova\u0165 skr\u00fa\u0161en\u00fdch srdcom, poslal ma hl\u00e1sa\u0165 zajat\u00fdm prepustenie a slep\u00fdm navr\u00e1tenie zraku, utl\u00e1\u010dan\u00fdm oslobodenie,\u00a0 (19) a zvestova\u0165 vz\u00e1cny rok P\u00e1nov. (20) Ke\u010f zavrel knihu a vr\u00e1til ju slu\u017eobn\u00edkovi, sadol si. O\u010di v\u0161etk\u00fdch v synag\u00f3ge upierali sa na Neho. (21) A On za\u010dal im hovori\u0165: Dnes sa naplnilo toto P\u00edsmo vo va\u0161ich u\u0161iach. (22) A v\u0161etci Mu prisvied\u010dali, obdivovali slov\u00e1 o milosti, ktor\u00e9 vych\u00e1dzali z Jeho \u00fast, a hovorili: \u010ci tento nie je syn Jozefov? (23) I povedal im: Iste mi pripomeniete pr\u00edslovie: Lek\u00e1r, uzdrav s\u00e1m seba! Po\u010duli sme, \u010do sa stalo v Kafarnaume; urob to aj tu, vo svojej ot\u010dine! (24)\u00a0A dolo\u017eil: Amen, hovor\u00edm v\u00e1m: Ani jeden prorok nie je vz\u00e1cny vo svojej ot\u010dine. (25) Ale pravdu v\u00e1m vrav\u00edm: mnoho vdov \u017eilo za d\u0148ov Eli\u00e1\u0161ov\u00fdch v Izraeli, ke\u010f tri roky a \u0161es\u0165 mesiacov bolo nebo zavret\u00e9, tak\u017ee velik\u00fd hlad nasla po celej zemi, (26) ale ani k jednej z nich nebol poslan\u00fd Eli\u00e1\u0161, len do Sarepty Sidonskej k \u017eene-vdove. (27) A mnoho malomocn\u00fdch \u017eilo v Izraeli za proroka Elizea, ale ani jeden z nich nebol o\u010disten\u00fd len N\u00e1man S\u00fdrsky. (28) A v\u0161etci v synag\u00f3ge vzplanuli hnevom, ke\u010f to po\u010duli; (29) povstali, vyhnali Ho z mesta a viedli a\u017e na okraj vrchu, na ktorom bolo vybudovan\u00e9 ich mesto, aby Ho zostr\u010dili. (30) Ale On pre\u0161iel pomedzi nich a vzdialil sa.&#8220; Amen<\/em><\/p>\n\n\n\n<p><em>&nbsp;&nbsp; &nbsp;<\/em> &nbsp; &nbsp; &nbsp; Mil\u00e9 sestry a bratia v P\u00e1novi Je\u017ei\u0161ovi Kristovi!<\/p>\n\n\n\n<p>&nbsp;&nbsp; Dnes chceme spolo\u010dne prosi\u0165 o to, aby P\u00e1n Je\u017ei\u0161 pri\u0161iel a prich\u00e1dzal v\u017edy nanovo aj do n\u00e1\u0161ho cirkevn\u00e9ho zboru. Pre\u010do je to d\u00f4le\u017eit\u00e9? Spolo\u010denstvo cirkvi v\u0161eobecnej kres\u0165anskej sa prejavuje nielen v na\u0161ich srdciach a rodin\u00e1ch, ale aj v spolo\u010denstve rod\u00edn, ktor\u00e9 tvoria z\u00e1kladn\u00fa vidite\u013en\u00fa cirkevno &#8211; organiza\u010dn\u00fa jednotku (COJ) v zmysle \u00dastavy na\u0161ej ECAV. Kres\u0165ansk\u00e9 rodiny tvoria cirkevn\u00fd zbor a my vieme, \u017ee nie v\u0161etci pokrsten\u00ed \u010dlenovia, ktor\u00ed ho tvoria s\u00fa \u00faprimne veriaci, nie v\u0161etci s\u00fa pobo\u017en\u00ed a zbo\u017en\u00ed, nie v\u0161etci s\u00fa duchovne \u017eiv\u00ed, bdel\u00ed a o\u010dak\u00e1vaj\u00faci pr\u00edchod Je\u017ei\u0161a, aby bol ich P\u00e1nom a Kr\u00e1\u013eom.&nbsp;<\/p>\n\n\n\n<p>&nbsp; &nbsp; Tak ako v rodine mysl\u00edme jeden na druh\u00e9ho a c\u00edtime zodpovednos\u0165 jedni za druh\u00fdch ke\u010f ide o \u017eivot viery, c\u00edtime zodpovednos\u0165 aj za ka\u017ed\u00fa na\u0161u evanjelicko-kres\u0165ansk\u00fa rodinu a za spolo\u010denstvo, ktor\u00e9 tvor\u00edme. Ak m\u00e1 by\u0165 a zosta\u0165 cirkev jedna a jednotn\u00e1, je potrebn\u00e9 posil\u0148ova\u0165 jednotu viery u\u017e v cirkevn\u00fdch zboroch v ktor\u00fdch \u017eijeme, v ktor\u00fdch sa <em>\u201eradujeme s raduj\u00facimi a pla\u010deme s pla\u010d\u00facimi\u201c<\/em>. \u017del\u00e1me si a t\u00fa\u017eime po tom, aby sme aj viano\u010dn\u00fa rados\u0165 zdie\u013eali spolo\u010dne, pokia\u013e mo\u017eno \u010d\u00edm viacer\u00ed.<\/p>\n\n\n\n<p>&nbsp;&nbsp; &nbsp; Len\u017ee P\u00e1nov pr\u00edchod k n\u00e1m sa nedeje len cez Vianoce. P\u00e1n prich\u00e1dza neust\u00e1le a chce pr\u00eds\u0165 k n\u00e1m aj v tomto adventnom \u010dase, v ktorom si pripom\u00edname Jeho vtelenie (inkarn\u00e1ciu). T\u00fa\u017eime po tom, aby \u010d\u00edm viacer\u00ed v na\u0161om zbore vyzn\u00e1vali s nami: <em><em>\u201e<\/em>Nebudeme \u010daka\u0165 in\u00e9ho Spasite\u013ea\u201c.<\/em> Pre n\u00e1s je N\u00edm len Je\u017ei\u0161 z Nazaretu, po\u010dat\u00fd z Ducha Sv\u00e4t\u00e9ho v tele panny M\u00e1rie, naroden\u00fd v Betleheme.&nbsp;<\/p>\n\n\n\n<p>&nbsp;&nbsp; &nbsp; Ke\u010f\u017ee vieme aj to, \u017ee On dnes prich\u00e1dza k n\u00e1m vo svojom slove a v sviatostiach, ale nie v\u0161etci Jeho slovo po\u010d\u00favaj\u00fa a prij\u00edmaj\u00fa, chceme prosi\u0165 za bratov a sestry v zbore, aby na\u0161iel sp\u00f4sob ako zaklope na dvere s\u0155dc a dvere pr\u00edbytkov na\u0161ich rod\u00edn. Mo\u017eno cez adventn\u00fa pr\u00edpravu det\u00ed a vn\u00fa\u010dat, mo\u017eno prostredn\u00edctvom susedov, ktor\u00ed po\u010dn\u00fac od prvej adventnej nedele vyzdobili svoje domy a byty adventn\u00fdmi symbolmi, mo\u017eno azda aj cez ten bezduch\u00fd prof\u00e1nny tresk, hluk a svetl\u00e1 nabl\u00fdskan\u00fdch rekl\u00e1m. Chceme prosi\u0165 za n\u00e1\u0161 zbor, aby n\u00e1s nepostretol \u00fadel Nazaretu, ke\u010f do neho zav\u00edtal Je\u017ei\u0161.<\/p>\n\n\n\n<p>&nbsp;&nbsp; Nazaret sa v biblickom texte spom\u00edna nielen ako obec, \u010di meste\u010dko, ale predov\u0161etk\u00fdm ako SZ cirkev, spolo\u010denstvo \u013eud\u00ed, ktor\u00ed sa stretali v synag\u00f3ge. P\u00e1n Je\u017ei\u0161 nepri\u0161iel na \u201eobecn\u00fd \u00farad\u201c, ale pri\u0161iel v sobotn\u00fd de\u0148 do spolo\u010denstva viery. Vtedy u\u017e zves\u0165 o \u0147om ako u\u010dite\u013eovi a z\u00e1zra\u010dnom lek\u00e1rovi rezonovala po celom okol\u00ed a mnoh\u00ed Je\u017ei\u0161a oslavovali. Tam, v synag\u00f3ge, Mu podal slu\u017eobn\u00edk knihu (zvitok) proroka Izai\u00e1\u0161a, aby \u010d\u00edtal. Bol to prejav ur\u010ditej pocty pre Toho, ktor\u00fd bol pr\u00e1ve v Nazarete vychovan\u00fd, kde bol vyu\u010dovan\u00fd a kde pravidelne, pod\u013ea svojho zvyku, chodil v sobotu od svojej mladosti.<\/p>\n\n\n\n<p>&nbsp;&nbsp; Nazaret nemal s\u00edce v Izraeli zvl\u00e1\u0161\u0165 dobr\u00e9 meno, podobne ako cel\u00e1 polo pohansk\u00e1 Galilea, ale predsa len aj jeho obyvatelia v sobotn\u00fd de\u0148 na bohoslu\u017eby prich\u00e1dzali. Ke\u010f Je\u017ei\u0161 \u010d\u00edtal prorock\u00e9 slov\u00e1 z knihy Izai\u00e1\u0161a, v\u0161etci mu prisvied\u010dali na znak s\u00fahlasu z proroctvom a obdivovali slov\u00e1 o milosti, ktor\u00e9 po\u010duli. Ke\u010f v\u0161ak predpove\u010f proroka vztiahol na seba, Jeho posluch\u00e1\u010di pochybova\u010dne kr\u00fatili hlavami a mo\u017eno aj protestne \u0161omrali, hovoriac: <em>\u201e\u010ci Tento nie je syn Jozefov?\u201c.<\/em><\/p>\n\n\n\n<p><em>&nbsp; &nbsp; <\/em>Vieme s\u00edce pochopi\u0165 ich ned\u00f4veru, ke\u010f\u017ee Je\u017ei\u0161a poznali od mladosti a ako tes\u00e1r nesp\u013a\u0148al ich predstavy a pr\u00eds\u0165 maj\u00facom Mesi\u00e1\u0161ovi. Ako Vyslobodite\u013e a Mesi\u00e1\u0161 p\u00f4sobil pr\u00edli\u0161 oby\u010dajne a \u013eudsky nielen v\u00fdzorom, ale aj pr\u00e1cou r\u00fak, ktorou sa \u017eivil. Aj ke\u010f po odchode z Nazareta dok\u00e1zal oslovi\u0165 z\u00e1stupy a kona\u0165 z\u00e1zraky o ktor\u00fdch po\u010duli, boli ochotn\u00ed uveri\u0165 v Neho len v pr\u00edpade, aby tak\u00e9to skutky, ba e\u0161te v\u00e4\u010d\u0161ie, vykon\u00e1 aj vo svojej ot\u010dine, pred ich o\u010dami.<\/p>\n\n\n\n<p>&nbsp; &nbsp; P\u00e1n Je\u017ei\u0161 v\u0161ak uk\u00e1zal a zd\u00f4raznil, \u017ee v\u0161etko, \u010do kon\u00e1, kon\u00e1 len pod\u013ea v\u00f4le svojho nebesk\u00e9ho Otca. Nepri\u0161iel plni\u0165 v\u00f4\u013eu nikoho in\u00e9ho, ani budova\u0165 svoju popularitu a sl\u00e1vu, ale zvestova\u0165 pr\u00edchod Bo\u017eieho kr\u00e1\u013eovstva, ktor\u00e9 sa v \u0147om pribl\u00ed\u017eilo a do ktor\u00e9ho m\u00f4\u017eu vst\u00fapi\u0165 iba veriaci v Neho, ktor\u00ed vieru dok\u00e1\u017eu l\u00e1skou. P\u00e1n Boh si m\u00f4\u017ee vyvoli\u0165 koho chce a ako chce a nie je viazan\u00fd \u017eiadnymi \u013eudsk\u00fdmi predstavami a my\u0161lienkami. Ako Izai\u00e1\u0161 na inom mieste hovor\u00ed: Bo\u017eie predstavy a my\u0161lienky prevy\u0161uj\u00fa v\u0161etky \u013eudsk\u00e9 cesty a my\u0161lienky.&nbsp;<\/p>\n\n\n\n<p>&nbsp;&nbsp; Nazaret\u010dania, \u017eia\u013e, nespoznali <em>\u201e\u010das svojho nav\u0161t\u00edvenia\u201c<\/em>, podobne ako nesk\u00f4r Jeruzalem a pre\u0161li od obdivu do druhej krajnosti. <em>\u201eVzplanuli hnevom, povstali a vyhnali Ho z mesta a vyviedli a\u017e na kraj vrchu, na ktorom bolo vybudovan\u00e9 ich mesto, aby Ho zostr\u010dili\u201c. <\/em>P\u00e1n Je\u017ei\u0161 pri\u0161iel k nim, ale pre ich neveru <em>\u201epre\u0161iel pomedzi nich a vzdialil sa\u201c.&nbsp;<\/em><\/p>\n\n\n\n<p>&nbsp; &nbsp; Nechceme, aby P\u00e1n pre\u0161iel pomedzi n\u00e1s. Chceme aby na\u0161iel na\u0161e srdcia, naplnen\u00e9 pokorou, l\u00e1skou a d\u00f4verou v Jeho milos\u0165. Aby sa tak stalo u\u017e dnes, ke\u010f je zvestovan\u00e9 Jeho evanjelium. Aby bol prijat\u00fd s d\u00f4verou vtedy, ke\u010f sa pred na\u0161imi o\u010dami prestiera st\u00f4l Jeho sv\u00e4tej Ve\u010dere a ke\u010f On je tu \u201ev chlebe a v\u00edne\u201c s nami a pre n\u00e1s. Prosme a modlime sa za to, aby na\u0161iel v na\u0161om zbore v\u0161etky dvere pr\u00edbytkov otvoren\u00e9 s \u00faprimn\u00fdm pozvan\u00edm ako pre najvz\u00e1cnej\u0161ieho Hos\u0165a. Podobne aj potom, na konci vekov, nech n\u00e1jde vieru v na\u0161ich srdciach i vo v\u0161etk\u00fdch na\u0161ich rodin\u00e1ch. Amen<\/p>\n\n\n\n<p>&nbsp;&nbsp; &nbsp; &nbsp; &nbsp; &nbsp; &nbsp; &nbsp; &nbsp; &nbsp; &nbsp; &nbsp; &nbsp; &nbsp; &nbsp; &nbsp; &nbsp; &nbsp; &nbsp; &nbsp; &nbsp; &nbsp; &nbsp; &nbsp; &nbsp; &nbsp; &nbsp; &nbsp; &nbsp; &nbsp; &nbsp; &nbsp; &nbsp; &nbsp; &nbsp; &nbsp; &nbsp; \u013dubom\u00edr Batka st.<\/p>\n","protected":false},"excerpt":{"rendered":"<p>&nbsp; &nbsp; &nbsp; &nbsp; &nbsp; &nbsp; &nbsp; &nbsp; &nbsp; &nbsp; Pr\u00ed\u010f, Pane Je\u017ei\u0161i (3) &#8211; do n\u00e1\u0161ho zboru &nbsp;&nbsp; &nbsp; &nbsp; &nbsp; &nbsp; &nbsp; &nbsp; &nbsp; &nbsp; &nbsp; &nbsp; &nbsp; &nbsp; (Maranatha &#8211; Adventn\u00e9 ror\u00e1ty) \u00davodn\u00fd text: \u017d 24:&nbsp; \u201e\u00d3, br\u00e1ny, pozdvihnite svoje hlavy, a zdvihnite sa, ve\u010dn\u00e9 vr\u00e1ta, aby mohol vojs\u0165 Kr\u00e1\u013e sl\u00e1vy!&nbsp; Kto\u017ee &#8230; <a title=\"Pr\u00ed\u010f, Pane Je\u017ei\u0161i (3) &#8211; do na\u0161ich zborov\" class=\"read-more\" href=\"https:\/\/www.e-anjelik.sk\/index.php\/2025\/12\/03\/prid-pane-jezisi3-do-nasich-zborov\/\" aria-label=\"Pre\u010d\u00edtajte si viac o Pr\u00ed\u010f, Pane Je\u017ei\u0161i (3) &#8211; do na\u0161ich zborov\">\u010c\u00edta\u0165 viac<\/a><\/p>\n","protected":false},"author":4,"featured_media":0,"comment_status":"open","ping_status":"open","sticky":false,"template":"","format":"standard","meta":{"footnotes":""},"categories":[179,1,121,6],"tags":[],"class_list":["post-38722","post","type-post","status-publish","format-standard","hentry","category-advent","category-adventna-modlitba","category-kazne","category-myjavsky-seniorat"],"_links":{"self":[{"href":"https:\/\/www.e-anjelik.sk\/index.php\/wp-json\/wp\/v2\/posts\/38722","targetHints":{"allow":["GET"]}}],"collection":[{"href":"https:\/\/www.e-anjelik.sk\/index.php\/wp-json\/wp\/v2\/posts"}],"about":[{"href":"https:\/\/www.e-anjelik.sk\/index.php\/wp-json\/wp\/v2\/types\/post"}],"author":[{"embeddable":true,"href":"https:\/\/www.e-anjelik.sk\/index.php\/wp-json\/wp\/v2\/users\/4"}],"replies":[{"embeddable":true,"href":"https:\/\/www.e-anjelik.sk\/index.php\/wp-json\/wp\/v2\/comments?post=38722"}],"version-history":[{"count":4,"href":"https:\/\/www.e-anjelik.sk\/index.php\/wp-json\/wp\/v2\/posts\/38722\/revisions"}],"predecessor-version":[{"id":38764,"href":"https:\/\/www.e-anjelik.sk\/index.php\/wp-json\/wp\/v2\/posts\/38722\/revisions\/38764"}],"wp:attachment":[{"href":"https:\/\/www.e-anjelik.sk\/index.php\/wp-json\/wp\/v2\/media?parent=38722"}],"wp:term":[{"taxonomy":"category","embeddable":true,"href":"https:\/\/www.e-anjelik.sk\/index.php\/wp-json\/wp\/v2\/categories?post=38722"},{"taxonomy":"post_tag","embeddable":true,"href":"https:\/\/www.e-anjelik.sk\/index.php\/wp-json\/wp\/v2\/tags?post=38722"}],"curies":[{"name":"wp","href":"https:\/\/api.w.org\/{rel}","templated":true}]}}