{"id":3875,"date":"2011-10-28T11:08:21","date_gmt":"2011-10-28T11:08:21","guid":{"rendered":"http:\/\/e-anjelik.sk\/?p=3875"},"modified":"2011-10-28T11:08:21","modified_gmt":"2011-10-28T11:08:21","slug":"atle-sommerfeldt-novy-biskup-v-dieceze-borgnorsko","status":"publish","type":"post","link":"https:\/\/www.e-anjelik.sk\/index.php\/2011\/10\/28\/atle-sommerfeldt-novy-biskup-v-dieceze-borgnorsko\/","title":{"rendered":"Atle Sommerfeldt -nov\u00fd biskup v diec\u00e9ze Borg,N\u00f3rsko"},"content":{"rendered":"<p>Minister pre cirkevn&eacute; z&aacute;le\u017eitosti v N&oacute;rsku dnes 28. okt. 2011 vymenoval za n&aacute;stupcu Helgy Haugland Befuglien v &uacute;rade biskupa diec&eacute;zy Borg 60-ro\u010dn&eacute;ho teol&oacute;ga Atle Sommerfeldta. Experti ho pova\u017euj&uacute; za dobr&eacute;ho a sk&uacute;sen&eacute;ho v medzin&aacute;rodn&yacute;ch z&aacute;le\u017eitostiach, v diakonii a soci&aacute;lnej pr&aacute;ci, ktor&yacute; prinesie know-how do biskupsk&eacute;ho kol&eacute;gia. N&iacute;m sa po\u010det biskupov v kol&eacute;giu dopln&iacute; na \u010d&iacute;slo 12. Sommerfeldt sa narodil 22. nov. 1951. Teologick&eacute; &scaron;t&uacute;dia ukon\u010dil r. 1980. Pracoval ako zborov&yacute; far&aacute;r v diec&eacute;ze Oslo, potom bol gen. tajomn&iacute;kom ER N&oacute;rskych cirkv&iacute; a z&aacute;stupcom gen. taj. Botswanskej kres\u0165anskej rady. Ostatn&yacute;ch 17 rokov zast&aacute;val funkciu gen. tajomn&iacute;ka Cirkevnej pomoci v n&uacute;dzi. Jeho vysviacka za biskupa sa bude kona\u0165 29. janu&aacute;ra 2012 v katedr&aacute;le vo Fredrikstade.<\/p>\n<p>(<a href=\"http:\/\/www.kirken.no\">www.kirken.no<\/a>)<\/p>\n","protected":false},"excerpt":{"rendered":"<p>Minister pre cirkevn&eacute; z&aacute;le\u017eitosti v N&oacute;rsku dnes 28. okt. 2011 vymenoval za n&aacute;stupcu Helgy Haugland Befuglien v &uacute;rade biskupa diec&eacute;zy Borg 60-ro\u010dn&eacute;ho teol&oacute;ga Atle Sommerfeldta. Experti ho pova\u017euj&uacute; za dobr&eacute;ho a sk&uacute;sen&eacute;ho v medzin&aacute;rodn&yacute;ch z&aacute;le\u017eitostiach, v diakonii a soci&aacute;lnej pr&aacute;ci, ktor&yacute; prinesie know-how do biskupsk&eacute;ho kol&eacute;gia. N&iacute;m sa po\u010det biskupov v kol&eacute;giu dopln&iacute; na \u010d&iacute;slo &#8230; <a title=\"Atle Sommerfeldt -nov\u00fd biskup v diec\u00e9ze Borg,N\u00f3rsko\" class=\"read-more\" href=\"https:\/\/www.e-anjelik.sk\/index.php\/2011\/10\/28\/atle-sommerfeldt-novy-biskup-v-dieceze-borgnorsko\/\" aria-label=\"Pre\u010d\u00edtajte si viac o Atle Sommerfeldt -nov\u00fd biskup v diec\u00e9ze Borg,N\u00f3rsko\">\u010c\u00edta\u0165 viac<\/a><\/p>\n","protected":false},"author":22,"featured_media":0,"comment_status":"open","ping_status":"open","sticky":false,"template":"","format":"standard","meta":{"footnotes":""},"categories":[42,10],"tags":[],"class_list":["post-3875","post","type-post","status-publish","format-standard","hentry","category-skandinavia","category-zo-sveta"],"_links":{"self":[{"href":"https:\/\/www.e-anjelik.sk\/index.php\/wp-json\/wp\/v2\/posts\/3875","targetHints":{"allow":["GET"]}}],"collection":[{"href":"https:\/\/www.e-anjelik.sk\/index.php\/wp-json\/wp\/v2\/posts"}],"about":[{"href":"https:\/\/www.e-anjelik.sk\/index.php\/wp-json\/wp\/v2\/types\/post"}],"author":[{"embeddable":true,"href":"https:\/\/www.e-anjelik.sk\/index.php\/wp-json\/wp\/v2\/users\/22"}],"replies":[{"embeddable":true,"href":"https:\/\/www.e-anjelik.sk\/index.php\/wp-json\/wp\/v2\/comments?post=3875"}],"version-history":[{"count":0,"href":"https:\/\/www.e-anjelik.sk\/index.php\/wp-json\/wp\/v2\/posts\/3875\/revisions"}],"wp:attachment":[{"href":"https:\/\/www.e-anjelik.sk\/index.php\/wp-json\/wp\/v2\/media?parent=3875"}],"wp:term":[{"taxonomy":"category","embeddable":true,"href":"https:\/\/www.e-anjelik.sk\/index.php\/wp-json\/wp\/v2\/categories?post=3875"},{"taxonomy":"post_tag","embeddable":true,"href":"https:\/\/www.e-anjelik.sk\/index.php\/wp-json\/wp\/v2\/tags?post=3875"}],"curies":[{"name":"wp","href":"https:\/\/api.w.org\/{rel}","templated":true}]}}