{"id":38754,"date":"2025-12-20T20:24:41","date_gmt":"2025-12-20T19:24:41","guid":{"rendered":"https:\/\/www.e-anjelik.sk\/?p=38754"},"modified":"2025-12-21T06:42:18","modified_gmt":"2025-12-21T05:42:18","slug":"prid-pane-jezisi-5-do-nasej-ecav","status":"publish","type":"post","link":"https:\/\/www.e-anjelik.sk\/index.php\/2025\/12\/20\/prid-pane-jezisi-5-do-nasej-ecav\/","title":{"rendered":"Pr\u00ed\u010f, Pane Je\u017ei\u0161i (5) &#8211; do na\u0161ej ECAV"},"content":{"rendered":"\n<p>&nbsp;&nbsp; &nbsp; &nbsp; &nbsp; &nbsp; &nbsp; &nbsp; &nbsp; &nbsp;<strong> &nbsp; &nbsp; Pr\u00ed\u010f, Pane Je\u017ei\u0161i (5) &#8211; do na\u0161ej ECAV&nbsp;<\/strong> &nbsp; &nbsp; &nbsp; &nbsp; &nbsp; &nbsp;<\/p>\n\n\n\n<p>\u00a0 \u00a0 \u00a0 \u00a0 \u00a0 \u00a0 \u00a0 \u00a0 \u00a0 \u00a0 \u00a0 \u00a0 \u00a0 (Adventn\u00e9 ror\u00e1ty &#8211; Maranatha!)<\/p>\n\n\n\n<p><strong>\u010c\u00edtan\u00fd text: Iz 9, 1 &#8211; 6: <\/strong><em>\u201e\u013dud, ktor\u00fd chod\u00ed vo tme, uzrie ve\u013ek\u00e9 svetlo; nad t\u00fdmi, ktor\u00ed b\u00fdvaj\u00fa <\/em><em>v temnej krajine, za\u017eiari svetlo.(2) Rozmno\u017eil si plesanie zve\u013eadil si rados\u0165, raduj\u00fa sa pred Tebou, ako sa raduj\u00fa v \u017eatve, ako plesaj\u00fa, ke\u010f rozde\u013euj\u00fa koris\u0165. (3) Lebo jarmo, ktor\u00e9 ho za\u0165a\u017euje i palicu na jeho chrbte a pr\u00fat jeho poh\u00e1\u0148a\u010da dol\u00e1me\u0161 ako v de\u0148 Midj\u00e1ncov. (4) Lebo ka\u017ed\u00e1 hrmotne dupotaj\u00faca obuv a v krvi pov\u00e1\u013ean\u00fd pl\u00e1\u0161\u0165 zhor\u00ed a bude potravou oh\u0148a. (5) Lebo die\u0165a sa n\u00e1m narodilo, syn n\u00e1m je dan\u00fd; na jeho pleciach spo\u010dinie knie\u017eatstvo, jeho meno bude:\u00a0Predivn\u00fd radca, Mocn\u00fd Boh,\u00a0Otec ve\u010dnosti, Knie\u017ea pokoja\u201c. Ve\u013ek\u00e1 bude jeho vl\u00e1da a nebude konca pokoju na tr\u00f3ne D\u00e1vidovom a v jeho kr\u00e1\u013eovstve, lebo ho upevn\u00ed pr\u00e1vom a spravodlivos\u0165ou odteraz a\u017e naveky. Horlivos\u0165 Hospodina mocnost\u00ed to urob\u00ed\u201c. Amen<\/em><\/p>\n\n\n\n<p><strong>K\u00e1z\u0148ov\u00fd text: Zj 3, 1\u00a0&#8211; 6:<\/strong><\/p>\n\n\n\n<p>\u00a0\u00a0<em>\u201eAnjelovi sardsk\u00e9ho cirkevn\u00e9ho zboru nap\u00ed\u0161: Toto hovor\u00ed Ten, ktor\u00fd m\u00e1 sedem Bo\u017e\u00edch duchov a sedem hviezd: zn\u00e1m tvoje skutky, m\u00e1\u0161 meno, \u017ee \u017eije\u0161, a si m\u0155tvy. (2) Prebu\u010f sa a posil\u0148uj ostatky, ktor\u00e9 za\u010dali odumiera\u0165, lebo tvoje skutky nena\u0161iel som dostato\u010dn\u00fdmi pred moj\u00edm Bohom! (3) Pripome\u0148 si, \u010do si prijal a po\u010dul, zachov\u00e1vaj to, i kajaj sa! Ak nebude\u0161 bdie\u0165, pr\u00eddem ako zlodej a ani nezvie\u0161, v ktor\u00fa hodinu pr\u00eddem na teba!<\/em> <em>(4) M\u00e1\u0161 v\u0161ak nieko\u013eko m\u00e1lo os\u00f4b v Sard\u00e1ch, ktor\u00e9 si nepo\u0161kvrnili r\u00facho; t\u00ed bud\u00fa chodi\u0165 so mnou v bielom r\u00fachu, lebo s\u00fa hodn\u00ed toho. (5) Kto zv\u00ed\u0165az\u00ed, takto bude oble\u010den\u00fd do bieleho r\u00facha a nevyma\u017eem jeho meno z knihy \u017eivota, ale vyzn\u00e1m jeho meno pred svoj\u00edm Otcom a pred Jeho anjelmi. (6) Kto m\u00e1 u\u0161i, nech po\u010duje, \u010do Duch hovor\u00ed cirkevn\u00fd zborom!\u201c Amen<\/em><\/p>\n\n\n\n<p><em>&nbsp;&nbsp; &nbsp; &nbsp; &nbsp; &nbsp; &nbsp; <\/em>Mil\u00e9 sestry a bratia v P\u00e1novi Je\u017ei\u0161ovi Kristovi!<\/p>\n\n\n\n<p>&nbsp;&nbsp; N\u00e1\u0161 poh\u013ead upierame op\u00e4\u0165 k Je\u017ei\u0161ovi Kristovi a pros\u00edme: \u201e<em>Maranatha!\u201c &#8211; Pr\u00ed\u010f, Pane Je\u017ei\u0161i!<\/em> Dnes mysl\u00edme predov\u0161etk\u00fdm na cel\u00fa na\u0161u Evanjelick\u00fa cirkev a.v. na Slovensku. Je d\u00f4le\u017eit\u00e9 modli\u0165 sa za na\u0161u cirkev? Ak\u00fd je v\u00e1\u0161 poh\u013ead na \u0148u a ako ju vn\u00edmate vy, bratia a sestry?<\/p>\n\n\n\n<p>\u00a0\u00a0 Iste by bolo zauj\u00edmav\u00e9 zis\u0165ova\u0165 a sk\u00fama\u0165, ako ju vid\u00ed okolit\u00fd svet. Ale najd\u00f4le\u017eitej\u0161ie je to, ako ju vid\u00ed a hodnot\u00ed jej P\u00e1n. Pova\u017euje ju za <em>\u201esvoj dom\u201c<\/em> a <em>\u201epr\u00edbytok\u201c,<\/em> za <em>\u201esvoju nevestu\u201c<\/em>, ktor\u00e1 je <em>\u201ebez po\u0161kvrny a vr\u00e1sky\u201c? <\/em>Za spolo\u010denstvo, ktor\u00e9 Ho ako svojho P\u00e1na a Hlavu pozn\u00e1 a v\u00edta? Ktor\u00e9 Ho \u00faprimne oslavuje a raduje sa v \u0147om?<\/p>\n\n\n\n<p>Pova\u017eujeme sa za Jeho telo a pova\u017eujeme Jeho sam\u00e9ho za v\u00ednny kme\u0148, z ktor\u00e9ho ako ratolesti \u017eijeme a prin\u00e1\u0161ame hojn\u00fa \u00farodu?&nbsp;<\/p>\n\n\n\n<p>\u00a0\u00a0 Na tieto a podobn\u00e9 ot\u00e1zky odpoved\u00e1 s\u00e1m P\u00e1n Je\u017ei\u0161, ktor\u00fd povedal: <em>\u201eKtoko\u013evek ma vyzn\u00e1 pred \u013eu\u010fmi, toho vyzn\u00e1m aj pred svoj\u00edm Otcom, ktor\u00fd je v nebesiach.<\/em>\u201c V z\u00e1vere dne\u0161n\u00e9ho textu znej\u00fa slov\u00e1 a zas\u013e\u00fabenia P\u00e1na Je\u017ei\u0161a:<em> <em>\u201e<\/em>Kto zv\u00ed\u0165az\u00ed, takto bude oble\u010den\u00fd do bieleho r\u00facha a nevyma\u017eem jeho meno z knihy \u017eivota, ale vyzn\u00e1m jeho meno pred svoj\u00edm Otcom a pred Jeho anjelmi.\u201c<\/em><\/p>\n\n\n\n<p>Tieto slov\u00e1 o v\u00ed\u0165azstve s N\u00edm nazna\u010duj\u00fa, \u017ee cirkev je v tomto \u010dasnom \u017eivote povolan\u00e1 k dobr\u00e9mu boju \u017eivota. To znamen\u00e1, \u017ee m\u00e1 by\u0165 cirkvou bojuj\u00facou a verne vyzn\u00e1vaj\u00facou Je\u017ei\u0161a Krista ako Spasite\u013ea. P\u00e1n Je\u017ei\u0161 chce, aby cirkev a v nej ka\u017ed\u00fd kres\u0165an aj napriek r\u00f4znym \u0165a\u017ekostiam v \u010dasnosti nasledoval svojho P\u00e1na. To je ten <em>\u201edobr\u00fd boj\u201c<\/em>, ku ktor\u00e9mu n\u00e1m On s\u00e1m d\u00e1va svoje duchovn\u00e9 dary, svoje povzbudenie a po\u017eehnanie. P\u00e1nov poh\u013ead, Jeho hodnotenie a Jeho slovo je pre n\u00e1s z\u00e1v\u00e4zn\u00e9 a rozhoduj\u00face.<\/p>\n\n\n\n<p>&nbsp; Bratia a sestry!<\/p>\n\n\n\n<p>&nbsp;&nbsp; Na\u0161a evanjelick\u00e1 cirkev nesie v svojom mene kr\u00e1sne pomenovanie. Hovor\u00edme o nej ako o evanjelickej cirkvi. T\u00fdm je nazna\u010den\u00e9, \u017ee chce vedome st\u00e1\u0165 a budova\u0165 svoju existenciu na evanjeliu P\u00e1na Je\u017ei\u0161a Krista, \u010di\u017ee na Bo\u017eom slove obsiahnutom v P\u00edsme sv\u00e4tom. Kr\u00e1sna je aj jej hist\u00f3ria. Ob\u010das sa oz\u00fdvaj\u00fa hlasy, \u017ee by sa mala vola\u0165 cirkvou luter\u00e1nskou, \u010do by v\u0161ak mohlo u niekoho vyvol\u00e1va\u0165 dojem, \u017ee stoj\u00ed na Lutherovi a nie na evanjeliu Je\u017ei\u0161a Krista. Meni\u0165 meno na\u0161ej cirkvi nie je potrebn\u00e9.&nbsp;<\/p>\n\n\n\n<p>&nbsp;&nbsp; &nbsp; V poslednom \u010dase sa v\u0161ak objavuj\u00fa v tla\u010di \u010dl\u00e1nky, \u017ee cirkev je v kr\u00edze. V\u0161eli\u010do sa jej vyt\u00fdka, niektor\u00ed ju aj ostentat\u00edvne op\u00fa\u0161\u0165aj\u00fa. Iste\u017ee sa v cirkvi prejavuj\u00fa aj ur\u010dit\u00e9 chyby, alebo preme\u0161kania. Reform\u00e1cia bola tie\u017e kritikou cirkvi a preto sa kritike nemus\u00ed a nem\u00e1 b\u00e1\u0165 a m\u00e1 h\u013eada\u0165 v\u017edy cestu k n\u00e1prave. Najm\u00e4 sa v\u0161ak cirkev m\u00e1 pozera\u0165 na seba vo svetle P\u00e1novho slova a jeho kritiky. On je ten, ktor\u00fd do cirkevn\u00e9ho zboru, a nielen jemu, ale aj celej cirkvi hovor\u00ed:&nbsp;<\/p>\n\n\n\n<p><em><em>\u201e<\/em>Anjelovi sardsk\u00e9ho cirkevn\u00e9ho zboru nap\u00ed\u0161: Toto hovor\u00ed Ten, ktor\u00fd<\/em> <em>m\u00e1 sedem Bo\u017e\u00edch duchov a sedem hviezd: zn\u00e1m tvoje skutky, m\u00e1\u0161 meno, \u017ee \u017eije\u0161, a si m\u0155tvy. Prebu\u010f sa a posil\u0148uj ostatky, ktor\u00e9 za\u010dali odumiera\u0165, lebo tvoje skutky nena\u0161iel som dostato\u010dn\u00fdmi pred moj\u00edm Bohom\u201c.<\/em><\/p>\n\n\n\n<p>\u00a0\u00a0 P\u00e1n celej cirkvi, v moci Ducha Sv\u00e4t\u00e9ho hovor\u00ed cirkevn\u00e9mu zboru Sard\u00e1ch: <em>\u201eM\u00e1\u0161 meno, \u017ee \u017eije\u0161, a si m\u0155tvy\u201c.<\/em> Zbor v Sard\u00e1ch vid\u00ed ako odumieraj\u00faci zbor. Ak bol zbor vo svojich po\u010diatkoch \u017eiv\u00fdm a kvitn\u00facim zborom, postupne v \u0148om u\u017e nebolo v\u0161etko v s\u00falade s P\u00e1novou v\u00f4\u013eou a jeho \u00fapadok a odumieranie pokra\u010duje. Nevieme presne ak\u00e9 konkr\u00e9tne hriechy a viny sp\u00f4sobili kr\u00edzu a \u00fapadok, ale z \u010fal\u0161\u00edch slov P\u00e1nov\u00fdch mo\u017eno vyc\u00edti\u0165 poukaz na mor\u00e1lny \u00fapadok a n\u00e1vrat k pohansk\u00e9mu \u0161t\u00fdlu \u017eivota. P\u00e1n ho preto napom\u00edna:<\/p>\n\n\n\n<p><em><em>\u201e<\/em>Pripome\u0148 si, \u010do si prijal a po\u010dul, a zachov\u00e1vaj to, i kajaj sa!\u00a0Ak nebude\u0161 bdie\u0165, pr\u00eddem ako zlodej a ani nezvie, v ktor\u00fa hodinu pr\u00eddem na teba\u201c.<\/em><\/p>\n\n\n\n<p><em>&nbsp;&nbsp;<\/em> Preto sa aj n\u00e1m prichod\u00ed p\u00fdta\u0165 sa, \u010di je v\u0161etko \u201ev hlave i \u00fadoch\u201c v na\u0161ej cirkvi v poriadku? Po\u010dujeme hlasy a inform\u00e1cie o odumieran\u00ed na\u0161ich zborov, ba celej cirkvi a preto slov\u00e1 o duchovnom bden\u00ed a pok\u00e1n\u00ed s\u00fa aktu\u00e1lne aj dnes v na\u0161ej cirkvi. \u0160tatistiky hovoria ne\u00faprosnou re\u010dou a na mnoh\u00fdch miestach s\u00fa z niekdaj\u0161\u00edch ve\u013ek\u00fdch zborov len zbytky a ostatky. Nielen v pozit\u00edvnom smere, ale \u017eia\u013e aj v negat\u00edvnom smere plat\u00ed: \u201e<em>M\u00e1lo kvasu nakvas\u00ed cel\u00e9 cesto\u2026\u201c.<\/em><\/p>\n\n\n\n<p><em>\u201eAnjel sardsk\u00e9ho zboru\u201c-<\/em> toti\u017e jeho duchovn\u00fd vodca bol pravdepodobne spokojn\u00fd s\u00e1m so sebou, i so stavom zboru, ale o\u010di P\u00e1nove ako l\u00fa\u010de r\u00f6ntgenu prenikaj\u00fa hlboko do organizmu cirkvi a odha\u013euj\u00fa jej skuto\u010dn\u00fd stav a ten bol pov\u00e1\u017eliv\u00fd.<\/p>\n\n\n\n<p>&nbsp;&nbsp; V\u0161ade, kde sa odhal\u00ed chorobn\u00fd stav organizmu je d\u00f4le\u017eit\u00e9 okam\u017eite za\u010da\u0165 s lie\u010dbou, s terapiou. <em>\u201ePrebu\u010f sa a posil\u0148uj ostatky\u2026pripome\u0148 si, \u010do si prijal a po\u010dul a zachov\u00e1vaj to a \u010di\u0148 pok\u00e1nie!\u201c <\/em>Zme\u0148 svoje myslenie a doteraj\u0161ie konanie. To je P\u00e1nov recept a odkaz pre cel\u00fa cirkev a tak aj pre na\u0161u cirkev, ktor\u00fa m\u00e1me radi a na ktorej n\u00e1m z\u00e1le\u017e\u00ed.<\/p>\n\n\n\n<p>\u00a0\u00a0 Preto ka\u017ed\u00fd, kto e\u0161te duchovne \u017eije a je evanjelikom nie iba pod\u013ea mena, ale duchovne \u017eiv\u00fdm a zdrav\u00fdm, m\u00e1 duchovne bdie\u0165 a\u00a0prosi\u0165 aj za v\u0161etk\u00fdch ostatn\u00fdch bratov a sestry, aby boli ich men\u00e1 zap\u00edsan\u00e9 nie iba v cirkevnej matrike a v kartot\u00e9kach cirkevn\u00fdch zborov, ale <em>\u201ev knihe \u017eivota\u201c. <\/em>P\u00e1n Je\u017ei\u0161 pri\u0161iel v prvom advente do toho sveta, prich\u00e1dza v slove a v sviatostiach st\u00e1le a upozor\u0148uje aj na svoj druh\u00fd, ne\u010dakan\u00fd pr\u00edchod k s\u00fadu. Prosme Ho o Jeho pomoc, o nov\u00e9 dary Ducha Sv\u00e4t\u00e9ho i o z\u00e1chranu svojej vinice a z\u00e1chranu n\u00e1\u0161ho evanjelick\u00e9ho Siona, celej na\u0161ej ECAV. Nech sa zmiluje nad nami a privedie n\u00e1s v bielom r\u00fachu pred tr\u00f3n svoje sl\u00e1vy, do \u017eivota ve\u010dn\u00e9ho. Amen<\/p>\n\n\n\n<p>&nbsp; &nbsp; &nbsp; &nbsp; &nbsp; &nbsp; Adventn\u00e9 ror\u00e1ty (5)&nbsp; &#8211; Maranatha!&nbsp; &#8211;&nbsp; \u013dubom\u00edr Batka st.<\/p>\n\n\n\n<figure class=\"wp-block-image size-large\"><img loading=\"lazy\" decoding=\"async\" width=\"1024\" height=\"768\" src=\"https:\/\/www.e-anjelik.sk\/wp-content\/uploads\/2025\/12\/470232133_3628368600796335_5595843087370025986_n-1-1024x768.jpg\" alt=\"\" class=\"wp-image-38756\" srcset=\"https:\/\/www.e-anjelik.sk\/wp-content\/uploads\/2025\/12\/470232133_3628368600796335_5595843087370025986_n-1-1024x768.jpg 1024w, https:\/\/www.e-anjelik.sk\/wp-content\/uploads\/2025\/12\/470232133_3628368600796335_5595843087370025986_n-1-300x225.jpg 300w, https:\/\/www.e-anjelik.sk\/wp-content\/uploads\/2025\/12\/470232133_3628368600796335_5595843087370025986_n-1-768x576.jpg 768w, https:\/\/www.e-anjelik.sk\/wp-content\/uploads\/2025\/12\/470232133_3628368600796335_5595843087370025986_n-1-1536x1152.jpg 1536w, https:\/\/www.e-anjelik.sk\/wp-content\/uploads\/2025\/12\/470232133_3628368600796335_5595843087370025986_n-1.jpg 2048w\" sizes=\"auto, (max-width: 1024px) 100vw, 1024px\" \/><\/figure>\n","protected":false},"excerpt":{"rendered":"<p>&nbsp;&nbsp; &nbsp; &nbsp; &nbsp; &nbsp; &nbsp; &nbsp; &nbsp; &nbsp; &nbsp; &nbsp; Pr\u00ed\u010f, Pane Je\u017ei\u0161i (5) &#8211; do na\u0161ej ECAV&nbsp; &nbsp; &nbsp; &nbsp; &nbsp; &nbsp; &nbsp; \u00a0 \u00a0 \u00a0 \u00a0 \u00a0 \u00a0 \u00a0 \u00a0 \u00a0 \u00a0 \u00a0 \u00a0 \u00a0 (Adventn\u00e9 ror\u00e1ty &#8211; Maranatha!) \u010c\u00edtan\u00fd text: Iz 9, 1 &#8211; 6: \u201e\u013dud, ktor\u00fd chod\u00ed vo tme, uzrie &#8230; <a title=\"Pr\u00ed\u010f, Pane Je\u017ei\u0161i (5) &#8211; do na\u0161ej ECAV\" class=\"read-more\" href=\"https:\/\/www.e-anjelik.sk\/index.php\/2025\/12\/20\/prid-pane-jezisi-5-do-nasej-ecav\/\" aria-label=\"Pre\u010d\u00edtajte si viac o Pr\u00ed\u010f, Pane Je\u017ei\u0161i (5) &#8211; do na\u0161ej ECAV\">\u010c\u00edta\u0165 viac<\/a><\/p>\n","protected":false},"author":4,"featured_media":0,"comment_status":"open","ping_status":"open","sticky":false,"template":"","format":"standard","meta":{"footnotes":""},"categories":[179,1,195,121,6],"tags":[],"class_list":["post-38754","post","type-post","status-publish","format-standard","hentry","category-advent","category-adventna-modlitba","category-evanjelicke-slovensko","category-kazne","category-myjavsky-seniorat"],"_links":{"self":[{"href":"https:\/\/www.e-anjelik.sk\/index.php\/wp-json\/wp\/v2\/posts\/38754","targetHints":{"allow":["GET"]}}],"collection":[{"href":"https:\/\/www.e-anjelik.sk\/index.php\/wp-json\/wp\/v2\/posts"}],"about":[{"href":"https:\/\/www.e-anjelik.sk\/index.php\/wp-json\/wp\/v2\/types\/post"}],"author":[{"embeddable":true,"href":"https:\/\/www.e-anjelik.sk\/index.php\/wp-json\/wp\/v2\/users\/4"}],"replies":[{"embeddable":true,"href":"https:\/\/www.e-anjelik.sk\/index.php\/wp-json\/wp\/v2\/comments?post=38754"}],"version-history":[{"count":4,"href":"https:\/\/www.e-anjelik.sk\/index.php\/wp-json\/wp\/v2\/posts\/38754\/revisions"}],"predecessor-version":[{"id":38760,"href":"https:\/\/www.e-anjelik.sk\/index.php\/wp-json\/wp\/v2\/posts\/38754\/revisions\/38760"}],"wp:attachment":[{"href":"https:\/\/www.e-anjelik.sk\/index.php\/wp-json\/wp\/v2\/media?parent=38754"}],"wp:term":[{"taxonomy":"category","embeddable":true,"href":"https:\/\/www.e-anjelik.sk\/index.php\/wp-json\/wp\/v2\/categories?post=38754"},{"taxonomy":"post_tag","embeddable":true,"href":"https:\/\/www.e-anjelik.sk\/index.php\/wp-json\/wp\/v2\/tags?post=38754"}],"curies":[{"name":"wp","href":"https:\/\/api.w.org\/{rel}","templated":true}]}}