{"id":3876,"date":"2011-10-28T11:37:47","date_gmt":"2011-10-28T11:37:47","guid":{"rendered":"http:\/\/e-anjelik.sk\/?p=3876"},"modified":"2011-10-28T11:37:47","modified_gmt":"2011-10-28T11:37:47","slug":"konfirmandi-z-celeho-nemecka-oslavia-pamiatku-reformacie-vo-wittenbergu","status":"publish","type":"post","link":"https:\/\/www.e-anjelik.sk\/index.php\/2011\/10\/28\/konfirmandi-z-celeho-nemecka-oslavia-pamiatku-reformacie-vo-wittenbergu\/","title":{"rendered":"Konfirmandi z cel\u00e9ho Nemecka oslavia Pamiatku reform\u00e1cie vo Wittenbergu"},"content":{"rendered":"<p>T&uacute;to nede\u013eu a pondelok&nbsp;sa vo Wittenbergu stretn&uacute; konfirmandi z cel&eacute;ho Nemecka &#8211; a to v po\u010dte 500, aby tam spolo\u010dne oslavovali sviatok &#8211; Pamiatku Reform&aacute;cie. Na programe mlad&yacute;ch s&uacute; bohoslu\u017eby, workshopy,pochod mestom, spolo\u010dn&yacute; spev Hrad prepevn&yacute; s dychovkou a ob\u010danmi na uliciach mesta, divadlo, hiphop, gospel, a.i. Ako hostia bud&uacute; pr&iacute;tomn&iacute;: &scaron;v&eacute;dska biskupka z Lundu Antje Jackel&eacute;n, gen. taj. SLZ Martin Junge, minister kult&uacute;ry Saska -Anhaltska S.Dorgerloh a zahrani\u010dn&yacute; biskup EKD M.Schindenhuette. Cel&eacute; toto podujatie organizuje EKD a in&eacute; organiz&aacute;cie, pri ktorom bude pom&aacute;ha\u0165 70 dobrovo\u013en&iacute;kov.<\/p>\n<p>(<a href=\"http:\/\/www.ekd.de\">www.ekd.de<\/a>)<\/p>\n","protected":false},"excerpt":{"rendered":"<p>T&uacute;to nede\u013eu a pondelok&nbsp;sa vo Wittenbergu stretn&uacute; konfirmandi z cel&eacute;ho Nemecka &#8211; a to v po\u010dte 500, aby tam spolo\u010dne oslavovali sviatok &#8211; Pamiatku Reform&aacute;cie. Na programe mlad&yacute;ch s&uacute; bohoslu\u017eby, workshopy,pochod mestom, spolo\u010dn&yacute; spev Hrad prepevn&yacute; s dychovkou a ob\u010danmi na uliciach mesta, divadlo, hiphop, gospel, a.i. Ako hostia bud&uacute; pr&iacute;tomn&iacute;: &scaron;v&eacute;dska biskupka z Lundu &#8230; <a title=\"Konfirmandi z cel\u00e9ho Nemecka oslavia Pamiatku reform\u00e1cie vo Wittenbergu\" class=\"read-more\" href=\"https:\/\/www.e-anjelik.sk\/index.php\/2011\/10\/28\/konfirmandi-z-celeho-nemecka-oslavia-pamiatku-reformacie-vo-wittenbergu\/\" aria-label=\"Pre\u010d\u00edtajte si viac o Konfirmandi z cel\u00e9ho Nemecka oslavia Pamiatku reform\u00e1cie vo Wittenbergu\">\u010c\u00edta\u0165 viac<\/a><\/p>\n","protected":false},"author":22,"featured_media":0,"comment_status":"open","ping_status":"open","sticky":false,"template":"","format":"standard","meta":{"footnotes":""},"categories":[26],"tags":[187],"class_list":["post-3876","post","type-post","status-publish","format-standard","hentry","category-pamiatka-reformacie","tag-mladez-3"],"_links":{"self":[{"href":"https:\/\/www.e-anjelik.sk\/index.php\/wp-json\/wp\/v2\/posts\/3876","targetHints":{"allow":["GET"]}}],"collection":[{"href":"https:\/\/www.e-anjelik.sk\/index.php\/wp-json\/wp\/v2\/posts"}],"about":[{"href":"https:\/\/www.e-anjelik.sk\/index.php\/wp-json\/wp\/v2\/types\/post"}],"author":[{"embeddable":true,"href":"https:\/\/www.e-anjelik.sk\/index.php\/wp-json\/wp\/v2\/users\/22"}],"replies":[{"embeddable":true,"href":"https:\/\/www.e-anjelik.sk\/index.php\/wp-json\/wp\/v2\/comments?post=3876"}],"version-history":[{"count":0,"href":"https:\/\/www.e-anjelik.sk\/index.php\/wp-json\/wp\/v2\/posts\/3876\/revisions"}],"wp:attachment":[{"href":"https:\/\/www.e-anjelik.sk\/index.php\/wp-json\/wp\/v2\/media?parent=3876"}],"wp:term":[{"taxonomy":"category","embeddable":true,"href":"https:\/\/www.e-anjelik.sk\/index.php\/wp-json\/wp\/v2\/categories?post=3876"},{"taxonomy":"post_tag","embeddable":true,"href":"https:\/\/www.e-anjelik.sk\/index.php\/wp-json\/wp\/v2\/tags?post=3876"}],"curies":[{"name":"wp","href":"https:\/\/api.w.org\/{rel}","templated":true}]}}