{"id":3878,"date":"2011-10-28T12:35:49","date_gmt":"2011-10-28T12:35:49","guid":{"rendered":"http:\/\/e-anjelik.sk\/?p=3878"},"modified":"2011-10-28T12:35:49","modified_gmt":"2011-10-28T12:35:49","slug":"reakcia-na-katastrofy-medzinarodna-luteranska-konferencia-v-usa","status":"publish","type":"post","link":"https:\/\/www.e-anjelik.sk\/index.php\/2011\/10\/28\/reakcia-na-katastrofy-medzinarodna-luteranska-konferencia-v-usa\/","title":{"rendered":"Reakcia na katastrofy &#8211; medzin\u00e1rodn\u00e1 luter\u00e1nska konferencia v USA"},"content":{"rendered":"<p>18.20. okt&oacute;bra 2011 sa v St.Louis ,USA konala medzin&aacute;rodn&aacute; konferencia luter&aacute;nov s t&eacute;mou :odpove\u010f na katastrofy.Z&uacute;\u010dastnilo sa jej vy&scaron;e 80 z&aacute;stupcov cirkv&iacute; z 15 kraj&iacute;n sveta ( \u010cile, USA, Japonsko, Haiti, Austr&aacute;lia, Nov&yacute; Z&eacute;land, Kenya, Lib&eacute;ria, Ju\u017en&aacute; Afrika, India, Ju\u017en&aacute; K&oacute;rea ,Mexiko, Dominik&aacute;nska republika, Hong &#8211; kong a Nemecko).&Uacute;\u010dastn&iacute;ci konzult&aacute;cie si vymie\u0148ali sk&uacute;senosti z pr&aacute;ce v oblastiach,postihnut&yacute;ch katastrofami a rozhodli sa, \u017ee zalo\u017eia medzin&aacute;rodn&uacute; luter&aacute;nsku organiz&aacute;ciu pre pomoc postihnut&yacute;m katastrofami. Konferenciu podporil a zorganizoval synodn&yacute; &uacute;rad pre zahrani\u010dn&uacute; misiu LC&nbsp;MS&nbsp;v USA.<\/p>\n<p>(lcms.org)<\/p>\n","protected":false},"excerpt":{"rendered":"<p>18.20. okt&oacute;bra 2011 sa v St.Louis ,USA konala medzin&aacute;rodn&aacute; konferencia luter&aacute;nov s t&eacute;mou :odpove\u010f na katastrofy.Z&uacute;\u010dastnilo sa jej vy&scaron;e 80 z&aacute;stupcov cirkv&iacute; z 15 kraj&iacute;n sveta ( \u010cile, USA, Japonsko, Haiti, Austr&aacute;lia, Nov&yacute; Z&eacute;land, Kenya, Lib&eacute;ria, Ju\u017en&aacute; Afrika, India, Ju\u017en&aacute; K&oacute;rea ,Mexiko, Dominik&aacute;nska republika, Hong &#8211; kong a Nemecko).&Uacute;\u010dastn&iacute;ci konzult&aacute;cie si vymie\u0148ali sk&uacute;senosti z pr&aacute;ce &#8230; <a title=\"Reakcia na katastrofy &#8211; medzin\u00e1rodn\u00e1 luter\u00e1nska konferencia v USA\" class=\"read-more\" href=\"https:\/\/www.e-anjelik.sk\/index.php\/2011\/10\/28\/reakcia-na-katastrofy-medzinarodna-luteranska-konferencia-v-usa\/\" aria-label=\"Pre\u010d\u00edtajte si viac o Reakcia na katastrofy &#8211; medzin\u00e1rodn\u00e1 luter\u00e1nska konferencia v USA\">\u010c\u00edta\u0165 viac<\/a><\/p>\n","protected":false},"author":22,"featured_media":0,"comment_status":"open","ping_status":"open","sticky":false,"template":"","format":"standard","meta":{"footnotes":""},"categories":[1],"tags":[221],"class_list":["post-3878","post","type-post","status-publish","format-standard","hentry","category-adventna-modlitba","tag-diakonia"],"_links":{"self":[{"href":"https:\/\/www.e-anjelik.sk\/index.php\/wp-json\/wp\/v2\/posts\/3878","targetHints":{"allow":["GET"]}}],"collection":[{"href":"https:\/\/www.e-anjelik.sk\/index.php\/wp-json\/wp\/v2\/posts"}],"about":[{"href":"https:\/\/www.e-anjelik.sk\/index.php\/wp-json\/wp\/v2\/types\/post"}],"author":[{"embeddable":true,"href":"https:\/\/www.e-anjelik.sk\/index.php\/wp-json\/wp\/v2\/users\/22"}],"replies":[{"embeddable":true,"href":"https:\/\/www.e-anjelik.sk\/index.php\/wp-json\/wp\/v2\/comments?post=3878"}],"version-history":[{"count":0,"href":"https:\/\/www.e-anjelik.sk\/index.php\/wp-json\/wp\/v2\/posts\/3878\/revisions"}],"wp:attachment":[{"href":"https:\/\/www.e-anjelik.sk\/index.php\/wp-json\/wp\/v2\/media?parent=3878"}],"wp:term":[{"taxonomy":"category","embeddable":true,"href":"https:\/\/www.e-anjelik.sk\/index.php\/wp-json\/wp\/v2\/categories?post=3878"},{"taxonomy":"post_tag","embeddable":true,"href":"https:\/\/www.e-anjelik.sk\/index.php\/wp-json\/wp\/v2\/tags?post=3878"}],"curies":[{"name":"wp","href":"https:\/\/api.w.org\/{rel}","templated":true}]}}