{"id":38791,"date":"2025-12-24T11:52:45","date_gmt":"2025-12-24T10:52:45","guid":{"rendered":"https:\/\/www.e-anjelik.sk\/?p=38791"},"modified":"2025-12-23T15:27:06","modified_gmt":"2025-12-23T14:27:06","slug":"slavit-a-neradovat-sa","status":"publish","type":"post","link":"https:\/\/www.e-anjelik.sk\/index.php\/2025\/12\/24\/slavit-a-neradovat-sa\/","title":{"rendered":"Sl\u00e1vi\u0165 a\u00a0neradova\u0165 sa?"},"content":{"rendered":"\n<p><em>\u201eZvestujem v\u00e1m ve\u013ek\u00fa rados\u0165&#8230;.<\/em><em>lebo narodil sa v\u00e1m &#8230;. Spasite\u013e, ktor\u00fd je Kristus P\u00e1n.\u201c <\/em>L 2, 10, 11<\/p>\n\n\n\n<p>Tento radostn\u00fd hlas sa po tieto dni oz\u00fdva takmer po celom svete. V\u0161ade, vo v\u0161etk\u00fdch k\u00fatoch sveta, kde b\u00fdvaj\u00fa \u013eudia sa n\u00e1jdu aj kres\u0165ania a&nbsp;t\u00edto hl\u00e1saj\u00fa vo viano\u010dn\u00fd \u010das Kristove narodenie. A&nbsp;nielen hl\u00e1saj\u00fa, ale sa aj te\u0161ia, raduj\u00fa sa tejto udalosti a&nbsp;na Vianoce pote\u0161uj\u00fa jeden druh\u00e9ho a&nbsp;chc\u00fa si sp\u00f4sobi\u0165 rados\u0165; rodi\u010dia de\u0165om, deti rodi\u010dom, man\u017eelia navz\u00e1jom, s\u00farodenci, priatelia a&nbsp;zn\u00e1mi. Lebo Vianoce s\u00fa \u010dasom radosti. Boh sp\u00f4sobil t\u00fa rados\u0165, ke\u010f n\u00e1m daroval svojho jednoroden\u00e9ho Syna na sp\u00e1su na\u0161ich du\u0161\u00ed, teda aj my konajme rados\u0165, darujme (nielen na Vianoce) hoci aj biednym, aby sme v&nbsp;nich zobudili pocit radosti. Nech sa hlasne oz\u00fdva mal\u00fdmi \u010di ve\u013ek\u00fdmi domami, kostolmi i ulicami ba aj cel\u00fdm svetom ten srdcia uchvacuj\u00faci hlas: \u201e\u010cas radosti, veselosti nastal po\u017eehnan\u00fd, ke\u010f Spasite\u013e, Vykupite\u013e narodil sa z&nbsp;Panny.\u201c (ESP 41, 1) Nech svetom znie a&nbsp;zatrasie na\u0161imi srdcami ten mil\u00fd viano\u010dn\u00fd hlas: <br>\u201eRadujte sa, srde\u010dne plesajte, plesajte,<br>narodenie P\u00e1na oslavujte,<br>vese\u013ete sa, vese\u013ete sa, vese\u013ete sa v P\u00e1nu,<br>ve\u010f va\u0161e spasenie v Kristu je zjaven\u00e9, Haleluja!\u201c (ESP 56, 1) Tento ver\u0161\u00edk n\u00e1m ukazuje aj na pr\u00ed\u010dinu viano\u010dnej radosti, ke\u010f hovor\u00ed: \u201eve\u010f va\u0161e spasenie v Kristu je zjaven\u00e9.\u201c To m\u00e1 by\u0165 skuto\u010dn\u00fd p\u00f4vod a&nbsp;z\u00e1klad, inak je m\u00e1rna aj v\u0161etka viano\u010dn\u00e1 rados\u0165 a&nbsp;nem\u00e1 \u017eiadny v\u00fdznam a&nbsp;osoh pre na\u0161e du\u0161e. \u010ci naozaj pozn\u00e1\u0161, c\u00edti\u0161 a&nbsp;ver\u00ed\u0161 tomuto p\u00f4vodu a&nbsp;z\u00e1kladu viano\u010dnej radosti? \u010ci sa tvoja rados\u0165 zaklad\u00e1 na piesku m\u00e1rnych pozemsk\u00fdch vec\u00ed, na ozdob\u00e1ch, na svetl\u00e1ch a&nbsp;dar\u010dekoch, na zvykoch, jedl\u00e1ch a&nbsp;n\u00e1pojoch a&nbsp;tomu podobn\u00fdch veciach a&nbsp;\u010di na skale spasenia \u2013 Je\u017ei\u0161ovi Kristovi \u2013 o&nbsp;ktorom po\u010duje\u0161 spieva\u0165 evanjelick\u00fd zbor i&nbsp;zbory n\u00e1bo\u017en\u00fdch du\u0161\u00ed: \u201eNarodil sa Kristus P\u00e1n, radujme sa!\u201c Mnoh\u00ed sa&nbsp;raduj\u00fa z&nbsp;m\u00e1rnost\u00ed a&nbsp;z&nbsp;kr\u00e1snych kvietkov svojej minulosti a&nbsp;svojho detstva, ktor\u00e9 sa pominuli, alebo n\u00e1hle pomin\u00fa, ktor\u00e9 zv\u00e4dli a&nbsp;opadli, alebo n\u00e1hle uv\u00e4dn\u00fa. Pozrime sa na die\u0165a ako sa raduje viano\u010dn\u00fdm svetielkam, ktor\u00e9 o&nbsp;chv\u00ed\u013eu zhasn\u00fa a&nbsp;ozdob\u00e1m, ktor\u00e9 sa rozbij\u00fa, rozpadn\u00fa, ostarn\u00fa a&nbsp;o\u0161patnej\u00fa! Pozrime na ml\u00e1dencov \u010di diev\u010dat\u00e1 ako sa te\u0161ia mil\u00fdm darom, ktor\u00e9 im miluj\u00face srdcia pripravili a&nbsp;pod strom\u010dek polo\u017eili! Pozrime na mu\u017ea a&nbsp;\u017eenu v&nbsp;sile a zdrav\u00ed svojho najlep\u0161ieho veku, i&nbsp;oni sa raduj\u00fa pozeraj\u00fac na svoje mil\u00e9 deti, t\u00e1 rados\u0165 rozo\u017e\u00edna ich srdcia pocitom uspokojenia a radosti! Pozri na starca i&nbsp;starenku, ako ich vek zoslabil a&nbsp;sk\u013e\u00fa\u010dil a&nbsp;u\u017e maj\u00fa len kr\u00e1tku cestu k&nbsp;hrobu, pozri aj oni sa raduj\u00fa kr\u00e1snemu Sv\u00e4\u0165ve\u010deru. Ale nie preto, \u017ee sa rozpom\u00ednaj\u00fa na svoj detsk\u00fd vek a&nbsp;jeho radosti! A&nbsp;\u010do povieme o&nbsp;t\u00fdch, ktor\u00ed sa te\u0161ia iba t\u00fdm jedl\u00e1m a&nbsp;n\u00e1pojom na Vianoce? Tak\u00fdchto a&nbsp;t\u00fdmto podobn\u00fdm viano\u010dn\u00fdch radost\u00ed m\u00e1me okolo seba po svete dostato\u010dne \u2013 ale s\u00fa to ozajstn\u00e9 viano\u010dn\u00e9 radosti? Radosti kres\u0165ansk\u00e9, evanjelick\u00e9? Nie, nie, neklamte sa \u013eudia! <em>To nie s\u00fa viano\u010dn\u00e9 radosti, to s\u00fa radosti na Vianoce!<\/em><\/p>\n\n\n\n<p>Pre t\u00fdch, ktor\u00ed poznaj\u00fa len tak\u00e9to telesn\u00e9 a&nbsp;vonkaj\u0161ie, svetsk\u00e9 a&nbsp;\u010dasn\u00e9 radosti, by mohla plati\u0165 rozpr\u00e1vka o&nbsp;diablovi zo star\u00fdch p\u00e1pe\u017esk\u00fdch \u010dias, ktor\u00fa v&nbsp;jednej svojej k\u00e1zni spomenul Dr. Luther: \u201eKe\u010f raz diabol pri\u0161iel na om\u0161u do kostola a&nbsp;spievali tam tie slov\u00e1: \u201eSyn Bo\u017e\u00ed sa stal \u010dlovekom!\u201c a&nbsp;\u013eudia st\u00e1li a&nbsp;nepok\u013eakli, tu diabol dal jedn\u00e9mu zaucho, vyhre\u0161il ho a&nbsp;hovoril: ,Ty grobian, \u010di sa nehanb\u00ed\u0161 st\u00e1\u0165 ako kus dreva a&nbsp;nesklon\u00ed\u0161 sa od radosti? Ve\u010f keby sa Syn Bo\u017e\u00ed stal na\u0161im bratom tak ako sa stal va\u0161\u00edm, nevedeli by sme \u010do robi\u0165, kam sa podie\u0165 od radosti.\u2018 Nemysl\u00edm, hovor\u00ed Luther, \u017eeby to bola pravda, lebo diabol je prevelik\u00fdm na\u0161im i&nbsp;Kristov\u00fdm nepriate\u013eom, ale to je pravda, \u017ee ten, kto toto vymyslel mal vysok\u00e9ho ducha a&nbsp;ch\u00e1pal t\u00fa ve\u013ek\u00fa \u00factu, ktor\u00e1 sa n\u00e1m dostala v&nbsp;tom, \u017ee Syn Bo\u017e\u00ed sa stal \u010dlovekom.\u201c Tak hovoril Luther, ale ke\u010f si to lep\u0161ie uvedom\u00edme, ako m\u00e1lo \u013eud\u00ed sa skuto\u010dne zo srdca te\u0161\u00ed vteleniu a&nbsp;narodeniu Syna Bo\u017eieho; \u00e1no, ako \u010dasto sme i&nbsp;my sami tak chladn\u00ed a&nbsp;nev\u0161\u00edmav\u00ed k&nbsp;tejto ve\u013ekej Bo\u017eej milosti a&nbsp;\u010di neuzn\u00e1me, \u017eeby sme veru aj my \u010dasto zasl\u00fa\u017eili tak\u00e9 diablove vyhre\u0161enie?!<\/p>\n\n\n\n<p>Nechajme teda plytkos\u0165 a po\u010fme do h\u013abky, do h\u013abky svojho svedomia i&nbsp;evanjelicko-kres\u0165ansk\u00e9ho povedomia! \u010co\u017ee m\u00e1 n\u00e1m sp\u00f4sobi\u0165 skuto\u010dn\u00fa viano\u010dn\u00fa rados\u0165? \u010ci nie t\u00e1 ve\u013ek\u00e1 Bo\u017eia milos\u0165, zjaven\u00e1 v&nbsp;naroden\u00ed sa Syna Bo\u017eieho? \u00c1no, Bo\u017eia milos\u0165 \u2013 to je jedin\u00fdm prame\u0148om \u010distej evanjelickej viano\u010dnej radosti! Nieto na svete \u010dloveka, ktor\u00fd by sa nezaradoval milosti! Raduje sa die\u0165a i&nbsp;dospel\u00fd, ke\u010f mu odpust\u00ed\u0161 zasl\u00fa\u017een\u00fd trest; raduje sa v\u00e4ze\u0148, ke\u010f ho p\u00fa\u0161\u0165a\u0161 na slobodu, ke\u010f mu rozvia\u017ee\u0161 jeho put\u00e1, otvor\u00ed\u0161 dvere \u017eal\u00e1ra; raduje sa zlo\u010dinec ods\u00faden\u00fd na muky a&nbsp;smr\u0165, ke\u010f mu zvestuj\u00fa: \u201edostal si milos\u0165! Nebude\u0161 trpie\u0165! Zostane\u0161 \u017eiv\u00fd!\u201c Raduje sa umieraj\u00faci, ke\u010f po\u010duje t\u00fa nepochybn\u00fa pravdu: Boh \u0165a z&nbsp;milosti prijme do lep\u0161ieho, ve\u010dn\u00e9ho \u017eivota! <\/p>\n\n\n\n<p>A\u00a0\u010di n\u00e1m tak\u00fato, iste neskonale v\u00e4\u010d\u0161iu nebesk\u00fa milos\u0165 neprin\u00e1\u0161a P\u00e1n Je\u017ei\u0161 Kristus svojim naroden\u00edm? \u010ci n\u00e1m v\u00a0nej ned\u00e1va prame\u0148 ozajstnej viano\u010dnej radosti? Sl\u00e1vi\u0165 a\u00a0neradova\u0165 sa, to nejde spolu. Ve\u010f ak\u00e1 by to bola oslava viano\u010dn\u00fdch sviatkov bez radosti? Bez radosti z\u00a0Bo\u017eieho milostiv\u00e9ho sklonenia sa k\u00a0hrie\u0161nym \u013eu\u010fom, lebo nie my prich\u00e1dzame k\u00a0Nemu, ale On prich\u00e1dza k\u00a0n\u00e1m. On pri\u0161iel k\u00a0n\u00e1m, preto my m\u00f4\u017eeme prich\u00e1dza\u0165 k\u00a0Nemu! To, \u017ee pri\u0161iel k\u00a0n\u00e1m do tmy s\u00a0po\u017eehnan\u00edm so svojim svetlom \u017eivota sme si ni\u010d\u00edm nezasl\u00fa\u017eili; je to \u010dist\u00e1 nezasl\u00fa\u017een\u00e1 l\u00e1ska Boha k\u00a0n\u00e1m, alebo Bo\u017eia milos\u0165! Vianoce bez Krista s\u00fa lacnou n\u00e1hradou nepre\u017eitej radosti v\u00a0srdci.<\/p>\n\n\n\n<p>Nech n\u00e1m Boh d\u00e1 svoj pokoj a prav\u00fa, hlbok\u00fa rados\u0165, ktor\u00e1 pramen\u00ed z vedomia, \u017ee n\u00e1s miluje, odp\u00fa\u0161\u0165a n\u00e1m, ude\u013euje sp\u00e1su a je bl\u00edzko. T\u00fato rados\u0165 n\u00e1m nikto a ni\u010d nem\u00f4\u017ee vzia\u0165!<\/p>\n\n\n\n<p>Pokoj V\u00e1m!!<\/p>\n\n\n\n<p><\/p>\n","protected":false},"excerpt":{"rendered":"<p>\u201eZvestujem v\u00e1m ve\u013ek\u00fa rados\u0165&#8230;.lebo narodil sa v\u00e1m &#8230;. Spasite\u013e, ktor\u00fd je Kristus P\u00e1n.\u201c L 2, 10, 11 Tento radostn\u00fd hlas sa po tieto dni oz\u00fdva takmer po celom svete. V\u0161ade, vo v\u0161etk\u00fdch k\u00fatoch sveta, kde b\u00fdvaj\u00fa \u013eudia sa n\u00e1jdu aj kres\u0165ania a&nbsp;t\u00edto hl\u00e1saj\u00fa vo viano\u010dn\u00fd \u010das Kristove narodenie. A&nbsp;nielen hl\u00e1saj\u00fa, ale sa aj te\u0161ia, raduj\u00fa &#8230; <a title=\"Sl\u00e1vi\u0165 a\u00a0neradova\u0165 sa?\" class=\"read-more\" href=\"https:\/\/www.e-anjelik.sk\/index.php\/2025\/12\/24\/slavit-a-neradovat-sa\/\" aria-label=\"Pre\u010d\u00edtajte si viac o Sl\u00e1vi\u0165 a\u00a0neradova\u0165 sa?\">\u010c\u00edta\u0165 viac<\/a><\/p>\n","protected":false},"author":3,"featured_media":0,"comment_status":"open","ping_status":"open","sticky":false,"template":"","format":"standard","meta":{"footnotes":""},"categories":[598,159],"tags":[],"class_list":["post-38791","post","type-post","status-publish","format-standard","hentry","category-vianocne-obdobie","category-vianoce"],"_links":{"self":[{"href":"https:\/\/www.e-anjelik.sk\/index.php\/wp-json\/wp\/v2\/posts\/38791","targetHints":{"allow":["GET"]}}],"collection":[{"href":"https:\/\/www.e-anjelik.sk\/index.php\/wp-json\/wp\/v2\/posts"}],"about":[{"href":"https:\/\/www.e-anjelik.sk\/index.php\/wp-json\/wp\/v2\/types\/post"}],"author":[{"embeddable":true,"href":"https:\/\/www.e-anjelik.sk\/index.php\/wp-json\/wp\/v2\/users\/3"}],"replies":[{"embeddable":true,"href":"https:\/\/www.e-anjelik.sk\/index.php\/wp-json\/wp\/v2\/comments?post=38791"}],"version-history":[{"count":2,"href":"https:\/\/www.e-anjelik.sk\/index.php\/wp-json\/wp\/v2\/posts\/38791\/revisions"}],"predecessor-version":[{"id":38799,"href":"https:\/\/www.e-anjelik.sk\/index.php\/wp-json\/wp\/v2\/posts\/38791\/revisions\/38799"}],"wp:attachment":[{"href":"https:\/\/www.e-anjelik.sk\/index.php\/wp-json\/wp\/v2\/media?parent=38791"}],"wp:term":[{"taxonomy":"category","embeddable":true,"href":"https:\/\/www.e-anjelik.sk\/index.php\/wp-json\/wp\/v2\/categories?post=38791"},{"taxonomy":"post_tag","embeddable":true,"href":"https:\/\/www.e-anjelik.sk\/index.php\/wp-json\/wp\/v2\/tags?post=38791"}],"curies":[{"name":"wp","href":"https:\/\/api.w.org\/{rel}","templated":true}]}}