{"id":38797,"date":"2025-12-24T12:06:11","date_gmt":"2025-12-24T11:06:11","guid":{"rendered":"https:\/\/www.e-anjelik.sk\/?p=38797"},"modified":"2025-12-23T12:07:58","modified_gmt":"2025-12-23T11:07:58","slug":"martin-sladkovic-nad-betlemom","status":"publish","type":"post","link":"https:\/\/www.e-anjelik.sk\/index.php\/2025\/12\/24\/martin-sladkovic-nad-betlemom\/","title":{"rendered":"Martin Sl\u00e1dkovi\u010d \u2013 Nad Betl\u00e9mom . . ."},"content":{"rendered":"\n<p>Nad Betl\u00e9mom hviezda svieti,<br>vy\u017eiadan\u00e1 hviezda sp\u00e1sy,<br>jasom svojim rados\u0165 nieti:<br>zaplesajte, zeme deti,<br>svitaj\u00fa u\u017e lep\u0161ie \u010dasy.<\/p>\n\n\n\n<p>V&nbsp;Die\u0165atku, \u010do v&nbsp;jasliach drieme,<br>nad N\u00edm\u017e snije \u0161\u0165astn\u00e1 matka,<br>sl\u00e1vne vzkvitla v&nbsp;Betleheme<br>utr\u00e1pen\u00fdch de\u0165om zeme<br>vyt\u00fa\u017een\u00e1 sp\u00e1sa sladk\u00e1.<\/p>\n\n\n\n<p>Svie\u0165, \u00f3 hviezdo! Tvojim kmitom<br>zacelej\u00fa na\u0161e rany,<br>ozdravieme cel\u00fdm bytom &#8211;<br>V\u00edtame \u0164a s&nbsp;plesu citom,<br>Die\u0165a vz\u00e1cne \u2013 Po\u017eehnan\u00fd . . . !<\/p>\n","protected":false},"excerpt":{"rendered":"<p>Nad Betl\u00e9mom hviezda svieti,vy\u017eiadan\u00e1 hviezda sp\u00e1sy,jasom svojim rados\u0165 nieti:zaplesajte, zeme deti,svitaj\u00fa u\u017e lep\u0161ie \u010dasy. V&nbsp;Die\u0165atku, \u010do v&nbsp;jasliach drieme,nad N\u00edm\u017e snije \u0161\u0165astn\u00e1 matka,sl\u00e1vne vzkvitla v&nbsp;Betlehemeutr\u00e1pen\u00fdch de\u0165om zemevyt\u00fa\u017een\u00e1 sp\u00e1sa sladk\u00e1. Svie\u0165, \u00f3 hviezdo! Tvojim kmitomzacelej\u00fa na\u0161e rany,ozdravieme cel\u00fdm bytom &#8211;V\u00edtame \u0164a s&nbsp;plesu citom,Die\u0165a vz\u00e1cne \u2013 Po\u017eehnan\u00fd . . . !<\/p>\n","protected":false},"author":3,"featured_media":0,"comment_status":"open","ping_status":"open","sticky":false,"template":"","format":"standard","meta":{"footnotes":""},"categories":[598,165,159],"tags":[],"class_list":["post-38797","post","type-post","status-publish","format-standard","hentry","category-vianocne-obdobie","category-poezia-2","category-vianoce"],"_links":{"self":[{"href":"https:\/\/www.e-anjelik.sk\/index.php\/wp-json\/wp\/v2\/posts\/38797","targetHints":{"allow":["GET"]}}],"collection":[{"href":"https:\/\/www.e-anjelik.sk\/index.php\/wp-json\/wp\/v2\/posts"}],"about":[{"href":"https:\/\/www.e-anjelik.sk\/index.php\/wp-json\/wp\/v2\/types\/post"}],"author":[{"embeddable":true,"href":"https:\/\/www.e-anjelik.sk\/index.php\/wp-json\/wp\/v2\/users\/3"}],"replies":[{"embeddable":true,"href":"https:\/\/www.e-anjelik.sk\/index.php\/wp-json\/wp\/v2\/comments?post=38797"}],"version-history":[{"count":1,"href":"https:\/\/www.e-anjelik.sk\/index.php\/wp-json\/wp\/v2\/posts\/38797\/revisions"}],"predecessor-version":[{"id":38798,"href":"https:\/\/www.e-anjelik.sk\/index.php\/wp-json\/wp\/v2\/posts\/38797\/revisions\/38798"}],"wp:attachment":[{"href":"https:\/\/www.e-anjelik.sk\/index.php\/wp-json\/wp\/v2\/media?parent=38797"}],"wp:term":[{"taxonomy":"category","embeddable":true,"href":"https:\/\/www.e-anjelik.sk\/index.php\/wp-json\/wp\/v2\/categories?post=38797"},{"taxonomy":"post_tag","embeddable":true,"href":"https:\/\/www.e-anjelik.sk\/index.php\/wp-json\/wp\/v2\/tags?post=38797"}],"curies":[{"name":"wp","href":"https:\/\/api.w.org\/{rel}","templated":true}]}}