{"id":3886,"date":"2011-11-01T08:41:11","date_gmt":"2011-11-01T08:41:11","guid":{"rendered":"http:\/\/e-anjelik.sk\/?p=3886"},"modified":"2011-11-01T08:41:11","modified_gmt":"2011-11-01T08:41:11","slug":"aka-sejba-taka-zatva","status":"publish","type":"post","link":"https:\/\/www.e-anjelik.sk\/index.php\/2011\/11\/01\/aka-sejba-taka-zatva\/","title":{"rendered":"Ak\u00e1 sejba, tak\u00e1 \u017eatva"},"content":{"rendered":"<p>&nbsp;<span class=\"Apple-style-span\" style=\"font-family: Helvetica; font-size: 16px; line-height: normal; \"><b>&nbsp; &nbsp; &nbsp; &nbsp; &nbsp; &nbsp; &nbsp; &nbsp; &nbsp; &nbsp; &nbsp; &nbsp; &nbsp; &nbsp; &nbsp; &nbsp; &nbsp; &nbsp; &nbsp; &nbsp; &nbsp; &nbsp; &nbsp; &nbsp; &nbsp; &nbsp; &nbsp; &nbsp; &nbsp; &nbsp; &nbsp; &nbsp; &nbsp; Ak&aacute; sejba, tak&aacute; \u017eatva<\/b><\/span><\/p>\n<p style=\"margin: 0.0px 0.0px 0.0px 0.0px; font: 16.0px Helvetica\"><span style=\"letter-spacing: 0.0px\"><b>Gal 5, 25 &#8211; 6,1-10:<\/b><\/span><\/p>\n<p style=\"margin: 0.0px 0.0px 0.0px 0.0px; font: 16.0px Helvetica\"><span style=\"letter-spacing: 0.0px\"><i>&rdquo;Ak Duchom \u017eijeme, aj obcujme pod\u013ea Ducha. (26) Nebu\u010fme \u017eiadostiv&iacute; m&aacute;rnej chv&aacute;ly, popudzuj&uacute;c sa a z&aacute;vidiac si navz&aacute;jom. (6,1) Bratia, ak by niekoho aj pristihli pri nejakom poklesku, vy, duchovn&iacute;, napravte ho v duchu tichosti, &#8211; a daj si pozor, aby si aj ty nepadol do poku&scaron;enia. (2) Jedni druh&yacute;ch bremen&aacute; zn&aacute;&scaron;ajte a tak&nbsp; napln&iacute;te z&aacute;kon Kristov. (3) Lebo ak si niekto mysl&iacute;, \u017ee je nie\u010do a nie je ni\u010d, s&aacute;m seba klame. (4) Nech ka\u017ed&yacute; sk&uacute;ma svoje dielo a bude ma\u0165 chv&aacute;lu s&aacute;m pred sebou, ale nie pred in&yacute;m. (5) Lebo ka\u017ed&yacute; svoju \u0165archu ponesie.(6) Komu sa dost&aacute;va vyu\u010dovania v slove, nech zo v&scaron;etk&eacute;ho \u010do m&aacute;, ude\u013euje tomu, kto ho vyu\u010duje. (7) Nem&yacute;\u013ete sa! Boh sa ned&aacute; vysmieva\u0165! \u010co \u010dlovek rozsieva, to bude aj \u017ea\u0165! (8) Preto\u017ee kto sk&uacute;po rozsieva svojmu telu, z tela bude \u017ea\u0165 skazu, kto rozsieva Duchu, z Ducha bude \u017ea\u0165 ve\u010dn&yacute; \u017eivot. (9) V \u010dinen&iacute; dobr&eacute;ho neochabujme, lebo ak neochabneme, \u010dasom svojim budeme \u017ea\u0165. (10) A tak teda, dokia\u013e m&aacute;me \u010das, \u010di\u0148me dobre v&scaron;etk&yacute;m, ale najm&auml; dom&aacute;cim viery&rdquo;. Amen<\/i>.<\/span><\/p>\n<p style=\"margin: 0.0px 0.0px 0.0px 0.0px; font: 16.0px Helvetica; min-height: 19.0px\"><span style=\"letter-spacing: 0.0px\">&nbsp;&nbsp;<\/span><\/p>\n<p style=\"margin: 0.0px 0.0px 0.0px 0.0px; font: 16.0px Helvetica\"><span style=\"letter-spacing: 0.0px\">&nbsp;&nbsp; &nbsp; &nbsp; Mil&iacute; bratia a sestry v P&aacute;novi Je\u017ei&scaron;ovi Kristovi!<\/span><\/p>\n<p style=\"margin: 0.0px 0.0px 0.0px 0.0px; font: 16.0px Helvetica; min-height: 19.0px\">&nbsp;<\/p>\n<p style=\"margin: 0.0px 0.0px 0.0px 0.0px; font: 16.0px Helvetica\"><span style=\"letter-spacing: 0.0px\">&nbsp;&nbsp; &nbsp; &nbsp; Spr&aacute;vne a prav&eacute; biblick&eacute; u\u010denie, zhrnul ap.Pavel v liste galatsk&yacute;m kres\u0165anom takto: <i>&ldquo; Kristus n&aacute;s oslobodil k slobode. &Uacute;plne ste odl&uacute;\u010den&iacute; od Krista, ktor&iacute;ko\u013evek chete by\u0165 ospravedlnen&iacute; zo z&aacute;kona &#8211; vypadli ste z milosti. -My pomocou Ducha z viery o\u010dak&aacute;vame n&aacute;dej spravodlivosti&rdquo;.<\/i><\/span><\/p>\n<p style=\"margin: 0.0px 0.0px 0.0px 0.0px; font: 16.0px Helvetica; min-height: 19.0px\"><span style=\"letter-spacing: 0.0px\">&nbsp;&nbsp; &nbsp; &nbsp;<\/span><\/p>\n<p style=\"margin: 0.0px 0.0px 0.0px 0.0px; font: 16.0px Helvetica\"><span style=\"letter-spacing: 0.0px\">&nbsp;&nbsp; Tam, kde je viera&nbsp; a jej vyznanie prav&eacute;, spr&aacute;vne a v evanjeliu zakotven&eacute;, tam je aj spr&aacute;vne u\u010denie o kres\u0165anskom \u017eivote. Apo&scaron;tol Pavel ho naz&yacute;va&nbsp; &ldquo;<i>obcovan&iacute;m<\/i>&rdquo;,&nbsp; teda \u017eivotom a konan&iacute;m vo viere, ktor&uacute; d&aacute;va Duch Sv&auml;t&yacute;. &ldquo;<i>Ak Duchom \u017eijeme, aj obcujme pod\u013ea Ducha&rdquo;.<\/i> Duchovn&yacute; \u017eivot nie je a nem&aacute; by\u0165 nijako odtrhnut&yacute; od ka\u017edodenn&eacute;ho konania. Nie je a neznamen&aacute; nejak&eacute; &ldquo;vzn&aacute;&scaron;anie sa v oblakoch&rdquo;.&nbsp; Nerealizuje sa iba v slov&aacute;ch, t&yacute;m menej iba v duchovn&yacute;ch cvi\u010deniach, alebo medit&aacute;ciach, v rozj&iacute;man&iacute; o \u017eivote bud&uacute;ceho veku, ale aj v konkr&eacute;tnych prejavoch pozemsk&eacute;ho \u017eivota.&nbsp;<\/span><\/p>\n<p style=\"margin: 0.0px 0.0px 0.0px 0.0px; font: 16.0px Helvetica\"><span style=\"letter-spacing: 0.0px\">V na&scaron;om osobnom i cirkevnom \u017eivote m&aacute; Duch Sv&auml;t&yacute; p&ocirc;sobi\u0165 tak, \u017ee n&aacute;s vedie, usmer\u0148uje, napravuje, napom&iacute;na a s&uacute;\u010dasne povzbudzuje. Chce p&ocirc;sobi\u0165 a p&ocirc;sob&iacute; v celom na&scaron;om myslen&iacute;, v citoch i prejavoch v&ocirc;le. U\u017e nie skutky star&eacute;ho Adama, skutky tela \u010di sveta ovl&aacute;daj&uacute; rozum a cit \u010doveka, ale pr&aacute;ve Duch Sv&auml;t&yacute;, ktor&eacute;ho milos\u0165 sme prijali v Krste sv&auml;tom a potom v\u017edy znova v po\u010dutom evanjeliu.<\/span><\/p>\n<p style=\"margin: 0.0px 0.0px 0.0px 0.0px; font: 16.0px Helvetica; min-height: 19.0px\"><span style=\"letter-spacing: 0.0px\">&nbsp;&nbsp; &nbsp; &nbsp;<\/span><\/p>\n<p style=\"margin: 0.0px 0.0px 0.0px 0.0px; font: 16.0px Helvetica\"><span style=\"letter-spacing: 0.0px\">V dne&scaron;n&uacute; nede\u013eu si preto podrobnej&scaron;ie v&scaron;imnime ve\u013emi <b>konkr&eacute;tne usmernenia Ducha Sv&auml;t&eacute;ho v na&scaron;om \u017eivotnom prejave<\/b>. Apo&scaron;tol ich spom&iacute;na v pre\u010d&iacute;tanom texte viacero. To v&scaron;ak neznamen&aacute;, \u017ee by neboli aj in&eacute; a \u010fal&scaron;ie, ako sa aj spom&iacute;naj&uacute; v celej NZ.<\/span><\/p>\n<p style=\"margin: 0.0px 0.0px 0.0px 0.0px; font: 16.0px Helvetica; min-height: 19.0px\">&nbsp;<\/p>\n<p style=\"margin: 0.0px 0.0px 0.0px 0.0px; font: 16.0px Helvetica\"><span style=\"letter-spacing: 0.0px\">&nbsp; &nbsp; 1. Mohli by sme poveda\u0165, mil&iacute; bratia a sestry, \u017ee tie prejavy Ducha, ktor&eacute; na tomto mieste spom&iacute;na apo&scaron;tol sa najviac t&yacute;kaj&uacute; t&yacute;ch kres\u0165anov, ktor&iacute; v cirkvi a s cirkvou Je\u017ei&scaron;a Krista pre&scaron;li u\u017e dlh&scaron;iu cestu, alebo boli v cirkvi akt&iacute;vnej&scaron;&iacute; ako napr. za\u010d&iacute;naj&uacute;ci kres\u0165ania. Pr&aacute;ve <b>tak&yacute;m<\/b> plat&iacute; v&yacute;zva a napomenutie,ako&nbsp; ho formuluje apo&scaron;tolsk&eacute; slovo: <i>&ldquo;Nebu\u010fte \u017eiadostiv&iacute; m&aacute;rnej chv&aacute;ly&#8230;&rdquo;<\/i><\/span><\/p>\n<p style=\"margin: 0.0px 0.0px 0.0px 0.0px; font: 16.0px Helvetica; min-height: 19.0px\"><span style=\"letter-spacing: 0.0px\">&nbsp; &nbsp; &nbsp; &nbsp;<\/span><\/p>\n<p style=\"margin: 0.0px 0.0px 0.0px 0.0px; font: 16.0px Helvetica\"><span style=\"letter-spacing: 0.0px\">Je to ve\u013ek&aacute; diablova les\u0165 a pasca pr&aacute;ve pre \u017eiv&yacute;ch a akt&iacute;vnych kres\u0165anov v cirkvi.Pre t&yacute;ch,&nbsp; ktor&iacute; vedia, \u017ee slu\u017eba&nbsp; spolo\u010denstvu cirkvi a to slu\u017eba v akejko\u013evek funkcii \u010di hodnosti, nie je spravidla ocenen&aacute;, \u010di spo\u0148 docenen&aacute; tak, ako je to be\u017en&eacute; v tzv. svetskej sf&eacute;re. Nielen finan\u010dne, alebo materi&aacute;lne, ale aj mor&aacute;lne, slovami, alebo vonkaj&scaron;&iacute;mi poctami. Vo svetk&yacute;ch povolaniach ak niekto nie je spokojn&yacute;, za\u010dne &scaron;trajkova\u0165, alebo d&aacute; jednoducho v&yacute;pove\u010f. Na to m&aacute; v podstate pr&aacute;vo a mor&aacute;lne h\u013eadisko nie je spravidla prvorad&eacute;.&nbsp; &nbsp;<\/span><\/p>\n<p style=\"margin: 0.0px 0.0px 0.0px 0.0px; font: 16.0px Helvetica; min-height: 19.0px\">&nbsp;<\/p>\n<p style=\"margin: 0.0px 0.0px 0.0px 0.0px; font: 16.0px Helvetica\"><span style=\"letter-spacing: 0.0px\">&nbsp; &nbsp; &nbsp; Inak je to v spolo\u010denstve cirkvi. Dozorcovia, far&aacute;ri, presbyteri, kur&aacute;tori, zvy\u010dajne ne&scaron;trajkuj&uacute;, ale sl&uacute;\u017eia, ako najlep&scaron;ie&nbsp; vedia a m&ocirc;\u017eu. Zrazu sa v&scaron;ak stane a st&aacute;va sa to \u010dasto, \u017ee po rokoch pr&iacute;de ne\u010dakane pocit nedocenenosti. &ldquo;Nev\u010fak svetom vl&aacute;dne&rdquo; &#8211; hovor&iacute; pr&iacute;slovie a mnoh&iacute; to sk&uacute;sia pr&aacute;ve v cirkevnom zbore, vo funkci&aacute;ch a v slu\u017ebe. V na&scaron;ej cirkvi nem&aacute;me ani vyznamenania, ani medaily, , ani v&yacute;sluhov&eacute; d&ocirc;chodky. Vlastne sa aj zop&aacute;r ocenen&iacute; zaviedlo, ale s&uacute; ur\u010den&eacute; naozaj len pre nieko\u013eko &#8211; ako Hurban hovorieval- &ldquo;v&yacute;te\u010dn&iacute;kov&rdquo;. Tak sa stane, \u017ee dlh&scaron;ie sl&uacute;\u017eiaci o\u010dak&aacute;va aspo\u0148 nejak&uacute; pochvalu, slovn&eacute; oceneneie a vyv&yacute;&scaron;enie, ale takej chv&aacute;ly b&yacute;va poskromne. Nie \u017ee by sa ob\u010das nestalo to, \u017ee sa obav&iacute; z&aacute;pisni\u010dn&eacute; uznanie, kon&scaron;tatovanie, zvolenie do do\u017eivotnej \u010destnej funkcie, alebo udelenie titulu: &ldquo;emerit&yacute;&rdquo; atp.&nbsp; Skuto\u010dnos\u0165ou je, \u017ee &ldquo;<i>zbo\u017en&iacute; \u013eudia odch&aacute;dzaj&uacute;&rdquo; <\/i>a t&iacute;, \u010do dobre poznali a v&aacute;\u017eili si vykonan&uacute; slu\u017ebu svojich spolup&uacute;tnikov sa pomin&uacute;, od&iacute;du na ve\u010dnos\u0165. In&iacute; \u013eahko zab&uacute;daj&uacute; a nastupuj&uacute;ca gener&aacute;cia u\u017e o mnohom, \u010do bolo vykonan&eacute;&nbsp; nevie. Pr&iacute;padne to nevid&iacute; ako d&ocirc;le\u017eit&eacute;, alebo \u0165a\u017ek&eacute;, alebo ako obe\u0165 \u010dasu, pe\u0148az&iacute; a v&yacute;sledok obetavej pr&aacute;ce a slu\u017eby. Tak sa st&aacute;va ve\u013emi \u010dasto, \u017ee t&iacute;, \u010do odch&aacute;dzaj&uacute; z funkci&iacute;&iacute; zostan&uacute; namrzen&iacute;, sklaman&iacute;, podr&aacute;\u017eden&iacute; atp. Hovoria o tom, \u017ee im &ldquo;nikto ne\u010fakuje&rdquo; a oni predsa zadarmo dlh&eacute; roky sl&uacute;\u017eili in&yacute;m. Vid&iacute;me dokonca okolo seba \u013eud&iacute; frustrovan&yacute;ch po t&uacute; mieru, \u017ee zanevieraj&uacute; na cirkev a neraz aj na vieru, ktor&aacute; jedin&aacute; ospravedl\u0148uje. A to je u\u017e v&aacute;\u017ena vec.&nbsp;<\/span><\/p>\n<p style=\"margin: 0.0px 0.0px 0.0px 0.0px; font: 16.0px Helvetica; min-height: 19.0px\"><span style=\"letter-spacing: 0.0px\">&nbsp; &nbsp; &nbsp;<\/span><\/p>\n<p style=\"margin: 0.0px 0.0px 0.0px 0.0px; font: 16.0px Helvetica\"><span style=\"letter-spacing: 0.0px\">Tak sa stane, \u017ee diabol dosahuje svoj cie\u013e vtedy, ke\u010f za&uacute;to\u010d&iacute; na t&uacute;to cti\u017eiados\u0165, t&uacute;\u017ebu po pochvale a ocenen&iacute;. Svoje &ldquo;zranen&eacute; ego&rdquo; \u010dasto pren&aacute;&scaron;a tak&yacute;to \u010dlovek aj na svoje deti a vn&uacute;\u010dat&aacute;.<\/span><\/p>\n<p style=\"margin: 0.0px 0.0px 0.0px 0.0px; font: 16.0px Helvetica\"><span style=\"letter-spacing: 0.0px\">Neraz si mus&iacute;me povzdychn&uacute;\u0165: ach tie &uacute;boh&eacute; deti presbyterov, slu\u017eobn&iacute;kov cirkvi, a\u017e po deti far&aacute;rov a biskupov! Kde ste sa podeli?! \u010casto s&uacute; a\u017e na samom okraji cirkvi, ba i za n&iacute;m. Niektor&iacute; to aj povedia nahlas: &ldquo;V&scaron;ak m&ocirc;j otec, matka, dedo, starenka,sa dos\u0165 napracoval a nebol docenen&yacute;&rdquo;&#8230;<\/span><\/p>\n<p style=\"margin: 0.0px 0.0px 0.0px 0.0px; font: 16.0px Helvetica; min-height: 19.0px\"><span style=\"letter-spacing: 0.0px\">&nbsp;&nbsp; &nbsp;<\/span><\/p>\n<p style=\"margin: 0.0px 0.0px 0.0px 0.0px; font: 16.0px Helvetica\"><span style=\"letter-spacing: 0.0px\">Za t&yacute;mito postojmi vid&iacute;me postoj onoho brata m&aacute;rnotratn&eacute;ho syna z podobenstva Je\u017ei&scaron;ovho. Alebo postoj pracovn&iacute;kov na vinici, \u010do pracovali od r&aacute;na a dostali po den&aacute;ri ako aj ostatn&iacute;. P&aacute;novi vinice vy\u010d&iacute;taj&uacute;: <i>&ldquo;My sme zn&aacute;&scaron;ali \u0165archu d\u0148a a p&aacute;\u013eu slnka a t&yacute;ch, \u010do pracovali iba hodinku si rovn&yacute;mi u\u010dinil s nami &rdquo;<\/i>. \u013dahko a r&yacute;chlo zab&uacute;dame na to, \u017ee<b> P&aacute;n Je\u017ei&scaron; Kristus vie o ka\u017edom a on s&aacute;m d&aacute;va svojim vern&yacute;m odmenu nekone\u010dnej ceny!<\/b><\/span><\/p>\n<p style=\"margin: 0.0px 0.0px 0.0px 0.0px; font: 16.0px Helvetica; min-height: 19.0px\">&nbsp;<\/p>\n<p style=\"margin: 0.0px 0.0px 0.0px 0.0px; font: 16.0px Helvetica\"><span style=\"letter-spacing: 0.0px\">&nbsp;&nbsp; Ap.Pavel preto hovor&iacute;: <i>Ak Duchom \u017eijeme-nebu\u010fme \u017eiadostiv&iacute; m&aacute;rnej chv&aacute;ly, popudzuj&uacute;c sa a z&aacute;vidiac si navz&aacute;jom&rdquo;<\/i>. Ak sa to stane, znamen&aacute; to, \u017ee nie Duch Sv&auml;t&yacute;, ale iba ten n&aacute;&scaron;, a niekedy dokonca zl&yacute; m&aacute; prive\u013e&yacute; priestor v na&scaron;om \u017eivote.<\/span><\/p>\n<p style=\"margin: 0.0px 0.0px 0.0px 0.0px; font: 16.0px Helvetica; min-height: 19.0px\">&nbsp;<\/p>\n<p style=\"margin: 0.0px 0.0px 0.0px 0.0px; font: 16.0px Helvetica; min-height: 19.0px\">&nbsp;<\/p>\n<ol style=\"list-style-type: decimal\">\n<li style=\"margin: 0.0px 0.0px 0.0px 0.0px; font: 16.0px Helvetica\"><span style=\"letter-spacing: 0.0px\">Bratia a sestry!&nbsp;<\/span><\/li>\n<\/ol>\n<p style=\"margin: 0.0px 0.0px 0.0px 0.0px; font: 16.0px Helvetica\"><span style=\"letter-spacing: 0.0px\">In&yacute; v&aacute;\u017eny probl&eacute;m v cirkevnom spolo\u010dentve je, \u017ee zab&uacute;dame na to, \u017ee sme s&iacute;ce ospravedlnen&iacute;, ale s&uacute;\u010dasne v\u017edy hrie&scaron;ni! Preto by sme sa nemali zbyto\u010dne pohor&scaron;ova\u0165, ak jasne vid&iacute;me aj nedostatky a poklesky \u010dlenov cirkvi.&nbsp;<\/span><\/p>\n<p style=\"margin: 0.0px 0.0px 0.0px 0.0px; font: 16.0px Helvetica\"><span style=\"letter-spacing: 0.0px\">&nbsp; &nbsp; &nbsp; &nbsp; Ak odhliadneme od toho, \u017ee v cirkvi Kristovej , tak ako na poli, je medzi p&scaron;enicou v\u017edy aj k&uacute;kol, a v sieti cirkvi medzi dobr&yacute;mi rybami bud&uacute; v\u017edy aj zl&eacute;, a medzi ospravedlnen&yacute;mi a sv&auml;t&yacute;mi s&uacute; aj&nbsp; Jud&aacute;&scaron;i, je tu aj in&aacute; vec. &nbsp;<\/span><\/p>\n<p style=\"margin: 0.0px 0.0px 0.0px 0.0px; font: 16.0px Helvetica\"><span style=\"letter-spacing: 0.0px\">Ani zbo\u017en&yacute; nie je mravne dokonal&yacute; a bez hriechu a preto potrebuje pomoc. V cirkvi m&ocirc;\u017ee a m&aacute; by aj otvoren&aacute; kritika, najm&auml; t&yacute;ch, ktor&iacute;&nbsp; s&uacute; poveren&iacute; slu\u017ebou, a aj priamo do &uacute;radu uveden&iacute;.<\/span><\/p>\n<p style=\"margin: 0.0px 0.0px 0.0px 0.0px; font: 16.0px Helvetica\"><span style=\"letter-spacing: 0.0px\">&nbsp;&nbsp; &nbsp; S&uacute;\u010dasne v&scaron;ak plat&iacute;, aby sa to dialo v duchu tichosti, v pokore, bez povy&scaron;ovania sa. Ako na inom mietse hovor&iacute; apo&scaron;tol: &rdquo;Kto stoj&iacute;&scaron;, daj pozor, aby si aj ty nepadol&rdquo;. Cirkev P&aacute;nova teda mus&iacute; aj napom&iacute;na\u0165, aj kritizova\u0165 a prorocky hovori\u0165: toto &aacute;no, ale toto nie, lebo je to hriech. Cirkevn&aacute; discipl&iacute;na a poriadok je s&uacute;\u010das\u0165ou slu\u017eby a spolu\u017eitia kres\u0165anov, tak ako to m&aacute; by\u0165 aj v ka\u017edej rodine. Ve\u010f &ldquo;<i>kde by bol syn, ktor&eacute;ho by otec nevychov&aacute;val&rdquo;?<\/i><\/span><\/p>\n<p style=\"margin: 0.0px 0.0px 0.0px 0.0px; font: 16.0px Helvetica\"><span style=\"letter-spacing: 0.0px\">Preto v\u017edy plat&iacute; pravidlo ap.Pavla: &ldquo;V&scaron;etko nech sa deje slu&scaron;ne a v poriadku&rdquo;.&nbsp; A ten, kto je \u017eiv&yacute;m &uacute;dom cirkvi, vie a m&aacute; prija\u0165 aj usmernenie a n&aacute;pravu.<\/span><\/p>\n<p style=\"margin: 0.0px 0.0px 0.0px 0.0px; font: 16.0px Helvetica; min-height: 19.0px\">&nbsp;<\/p>\n<ol style=\"list-style-type: decimal\">\n<li style=\"margin: 0.0px 0.0px 0.0px 0.0px; font: 16.0px Helvetica\"><span style=\"letter-spacing: 0.0px\">Bratia a sestry!&nbsp;<\/span><\/li>\n<\/ol>\n<p style=\"margin: 0.0px 0.0px 0.0px 0.0px; font: 16.0px Helvetica\"><span style=\"letter-spacing: 0.0px\">&nbsp;Tretia skupina napomenut&iacute; a usmernen&iacute; pre praktick&yacute; \u017eivot kres\u0165anov je pre n&aacute;s osobitne aktu&aacute;lna. T&yacute;ka sa na&scaron;ich pe\u0148a\u017eeniek.<\/span><\/p>\n<p style=\"margin: 0.0px 0.0px 0.0px 0.0px; font: 16.0px Helvetica\"><span style=\"letter-spacing: 0.0px\">Vieme, \u017ee vo svete, akon&aacute;hle sa za\u010dne hovori\u0165 o peniazoch, situ&aacute;cia za\u010dne by\u0165 okam\u017eite dramatick&aacute; a v&yacute;bu&scaron;n&aacute;. Peniaze s&uacute; tu \u010dasto&nbsp; <b>bo\u017estvom \u010d&iacute;slo 1<\/b>. (N.1) Mamona pevne tr&oacute;ni na svojom zlatom stolci a diabol &ldquo;bo\u017estvo zlat&eacute;ho tela\u013ea &ldquo;vie dokonale vyu\u017ei\u0165.<\/span><\/p>\n<p style=\"margin: 0.0px 0.0px 0.0px 0.0px; font: 16.0px Helvetica; min-height: 19.0px\">&nbsp;<\/p>\n<p style=\"margin: 0.0px 0.0px 0.0px 0.0px; font: 16.0px Helvetica\"><span style=\"letter-spacing: 0.0px\">Ke\u010f sa teraz v cirkevnom zbore vyber&aacute; cirkevn&yacute; pr&iacute;spevok, tzv. cirkevn&aacute; da\u0148, stretneme sa s r&ocirc;znymi reakciami. Nechceme ich dnes spom&iacute;na\u0165, ani komentova\u0165, ale po\u010dujme aj tu nieko\u013eko napomenut&iacute; a usmernen&iacute; pre t&yacute;ch, ktor&iacute; s&uacute; Duchom Sv&auml;t&yacute;m povolan&iacute; a N&iacute;m \u017eij&uacute;.<\/span><\/p>\n<p style=\"margin: 0.0px 0.0px 0.0px 0.0px; font: 16.0px Helvetica\"><span style=\"letter-spacing: 0.0px\">&nbsp; &nbsp; Predov&scaron;etk&yacute;m je to skuto\u010dnos\u0165 vz&aacute;jomnej spolupatri\u010dnosti. Vedomie zodpovednosti za \u017eivot spolo\u010denstava, ka\u017edej rodiny i jednotlivca. &rdquo;<i>Jedni druh&yacute;ch bremen&aacute; zn&aacute;&scaron;ajte a tak napln&iacute;te z&aacute;kon Kristov&rdquo;.&nbsp;<\/i> L&aacute;ska teda ide nielen&rdquo; cez \u017eal&uacute;dok&rdquo;, ale aj cez pe\u0148a\u017eenku. Je to jasne a zrozumite\u013ene vysloven&eacute; v P&iacute;sme.<\/span><\/p>\n<p style=\"margin: 0.0px 0.0px 0.0px 0.0px; font: 16.0px Helvetica; min-height: 19.0px\"><span style=\"letter-spacing: 0.0px\">&nbsp;<\/span><\/p>\n<p style=\"margin: 0.0px 0.0px 0.0px 0.0px; font: 16.0px Helvetica\"><span style=\"letter-spacing: 0.0px\">V tomto zmysle teda pam&auml;tajme, \u017ee spolo\u010dn&yacute; povinn&yacute; pr&iacute;spevok je&nbsp; ur\u010dovan&yacute; tak, aby nikoho neza\u0165a\u017eil a neohrozil a aby aspo\u0148 v n&aacute;znaku pom&aacute;hal. Aby pom&aacute;hal vlastn&eacute;mu spolo\u010denstvu a potom aj in&yacute;m. Aby cez ustanovize\u0148 <b>Gener&aacute;lnej podporovne<\/b>, <b>senior&aacute;tu<\/b> a <b>Diakonie<\/b> pom&aacute;hal a u\u013eavoval slab&scaron;&iacute;m.<\/span><\/p>\n<p style=\"margin: 0.0px 0.0px 0.0px 0.0px; font: 16.0px Helvetica; min-height: 19.0px\"><span style=\"letter-spacing: 0.0px\">&nbsp;<\/span><\/p>\n<p style=\"margin: 0.0px 0.0px 0.0px 0.0px; font: 16.0px Helvetica\"><span style=\"letter-spacing: 0.0px\">Druh&aacute; vec je v s&uacute;\u010dasnosti na Slovensku ve\u013emi citliv&aacute; a z \u010dasu na \u010das b&uacute;rliv&aacute;, ako zv&iacute;ren&aacute; voda v rybn&iacute;ku Siloe&#8230;<\/span><\/p>\n<p style=\"margin: 0.0px 0.0px 0.0px 0.0px; font: 16.0px Helvetica\"><span style=\"letter-spacing: 0.0px\">&nbsp;&nbsp; &nbsp; Formulujeme ju ako tzv. <b>odluku<\/b> cirkvi od &scaron;t&aacute;tu, presnej&scaron;ie &scaron;t&aacute;tneho rozpo\u010dtu a samofinancovanie cirkvi v hmotn&yacute;ch veciach. Pokia\u013e ide o existenciu zborov, tak odluka bola u\u017e minulosti a deje sa aj dnes. Tu sa jedn&aacute; najm&auml; o platy far&aacute;rov a in&yacute;ch cirkevn&yacute;ch slu\u017eobn&iacute;kov. Nechcem t&uacute;to &scaron;irok&uacute; problematiku otv&aacute;ra\u0165 v dne&scaron;nej zvesti. Iba upozor\u0148ujem na ap.slovo:<i> &ldquo;Komu sa dost&aacute;va vyu\u010dovania v slove, nech zo v&scaron;etk&eacute;ho, \u010do m&aacute; ude\u013euje tomu, kto ho vyu\u010duje&rdquo;.<\/i>&nbsp; &nbsp; Toto slovo je jasn&eacute; a zrozumite\u013en&eacute; a op&auml;\u0165 in&scaron;pirovan&eacute; Duchom Sv&auml;t&yacute;m. Nemo\u017eno ho ob&iacute;s\u0165, prepo\u010du\u0165, alebo zaml\u010da\u0165. Je inou vecou, ako budeme ako kres\u0165ania a s&uacute;\u010dasne da\u0148ov&iacute; poplatn&iacute;ci &scaron;t&aacute;tu, trva\u0165 na m&uacute;drom a spravodlivom rozdelen&iacute; &scaron;t&aacute;tneho rozpo\u010dtu!&nbsp;<\/span><\/p>\n<p style=\"margin: 0.0px 0.0px 0.0px 0.0px; font: 16.0px Helvetica\"><span style=\"letter-spacing: 0.0px\">&nbsp; &nbsp; My v&scaron;ak vieme, \u017ee ak sme prijali mnoho na duchovn&yacute;ch daroch, a to najm&auml; dar \u017eivota ve\u010dn&eacute;ho, nie je takou ve\u013ekou vecou, ak&nbsp;<\/span><\/p>\n<p style=\"margin: 0.0px 0.0px 0.0px 0.0px; font: 16.0px Helvetica\"><span style=\"letter-spacing: 0.0px\"><i>&ldquo; v \u010dinen&iacute; dobr&eacute;ho neochabujeme&rdquo;<\/i>. S&uacute;\u010dasne ako kres\u0165anie m&aacute;me povinnos\u0165 dba\u0165, aby sa s hmotn&yacute;mi darmi v cirkvi i spolo\u010dnosti naozaj m&uacute;dro &scaron;af&aacute;rilo.<\/span><\/p>\n<p style=\"margin: 0.0px 0.0px 0.0px 0.0px; font: 16.0px Helvetica; min-height: 19.0px\"><span style=\"letter-spacing: 0.0px\">&nbsp; &nbsp; &nbsp; &nbsp;<\/span><\/p>\n<p style=\"margin: 0.0px 0.0px 0.0px 0.0px; font: 16.0px Helvetica\"><span style=\"letter-spacing: 0.0px\">&nbsp;&nbsp; &nbsp; Posledn&aacute; &uacute;prava pre cirkev i ka\u017ed&eacute;ho kres\u0165ana je op&auml;\u0165 ve\u013emi praktick&aacute;: &ldquo;<i>\u010ci\u0148te dobre v&scaron;etk&yacute;m, ale najm&auml; dom&aacute;cim viery<\/i>&rdquo;.&nbsp;<\/span><\/p>\n<p style=\"margin: 0.0px 0.0px 0.0px 0.0px; font: 16.0px Helvetica\"><span style=\"letter-spacing: 0.0px\">Nekla\u010fme si ciele, ktor&eacute; nevieme splni\u0165. Nevyrie&scaron;ime v&scaron;etky veci, kde panuje nel&aacute;ska a nespravodlivos\u0165 tohoto sveta<i>.&rdquo;\u010ci\u0148me dobre v&scaron;etk&yacute;m, ale najm&auml; dom&aacute;cim&rdquo;!<\/i> &#8211; to je v&yacute;zva nanajv&yacute;&scaron; praktick&aacute;.&nbsp; Ak sa tak bude dia\u0165 v man\u017eelstv&aacute;ch a kres\u0165ansk&yacute;ch rodin&aacute;ch, nebude to m&aacute;lo, ani ni\u010dotn&eacute;, ale v&yacute;znamn&yacute; pr&iacute;spevok ku v&scaron;eobecn&eacute;mu blahu a pokoju.<\/span><\/p>\n<p style=\"margin: 0.0px 0.0px 0.0px 0.0px; font: 16.0px Helvetica; min-height: 19.0px\"><span style=\"letter-spacing: 0.0px\">&nbsp;&nbsp; &nbsp;<\/span><\/p>\n<p style=\"margin: 0.0px 0.0px 0.0px 0.0px; font: 16.0px Helvetica\"><span style=\"letter-spacing: 0.0px\">&nbsp;&nbsp; &nbsp; Ide o to, aby na&scaron;a l&aacute;ska bola v\u017edy konkr&eacute;tna, adresn&aacute;, a preto aj &uacute;\u010dinn&aacute;. Ak Duchom \u017eijeme skrze po\u010d&uacute;vanie evanjelia, aj \u017eime a obcujme pod\u013ea Ducha. Apo&scaron;tol Pavol n&aacute;m i dnes hovor&iacute;, \u010do to znamen&aacute;. Ak si uvedom&iacute;me ve\u013ekos\u0165 Bo\u017eieho daru ve\u010dn&eacute;ho \u017eivota, tak na&scaron;e po\u010d&iacute;nanie bude zbaven&eacute; pocitu z&aacute;slu\u017en&iacute;ctva, ale bude v\u010fa\u010dnou a vernou odpove\u010fou P&aacute;nu Bohu, i svedectvom viery pre in&yacute;ch. Amen.<\/span><\/p>\n<p style=\"margin: 0.0px 0.0px 0.0px 0.0px; font: 12.0px Helvetica\"><span style=\"font: 16.0px Helvetica; letter-spacing: 0.0px\">&nbsp; &nbsp; &nbsp; &nbsp; &nbsp; &nbsp; &nbsp; &nbsp; &nbsp; &nbsp; &nbsp; &nbsp; &nbsp; &nbsp; &nbsp; &nbsp; &nbsp; &nbsp; &nbsp; &nbsp; &nbsp; &nbsp; &nbsp; &nbsp;<\/span><span style=\"letter-spacing: 0.0px\"> 15.N. po Sv. Tr. &#8211; Soboti&scaron;te 2.10.2011- \u013d.Batka st.<\/span><\/p>\n<div><span style=\"letter-spacing: 0.0px\"><br \/>\n<\/span><\/div>\n","protected":false},"excerpt":{"rendered":"<p>&nbsp;&nbsp; &nbsp; &nbsp; &nbsp; &nbsp; &nbsp; &nbsp; &nbsp; &nbsp; &nbsp; &nbsp; &nbsp; &nbsp; &nbsp; &nbsp; &nbsp; &nbsp; &nbsp; &nbsp; &nbsp; &nbsp; &nbsp; &nbsp; &nbsp; &nbsp; &nbsp; &nbsp; &nbsp; &nbsp; &nbsp; &nbsp; &nbsp; &nbsp; Ak&aacute; sejba, tak&aacute; \u017eatva Gal 5, 25 &#8211; 6,1-10: &rdquo;Ak Duchom \u017eijeme, aj obcujme pod\u013ea Ducha. (26) Nebu\u010fme \u017eiadostiv&iacute; m&aacute;rnej chv&aacute;ly, popudzuj&uacute;c &#8230; <a title=\"Ak\u00e1 sejba, tak\u00e1 \u017eatva\" class=\"read-more\" href=\"https:\/\/www.e-anjelik.sk\/index.php\/2011\/11\/01\/aka-sejba-taka-zatva\/\" aria-label=\"Pre\u010d\u00edtajte si viac o Ak\u00e1 sejba, tak\u00e1 \u017eatva\">\u010c\u00edta\u0165 viac<\/a><\/p>\n","protected":false},"author":4,"featured_media":0,"comment_status":"open","ping_status":"open","sticky":false,"template":"","format":"standard","meta":{"footnotes":""},"categories":[119,121,95],"tags":[],"class_list":["post-3886","post","type-post","status-publish","format-standard","hentry","category-obdobie-po-sv-trojici","category-kazne","category-sobotiste"],"_links":{"self":[{"href":"https:\/\/www.e-anjelik.sk\/index.php\/wp-json\/wp\/v2\/posts\/3886","targetHints":{"allow":["GET"]}}],"collection":[{"href":"https:\/\/www.e-anjelik.sk\/index.php\/wp-json\/wp\/v2\/posts"}],"about":[{"href":"https:\/\/www.e-anjelik.sk\/index.php\/wp-json\/wp\/v2\/types\/post"}],"author":[{"embeddable":true,"href":"https:\/\/www.e-anjelik.sk\/index.php\/wp-json\/wp\/v2\/users\/4"}],"replies":[{"embeddable":true,"href":"https:\/\/www.e-anjelik.sk\/index.php\/wp-json\/wp\/v2\/comments?post=3886"}],"version-history":[{"count":0,"href":"https:\/\/www.e-anjelik.sk\/index.php\/wp-json\/wp\/v2\/posts\/3886\/revisions"}],"wp:attachment":[{"href":"https:\/\/www.e-anjelik.sk\/index.php\/wp-json\/wp\/v2\/media?parent=3886"}],"wp:term":[{"taxonomy":"category","embeddable":true,"href":"https:\/\/www.e-anjelik.sk\/index.php\/wp-json\/wp\/v2\/categories?post=3886"},{"taxonomy":"post_tag","embeddable":true,"href":"https:\/\/www.e-anjelik.sk\/index.php\/wp-json\/wp\/v2\/tags?post=3886"}],"curies":[{"name":"wp","href":"https:\/\/api.w.org\/{rel}","templated":true}]}}