{"id":3887,"date":"2011-11-01T09:17:51","date_gmt":"2011-11-01T09:17:51","guid":{"rendered":"http:\/\/e-anjelik.sk\/?p=3887"},"modified":"2011-11-01T09:17:51","modified_gmt":"2011-11-01T09:17:51","slug":"udelili-cenu-mladeznickeho-kazatela","status":"publish","type":"post","link":"https:\/\/www.e-anjelik.sk\/index.php\/2011\/11\/01\/udelili-cenu-mladeznickeho-kazatela\/","title":{"rendered":"Udelili cenu ml\u00e1de\u017en\u00edck\u00e9ho kazate\u013ea"},"content":{"rendered":"<p>20-ro\u010dn&yacute; &scaron;tudent Tim Dornblueth z Halle (Sasko-Anhaltsko, Ev. krajinsk&aacute; cirkev Stredn&eacute;ho Nemecka), z&iacute;skal cenu za najlep&scaron;iu k&aacute;ze\u0148 mlad&yacute;ch. T&uacute;to cenu udelili po prv&yacute; raz. Vyp&iacute;salo ju Centrum pre kult&uacute;ru k&aacute;zn&iacute; EKD. K&aacute;ze\u0148 bola vypracovan&aacute; na text tohoro\u010dn&eacute;ho hesla:&quot;Nedajte sa prekona\u0165 zl&yacute;m, ale prekon&aacute;vajte zlo dobr&yacute;m.&quot;Rim 12,21. O cenu dotovan&uacute; 500 &euro; sa uch&aacute;dzalo spolu 36 mlad&yacute;ch \u013eud&iacute; z cel&eacute;ho Nemecka, do u\u017e&scaron;ieho kola post&uacute;pili 10 a porota pod veden&iacute;m biskupa Ralfa Meistera z Hannoveru prv&eacute; miesto udelila Timovi. Cie\u013eom tejto ceny je zv&yacute;&scaron;i\u0165 z&aacute;ujem o Bo\u017eie slovo a jeho &scaron;&iacute;renie medzi mlad&yacute;mi jazykov&yacute;mi prostriedkami a sp&ocirc;sobom ml&aacute;de\u017ei bl&iacute;zkym a zrozumite\u013en&yacute;m.Tim dostal pr&iacute;le\u017eitos\u0165 svoju k&aacute;ze\u0148&acute;prednies\u0165 na no\u010dn&yacute;ch bohoslu\u017eb&aacute;ch v&nbsp; Mestskom chr&aacute;me vo Wittenbergu 31. okt. t.r. pred 500 konfirmandmi.<\/p>\n<p>(<a href=\"http:\/\/www.ekd.de\">www.ekd.de<\/a>)<\/p>\n","protected":false},"excerpt":{"rendered":"<p>20-ro\u010dn&yacute; &scaron;tudent Tim Dornblueth z Halle (Sasko-Anhaltsko, Ev. krajinsk&aacute; cirkev Stredn&eacute;ho Nemecka), z&iacute;skal cenu za najlep&scaron;iu k&aacute;ze\u0148 mlad&yacute;ch. T&uacute;to cenu udelili po prv&yacute; raz. Vyp&iacute;salo ju Centrum pre kult&uacute;ru k&aacute;zn&iacute; EKD. K&aacute;ze\u0148 bola vypracovan&aacute; na text tohoro\u010dn&eacute;ho hesla:&quot;Nedajte sa prekona\u0165 zl&yacute;m, ale prekon&aacute;vajte zlo dobr&yacute;m.&quot;Rim 12,21. O cenu dotovan&uacute; 500 &euro; sa uch&aacute;dzalo spolu 36 &#8230; <a title=\"Udelili cenu ml\u00e1de\u017en\u00edck\u00e9ho kazate\u013ea\" class=\"read-more\" href=\"https:\/\/www.e-anjelik.sk\/index.php\/2011\/11\/01\/udelili-cenu-mladeznickeho-kazatela\/\" aria-label=\"Pre\u010d\u00edtajte si viac o Udelili cenu ml\u00e1de\u017en\u00edck\u00e9ho kazate\u013ea\">\u010c\u00edta\u0165 viac<\/a><\/p>\n","protected":false},"author":22,"featured_media":0,"comment_status":"open","ping_status":"open","sticky":false,"template":"","format":"standard","meta":{"footnotes":""},"categories":[9,10],"tags":[],"class_list":["post-3887","post","type-post","status-publish","format-standard","hentry","category-europa","category-zo-sveta"],"_links":{"self":[{"href":"https:\/\/www.e-anjelik.sk\/index.php\/wp-json\/wp\/v2\/posts\/3887","targetHints":{"allow":["GET"]}}],"collection":[{"href":"https:\/\/www.e-anjelik.sk\/index.php\/wp-json\/wp\/v2\/posts"}],"about":[{"href":"https:\/\/www.e-anjelik.sk\/index.php\/wp-json\/wp\/v2\/types\/post"}],"author":[{"embeddable":true,"href":"https:\/\/www.e-anjelik.sk\/index.php\/wp-json\/wp\/v2\/users\/22"}],"replies":[{"embeddable":true,"href":"https:\/\/www.e-anjelik.sk\/index.php\/wp-json\/wp\/v2\/comments?post=3887"}],"version-history":[{"count":0,"href":"https:\/\/www.e-anjelik.sk\/index.php\/wp-json\/wp\/v2\/posts\/3887\/revisions"}],"wp:attachment":[{"href":"https:\/\/www.e-anjelik.sk\/index.php\/wp-json\/wp\/v2\/media?parent=3887"}],"wp:term":[{"taxonomy":"category","embeddable":true,"href":"https:\/\/www.e-anjelik.sk\/index.php\/wp-json\/wp\/v2\/categories?post=3887"},{"taxonomy":"post_tag","embeddable":true,"href":"https:\/\/www.e-anjelik.sk\/index.php\/wp-json\/wp\/v2\/tags?post=3887"}],"curies":[{"name":"wp","href":"https:\/\/api.w.org\/{rel}","templated":true}]}}