{"id":3888,"date":"2011-11-01T09:45:43","date_gmt":"2011-11-01T09:45:43","guid":{"rendered":"http:\/\/e-anjelik.sk\/?p=3888"},"modified":"2011-11-01T09:45:43","modified_gmt":"2011-11-01T09:45:43","slug":"osobne-vyznanie-o-viere-politicky-z-nemecka","status":"publish","type":"post","link":"https:\/\/www.e-anjelik.sk\/index.php\/2011\/11\/01\/osobne-vyznanie-o-viere-politicky-z-nemecka\/","title":{"rendered":"Osobn\u00e9 vyznanie o viere politi\u010dky z Nemecka"},"content":{"rendered":"<p>V pondelkovom vydan&iacute; nov&iacute;n Bild ku D\u0148u Reform&aacute;cie p&iacute;&scaron;e ministerka soci&aacute;lnych vec&iacute;&nbsp; a pr&aacute;ce&nbsp; Meklenburska a Predn&eacute;ho Pomoranska Manuela Schwesig. Kres\u0165ansk&aacute; viera je pre \u0148u hnacou silou v spolo\u010denskom anga\u017eovan&iacute;. &quot;By\u0165 kres\u0165ankou pre m\u0148a znamen&aacute;&nbsp; vedome poveda\u0165 &Aacute;no \u017eivotu. Nenech&aacute;va\u0165 v&scaron;etko kona\u0165 a zn&aacute;&scaron;a\u0165, ale prebra\u0165 zodpovednos\u0165, pre m\u0148a samu, moju rodinu a pre spolo\u010dnos\u0165. &quot; 37-ro\u010dn&aacute; soci&aacute;lna demokratka sa vlani dala pokrsti\u0165 spolu s man\u017eelom a trojro\u010dn&yacute;m syn\u010dekom ako evanjelick&aacute; kres\u0165anka.&nbsp;V \u010dase NDR nemala nijak&yacute; vz\u0165ah s cirkvou, bola neveriaca. V kruhu svojich priate\u013eov v rozhovoroch na&scaron;la cestu k viere. Ve\u013ek&yacute;m vzorom pre \u0148u je pr&aacute;ve M.Luther, ktor&yacute; to nemal v \u017eivote \u013eahk&eacute;.<\/p>\n<p>(<a href=\"http:\/\/www.kirche-mv.de\">www.kirche-mv.de<\/a>)<\/p>\n","protected":false},"excerpt":{"rendered":"<p>V pondelkovom vydan&iacute; nov&iacute;n Bild ku D\u0148u Reform&aacute;cie p&iacute;&scaron;e ministerka soci&aacute;lnych vec&iacute;&nbsp; a pr&aacute;ce&nbsp; Meklenburska a Predn&eacute;ho Pomoranska Manuela Schwesig. Kres\u0165ansk&aacute; viera je pre \u0148u hnacou silou v spolo\u010denskom anga\u017eovan&iacute;. &quot;By\u0165 kres\u0165ankou pre m\u0148a znamen&aacute;&nbsp; vedome poveda\u0165 &Aacute;no \u017eivotu. Nenech&aacute;va\u0165 v&scaron;etko kona\u0165 a zn&aacute;&scaron;a\u0165, ale prebra\u0165 zodpovednos\u0165, pre m\u0148a samu, moju rodinu a pre spolo\u010dnos\u0165. &#8230; <a title=\"Osobn\u00e9 vyznanie o viere politi\u010dky z Nemecka\" class=\"read-more\" href=\"https:\/\/www.e-anjelik.sk\/index.php\/2011\/11\/01\/osobne-vyznanie-o-viere-politicky-z-nemecka\/\" aria-label=\"Pre\u010d\u00edtajte si viac o Osobn\u00e9 vyznanie o viere politi\u010dky z Nemecka\">\u010c\u00edta\u0165 viac<\/a><\/p>\n","protected":false},"author":22,"featured_media":0,"comment_status":"open","ping_status":"open","sticky":false,"template":"","format":"standard","meta":{"footnotes":""},"categories":[1],"tags":[215],"class_list":["post-3888","post","type-post","status-publish","format-standard","hentry","category-adventna-modlitba","tag-svedectva"],"_links":{"self":[{"href":"https:\/\/www.e-anjelik.sk\/index.php\/wp-json\/wp\/v2\/posts\/3888","targetHints":{"allow":["GET"]}}],"collection":[{"href":"https:\/\/www.e-anjelik.sk\/index.php\/wp-json\/wp\/v2\/posts"}],"about":[{"href":"https:\/\/www.e-anjelik.sk\/index.php\/wp-json\/wp\/v2\/types\/post"}],"author":[{"embeddable":true,"href":"https:\/\/www.e-anjelik.sk\/index.php\/wp-json\/wp\/v2\/users\/22"}],"replies":[{"embeddable":true,"href":"https:\/\/www.e-anjelik.sk\/index.php\/wp-json\/wp\/v2\/comments?post=3888"}],"version-history":[{"count":0,"href":"https:\/\/www.e-anjelik.sk\/index.php\/wp-json\/wp\/v2\/posts\/3888\/revisions"}],"wp:attachment":[{"href":"https:\/\/www.e-anjelik.sk\/index.php\/wp-json\/wp\/v2\/media?parent=3888"}],"wp:term":[{"taxonomy":"category","embeddable":true,"href":"https:\/\/www.e-anjelik.sk\/index.php\/wp-json\/wp\/v2\/categories?post=3888"},{"taxonomy":"post_tag","embeddable":true,"href":"https:\/\/www.e-anjelik.sk\/index.php\/wp-json\/wp\/v2\/tags?post=3888"}],"curies":[{"name":"wp","href":"https:\/\/api.w.org\/{rel}","templated":true}]}}