{"id":3890,"date":"2011-11-01T16:08:39","date_gmt":"2011-11-01T16:08:39","guid":{"rendered":"http:\/\/e-anjelik.sk\/?p=3890"},"modified":"2011-11-01T16:08:39","modified_gmt":"2011-11-01T16:08:39","slug":"cas-chryzantem","status":"publish","type":"post","link":"https:\/\/www.e-anjelik.sk\/index.php\/2011\/11\/01\/cas-chryzantem\/","title":{"rendered":"\u010cas chryzant\u00e9m"},"content":{"rendered":"<p>&nbsp;<span class=\"Apple-style-span\" style=\"font-family: Helvetica; font-size: 16px; line-height: normal; \"><b>&nbsp; &nbsp; &nbsp; &nbsp; &nbsp; &nbsp; &nbsp; &nbsp; &nbsp; &nbsp; &nbsp; &nbsp; &nbsp; &nbsp; &nbsp; &nbsp; &nbsp; &nbsp; &nbsp; &nbsp; &nbsp; &nbsp; &nbsp; &nbsp; &nbsp; &nbsp; &nbsp; &nbsp; &nbsp; &nbsp; &nbsp; &nbsp; &nbsp; \u010cas chryzant&eacute;m<\/b><\/span><\/p>\n<p style=\"margin: 0.0px 0.0px 0.0px 0.0px; font: 16.0px Helvetica\"><span style=\"letter-spacing: 0.0px\"><b>Mt 11, 28-29:<\/b><\/span><\/p>\n<p style=\"margin: 0.0px 0.0px 0.0px 0.0px; font: 16.0px Helvetica\"><span style=\"letter-spacing: 0.0px\"><b>&nbsp;<\/b>&ldquo;<i>Po\u010fte ku mne v&scaron;etci, ktor&iacute; sa nam&aacute;hate a ste pre\u0165a\u017een&iacute;: ja v&aacute;m d&aacute; odpo\u010dinutie! Vezmite na seba moje jarmo a u\u010dte sa odo m\u0148a, lebo som krotk&yacute; a pokorn&yacute; v srdci a n&aacute;jdete si odpo\u010dinutie du&scaron;&iacute;.&rdquo; <\/i>Amen.<\/span><\/p>\n<p style=\"margin: 0.0px 0.0px 0.0px 0.0px; font: 16.0px Helvetica; min-height: 19.0px\"><span style=\"letter-spacing: 0.0px\">&nbsp; &nbsp; &nbsp;<\/span><\/p>\n<p style=\"margin: 0.0px 0.0px 0.0px 0.0px; font: 16.0px Helvetica\"><span style=\"letter-spacing: 0.0px\">&nbsp;&nbsp; &nbsp; Bohumil&iacute; kres\u0165ania, bratia a sestry v P&aacute;novi Je\u017ei&scaron;ovi Kristovi!<\/span><\/p>\n<p style=\"margin: 0.0px 0.0px 0.0px 0.0px; font: 16.0px Helvetica; min-height: 19.0px\"><span style=\"letter-spacing: 0.0px\">&nbsp; &nbsp; &nbsp;<\/span><\/p>\n<p style=\"margin: 0.0px 0.0px 0.0px 0.0px; font: 16.0px Helvetica\"><span style=\"letter-spacing: 0.0px\">&nbsp;&nbsp; &nbsp; Op&auml;\u0165 pri&scaron;iel \u010das chryzant&eacute;m. \u010cas spomienok na v&scaron;etk&yacute;ch mil&yacute;ch a drah&yacute;ch, ktor&iacute; n&aacute;s predi&scaron;li na ve\u010dnos\u0165. \u010cas svie\u010dok, ale aj \u010das myslenia na Toho, ktor&yacute; povedal: <i>&ldquo;Ja som svetlo sveta, kto m\u0148a nasleduje, nebude chodi\u0165 v tme, ale bude ma\u0165 svetlo \u017eivota&rdquo;<\/i>.<\/span><\/p>\n<p style=\"margin: 0.0px 0.0px 0.0px 0.0px; font: 16.0px Helvetica\"><span style=\"letter-spacing: 0.0px\"><b>Pri&scaron;iel \u010das cliv&yacute;<\/b> &#8211; tak vyjadril s&uacute;\u010dasn&yacute; b&aacute;snik (<b>A.Hajduk<\/b>) svoje pocity sm&uacute;tku, vo vedom&iacute; \u0165archy pominute\u013enosti \u010dasn&eacute;ho \u017eivota:<\/span><\/p>\n<p style=\"margin: 0.0px 0.0px 0.0px 0.0px; font: 16.0px Helvetica\"><span style=\"letter-spacing: 0.0px\">&nbsp; &nbsp;<i> &ldquo;Zapadne \u010dlovek, ako by ne\u017eil<\/i><\/span><\/p>\n<p style=\"margin: 0.0px 0.0px 0.0px 0.0px; font: 16.0px Helvetica\"><span style=\"letter-spacing: 0.0px\"><i>&nbsp; &nbsp; na zemi na&scaron;ej,<\/i><\/span><\/p>\n<p style=\"margin: 0.0px 0.0px 0.0px 0.0px; font: 16.0px Helvetica\"><span style=\"letter-spacing: 0.0px\"><i>&nbsp; &nbsp; povanie v&aacute;nok, povanie svie\u017ei<\/i><\/span><\/p>\n<p style=\"margin: 0.0px 0.0px 0.0px 0.0px; font: 16.0px Helvetica\"><span style=\"letter-spacing: 0.0px\"><i>&nbsp; &nbsp; a niet ho viacej.<\/i><\/span><\/p>\n<p style=\"margin: 0.0px 0.0px 0.0px 0.0px; font: 16.0px Helvetica\"><span style=\"letter-spacing: 0.0px\"><i>&nbsp; &nbsp; &nbsp; &nbsp; &nbsp; &nbsp; &nbsp; Zapadne \u010dlovek, &#8211; akoby kame\u0148<\/i><\/span><\/p>\n<p style=\"margin: 0.0px 0.0px 0.0px 0.0px; font: 16.0px Helvetica\"><span style=\"letter-spacing: 0.0px\"><i>&nbsp; &nbsp; &nbsp; &nbsp; &nbsp; &nbsp; &nbsp; do vody padol&#8230;<\/i><\/span><\/p>\n<p style=\"margin: 0.0px 0.0px 0.0px 0.0px; font: 16.0px Helvetica\"><span style=\"letter-spacing: 0.0px\"><i>&nbsp; &nbsp; &nbsp; &nbsp; &nbsp; &nbsp; &nbsp; zv&iacute;ria sa vlny, zv&iacute;ri sa prame\u0148<\/i><\/span><\/p>\n<p style=\"margin: 0.0px 0.0px 0.0px 0.0px; font: 16.0px Helvetica\"><span style=\"letter-spacing: 0.0px\"><i>&nbsp; &nbsp; &nbsp; &nbsp; &nbsp; &nbsp; &nbsp; do h\u013abky nadol.<\/i><\/span><\/p>\n<p style=\"margin: 0.0px 0.0px 0.0px 0.0px; font: 16.0px Helvetica\"><span style=\"letter-spacing: 0.0px\"><i>&nbsp; &nbsp; Zapadne \u010dlovek, akoby svetla<\/i><\/span><\/p>\n<p style=\"margin: 0.0px 0.0px 0.0px 0.0px; font: 16.0px Helvetica\"><span style=\"letter-spacing: 0.0px\"><i>&nbsp; &nbsp; jas pohltil tie\u0148,<\/i><\/span><\/p>\n<p style=\"margin: 0.0px 0.0px 0.0px 0.0px; font: 16.0px Helvetica\"><span style=\"letter-spacing: 0.0px\"><i>&nbsp; &nbsp; v&ocirc;kol tma, \u010do n&aacute;s tak n&aacute;hle stretla,<\/i><\/span><\/p>\n<p style=\"margin: 0.0px 0.0px 0.0px 0.0px; font: 16.0px Helvetica\"><span style=\"letter-spacing: 0.0px\"><i>&nbsp; &nbsp; studen&aacute; jak srie\u0148.&rdquo;<\/i><\/span><\/p>\n<p style=\"margin: 0.0px 0.0px 0.0px 0.0px; font: 16.0px Helvetica; min-height: 19.0px\"><span style=\"letter-spacing: 0.0px\">&nbsp;&nbsp; &nbsp; &nbsp; &nbsp; &nbsp; &nbsp;<\/span><\/p>\n<p style=\"margin: 0.0px 0.0px 0.0px 0.0px; font: 16.0px Helvetica\"><span style=\"letter-spacing: 0.0px\">&nbsp; &nbsp; &nbsp; \u010co m&ocirc;\u017eeme urobi\u0165 v tak&yacute;to \u010das my?- Na jednoduch&uacute; ot&aacute;zku m&ocirc;\u017ee by\u0165 viacero odpoved&iacute;. \u013dudia okolo n&aacute;s r&ocirc;znym sp&ocirc;sobom pre\u017e&iacute;vaj&uacute; de\u0148 \/dni\/ Pamiatky na zosnul&yacute;ch. Navonok to m&ocirc;\u017ee vyzera\u0165, \u017ee v&scaron;etky my&scaron;lienky a cesty s&uacute; rovnak&eacute;, alebo aspo\u0148 ve\u013emi podobn&eacute;. Smr\u0165 sa \u013eu\u010fom jav&iacute; ako najdokonalej&scaron;ia spravodlivos\u0165 na zemi. Zd&aacute; sa, \u017ee v jej t&ocirc;ni sme v&scaron;etci rovnak&iacute;: rovnako bezmocn&iacute;, rovnako sm&uacute;tiaci, rovnako bezradn&iacute;.&nbsp;<\/span><\/p>\n<p style=\"margin: 0.0px 0.0px 0.0px 0.0px; font: 16.0px Helvetica\"><span style=\"letter-spacing: 0.0px\">&nbsp; &nbsp; &nbsp; Skuto\u010dnos\u0165ou je, \u017ee pr&aacute;ve tu &#8211; na cintor&iacute;noch, m&aacute;me k sebe bli\u017e&scaron;ie, ako inokedy. Napokon aj <b>tieto ekumenick&eacute; SLB<\/b> s&uacute; toho d&ocirc;kazom a obrazom. &#8211; Ve\u010f, mil&iacute; priatelia, bratia&nbsp; a sestry &#8211; vieme, \u017ee nie sme ako kres\u0165ania ani z\u010faleka vo v&scaron;etkom rovnako zm&yacute;&scaron;\u013eaj&uacute;ci a spojen&iacute; v &uacute;plnej jednote. Ale jedno je ist&eacute;. N&aacute;s evanjelikov a r&iacute;m.katol&iacute;kov sviatok Pamiatky zosnul&yacute;ch naozaj pribli\u017euje. Napr&iacute;klad aj cez starokres\u0165ansk&eacute; Nicejsk&eacute; vierovyznanie, ktor&eacute;&nbsp; sme tu spolo\u010dne vyzn&aacute;vali. Nesp&aacute;ja n&aacute;s form&aacute;lne, ale v d&ocirc;le\u017eti&yacute;ch pravd&aacute;ch poznania jedn&eacute;ho Boha ako n&aacute;&scaron;ho Otca, Syna- Je\u017ei&scaron;a Krista ako prav&eacute;ho Boha a Ducha Sv&auml;t&eacute;ho ako P&aacute;na a darcu \u017eivota, vo vyznan&iacute; jedn&eacute;ho Krstu i jednej n&aacute;deje na \u017eivot ve\u010dn&yacute;! Tu sme pokornej&scaron;&iacute;, ako na akomko\u013evek inom mieste.<\/span><\/p>\n<p style=\"margin: 0.0px 0.0px 0.0px 0.0px; font: 16.0px Helvetica; min-height: 19.0px\"><span style=\"letter-spacing: 0.0px\">&nbsp; &nbsp; &nbsp;<\/span><\/p>\n<p style=\"margin: 0.0px 0.0px 0.0px 0.0px; font: 16.0px Helvetica\"><span style=\"letter-spacing: 0.0px\">&nbsp;&nbsp; &nbsp; Tu sme si toti\u017e bl&iacute;zky t&yacute;m sp&ocirc;bom, \u017ee ideme bli\u017e&scaron;ie k Je\u017ei&scaron;ovi Kristovi. Pribli\u017eujeme sa k Nemu, P&aacute;novi \u017eivota i smrti a s&uacute;\u010dasne Dobr&eacute;mu Pastierovi, ktor&yacute; n&aacute;s vol&aacute; k sebe tak, ako vol&aacute; pastier ove\u010dky roz&iacute;den&eacute; po kopcoch a gr&uacute;\u0148och tohoto sveta.<\/span><\/p>\n<p style=\"margin: 0.0px 0.0px 0.0px 0.0px; font: 16.0px Helvetica\"><span style=\"letter-spacing: 0.0px\">&nbsp;&nbsp; &nbsp; My smieme a chceme <b>po\u010du\u0165<\/b> na tomto mieste m\u0155tvych tiel, posv&auml;ten&yacute;ch Slovom Bo\u017e&iacute;m, modlitbami, ale aj telami, ktor&eacute; boli v \u010dasnom \u017eivote chr&aacute;mom Ducha Sv&auml;t&eacute;ho, <b>nekone\u010dne vz&aacute;cne posolstvo evanjelia Je\u017ei&scaron;a Krista:<\/b> &ldquo;<b>Po\u010fte ku mne v&scaron;etci<\/b>,<i> ktor&iacute; sa nam&aacute;hate a ste pre\u0165a\u017een&iacute;, ja v&aacute;m d&aacute;m odpo\u010dinutie&rdquo;.<\/i><\/span><\/p>\n<p style=\"margin: 0.0px 0.0px 0.0px 0.0px; font: 16.0px Helvetica; min-height: 19.0px\"><span style=\"letter-spacing: 0.0px\"><i>&nbsp; &nbsp; &nbsp; &nbsp;<\/i><\/span><\/p>\n<p style=\"margin: 0.0px 0.0px 0.0px 0.0px; font: 16.0px Helvetica\"><span style=\"letter-spacing: 0.0px\">V\u017edy ide o to, \u010di n&aacute;s zhroma\u017e\u010fuje Kristovo slovo, Jeho zves\u0165 a Jeho hlas, alebo nie\u010do in&eacute;. Znakom na&scaron;ej spolo\u010dnej spomienky a v\u010faky P&aacute;nu Bohu a potom aj v\u010faky zosnul&yacute;m je vedomie, \u017ee <b>tu ide o pozvanie ku Kristu<\/b>! Nie iba o zastavenie sa nad prachom t&yacute;ch, \u010do n&aacute;s predi&scaron;li, ale o spolo\u010denstvo s T&yacute;m, ktor&yacute; je \u017div&yacute; !&nbsp;<\/span><\/p>\n<p style=\"margin: 0.0px 0.0px 0.0px 0.0px; font: 16.0px Helvetica\"><span style=\"letter-spacing: 0.0px\">&nbsp;&nbsp; Takto hovorili, verili a t&uacute;to pravdu \u017eivotom dokazovali kres\u0165ania od po\u010diatku. U\u017e vtedy, ke\u010f zn&aacute;&scaron;ali prenasledovanie od synov Izraela, svojich pokrvn&yacute;ch pod\u013ea tela &#8211; ale nie pod\u013ea Ducha. U\u017e vtedy, ke\u010f sa skr&yacute;vali v r&iacute;mskach katakomb&aacute;ch, pri hroboch mu\u010den&iacute;kov a na r&ocirc;znych miestach, ktor&eacute; ozna\u010dovali znakom <b>kr&iacute;\u017ea,<\/b> ale aj znakom<b> ryby. <\/b>Gr&eacute;cke slovo ICHTYS \/ryba\/ je skratkou vyznania &#8211; Je\u017ei&scaron; Kristus, Bo\u017e&iacute; Syn, Spasite\u013e. On s&aacute;m teda hovor&iacute;:&rdquo;<i> Po\u010fte ku mne v&scaron;etc<\/i>i&rdquo;!&nbsp;<\/span><\/p>\n<p style=\"margin: 0.0px 0.0px 0.0px 0.0px; font: 16.0px Helvetica; min-height: 19.0px\"><span style=\"letter-spacing: 0.0px\">&nbsp; &nbsp; &nbsp;<\/span><\/p>\n<p style=\"margin: 0.0px 0.0px 0.0px 0.0px; font: 16.0px Helvetica\"><span style=\"letter-spacing: 0.0px\">&nbsp;&nbsp; &ldquo; V&scaron;etci, ktor&iacute; sa nam&aacute;hate a ste pre\u0165a\u017een&iacute;&rdquo;. Azda niekto povie, \u017ee on sa v \u017eivote nenam&aacute;ha, \u017ee pr&aacute;ca mu je kon&iacute;\u010dkom a v&scaron;etko sa mu dar&iacute;. Nenesie nejak&uacute; zvl&aacute;&scaron;tnu \u0165archu a odpo\u010dinutie nepotrebuje. Ak sa azda aj niekto nenam&aacute;ha a nem&aacute; \u017eiadnu osobn&uacute; \u0165archu, ist&eacute; je, \u017ee \u0165archa (y), v \u017eivote pr&iacute;du. Takou je aj chv&iacute;\u013ea odchodu z \u010dasnosti. Chv&iacute;\u013ea smrti, ale i rozl&uacute;\u010dky s niek&yacute;m bl&iacute;zkym a drah&yacute;m, koho m&aacute;me rad&scaron;ej ako seba. Neraz \u0165archou b&yacute;va u\u017e to, \u010do smrti predch&aacute;dza &#8211; dlh&eacute; utrpenie a nesene kr&iacute;\u017ea, n&aacute;maha pri opatere nevl&aacute;dnych rodi\u010dov a pod. Ale aj t&aacute; naj\u0165a\u017e&scaron;ia chv&iacute;\u013ea, ke\u010f ka\u017ed&yacute; spozn&aacute;va: &ldquo;<i>Na ten svet som pri&scaron;iel nah&yacute; a nah&yacute; sa navr&aacute;tim.<\/i> &ldquo; (A.Sl&aacute;dkovi\u010d) Zost&aacute;va v&aacute;\u017enos\u0165 ot&aacute;zky: kam to p&ocirc;jdem?&nbsp; A tie\u017e \u0165archa sm&uacute;tku u t&yacute;ch, ktor&iacute; tu na \u010das zost&aacute;vaj&uacute;, pravda, v\u017edy vo vedom&iacute;: &ldquo;<i>Za nimi p&ocirc;jdeme<\/i>&rdquo;.<\/span><\/p>\n<p style=\"margin: 0.0px 0.0px 0.0px 0.0px; font: 16.0px Helvetica; min-height: 19.0px\"><span style=\"letter-spacing: 0.0px\">&nbsp;&nbsp; &nbsp;<\/span><\/p>\n<p style=\"margin: 0.0px 0.0px 0.0px 0.0px; font: 16.0px Helvetica\"><span style=\"letter-spacing: 0.0px\">&nbsp;&nbsp; &nbsp; Najv&auml;\u010d&scaron;ou \u0165archou je ot&aacute;zka opustenosti samotn&yacute;m P&aacute;nom Bohom. Vo chv&iacute;li umierania a smrti si mus&iacute; ka\u017ed&yacute; polo\u017ei\u0165 ot&aacute;zku vysloven&uacute; P&aacute;nom Je\u017ei&scaron;om na kr&iacute;\u017ei: <i>&ldquo;Bo\u017ee m&ocirc;j, Bo\u017ee m&ocirc;j, pre\u010do si ma opustil&rdquo;?&#8230;<\/i>Budeme odch&aacute;dza\u0165 ako opusten&iacute;, alebo vo vedom&iacute; , \u017ee &ldquo;<b>spolu s P&aacute;nom budeme<\/b>&rdquo;?<\/span><\/p>\n<p style=\"margin: 0.0px 0.0px 0.0px 0.0px; font: 16.0px Helvetica\"><span style=\"letter-spacing: 0.0px\"><i>&nbsp; &nbsp; <\/i>P&aacute;n Je\u017ei&scaron; vie \u010do hovor&iacute;! Vol&aacute; v&scaron;etk&yacute;ch n&aacute;s, ktor&iacute; <b>sme pre\u0165a\u017een&iacute;.<\/b>&nbsp;<b> Sami zo seba neschopn&iacute; zachova\u0165 si dar \u017eivota!<\/b> Po\u010fte ku mne &#8211; hovor&iacute; Ten, ktor&yacute; prekonal \u0165archu opustenosti, \u0165archu smrti, strachu, bolesti i hlbiny r&iacute;&scaron;e zosnul&yacute;ch. &ldquo;<i>Vezmite na seba moje jarmo<\/i>&rdquo;, pokra\u010duje P&aacute;n Je\u017ei&scaron;. Jarmo smrti nesieme v&scaron;etci bez v&yacute;nimky.&nbsp; Preto sa u\u010dme od Neho. Tak spozn&aacute;me, \u017ee <i>&ldquo;smr\u0165 u\u017e nepanuje na n&iacute;m&rdquo;<\/i> a ani nebude panova\u0165 naveky.<\/span><\/p>\n<p style=\"margin: 0.0px 0.0px 0.0px 0.0px; font: 16.0px Helvetica\"><span style=\"letter-spacing: 0.0px\">&nbsp;&nbsp; &nbsp; &nbsp; &nbsp; &nbsp; Od Neho sa smieme u\u010di\u0165 v\u017edy a v&scaron;ade &#8211; v dome radosti i v dome sm&uacute;tku! P&aacute;n Je\u017ei&scaron; dok&aacute;zal, \u017ee je tich&yacute;m Bo\u017e&iacute;m Bar&aacute;nkom a sluhom, o ktorom zneli predpovede SZ prorokov. Je ten, o ktorom p&iacute;sal Moj\u017ei&scaron;, najv&auml;\u010d&scaron;&iacute; pastier SZ Izraela. O ktorom J&aacute;n Krstite\u013e&nbsp; vyznal:<i> &rdquo;Videl som Ducha, ako holubicu spo\u010din&uacute;\u0165 na \u0148om&rdquo;<\/i>. On je&nbsp; <i>&ldquo;Bar&aacute;nok Bo\u017e&iacute;, ktor&yacute; sn&iacute;ma hriech sveta&rdquo;.<\/i><\/span><\/p>\n<p style=\"margin: 0.0px 0.0px 0.0px 0.0px; font: 16.0px Helvetica; min-height: 19.0px\"><span style=\"letter-spacing: 0.0px\"><i>&nbsp;&nbsp; &nbsp; <\/i>&nbsp;<\/span><\/p>\n<p style=\"margin: 0.0px 0.0px 0.0px 0.0px; font: 16.0px Helvetica\"><span style=\"letter-spacing: 0.0px\">&nbsp; &nbsp; On sn&iacute;ma hriech a smr\u0165 i z n&aacute;s, aby n&aacute;m dal n&aacute;js\u0165: <b>odpo\u010dinutie ve\u010dn&eacute;.<\/b> Mnoh&iacute; sa tr&aacute;pia svojimi vinami, hriechami a neschopnos\u0165ou vykona\u0165 zados\u0165u\u010dinenie za svoje hriechy. On n&aacute;m pon&uacute;ka pomoc, vyslobodenie spod jarma hriechu, diabla a smrti. Spr&aacute;vne to pochopili u\u017e apo&scaron;tolovia, ktor&iacute; sa podpisovali vo svojich listoch: ako sluhovia, ( otroci ) Je\u017ei&scaron;a Krista. Sluhovia a predsa slobodn&iacute; od ka\u017edej zlej moci a mocnosti. Aj my m&ocirc;\u017eeme <b>vymeni\u0165 <\/b>na&scaron;ich&nbsp; najhor&scaron;&iacute;ch p&aacute;nov, ktor&yacute;mi s&uacute;: <b>hriech, poku&scaron;ite\u013e a smr\u0165 ,<\/b> v&yacute;menou za P&aacute;na jedin&eacute;ho, P&aacute;na milostiv&eacute;ho a l&aacute;skav&eacute;ho. T&aacute;to v&yacute;mena sa udiala u\u017e v Krste sv&auml;tom a trv&aacute; v m\u0155tven&iacute; star&eacute;ho Adama st&aacute;le, a\u017e do skonania v \u010dasnosti.<\/span><\/p>\n<p style=\"margin: 0.0px 0.0px 0.0px 0.0px; font: 16.0px Helvetica; min-height: 19.0px\"><span style=\"letter-spacing: 0.0px\">&nbsp;&nbsp;<\/span><\/p>\n<p style=\"margin: 0.0px 0.0px 0.0px 0.0px; font: 16.0px Helvetica\"><span style=\"letter-spacing: 0.0px\">&nbsp;&nbsp; &nbsp; Kie\u017e n&aacute;&scaron; \u017eivot ako kres\u0165anov patr&iacute; teda Tomu, ktor&yacute; je Darcom milosti. Je to <i>&ldquo;milos\u0165 nad milos\u0165<\/i>&rdquo; &#8211; vyznal ap.J&aacute;n. V kone\u010dnom d&ocirc;sledku znamen&aacute; pre hrie&scaron;nika dar ve\u010dn&eacute;ho \u017eivota. Odmenu &ldquo;nad ktor&uacute; niet&rdquo;. Ak ku hrobom, \u010di u\u017e t&yacute;m \u010derstv&yacute;m, alebo d&aacute;vnej&scaron;&iacute;m, ideme ako t&iacute;, ktor&iacute; patria Je\u017ei&scaron;ovi Kristovi, sme \u013eudia blahoslavenej n&aacute;deje. Vieme, \u017ee v&scaron;etci v Neho veriaci pr&iacute;deme do odpo\u010dinutia ve\u010dn&eacute;ho. Do nebeskej vlasti, kde v jednote s Otcom a Duchom Sv&auml;t&yacute;m vl&aacute;dne On. <b>On &#8211; <i>&rdquo; Boh z Boha a Svetlo zo Svetla&rdquo;<\/i>. <\/b>&nbsp;<\/span><\/p>\n<p style=\"margin: 0.0px 0.0px 0.0px 0.0px; font: 16.0px Helvetica; min-height: 19.0px\"><span style=\"letter-spacing: 0.0px\">&nbsp;&nbsp;<\/span><\/p>\n<p style=\"margin: 0.0px 0.0px 0.0px 0.0px; font: 16.0px Helvetica\"><span style=\"letter-spacing: 0.0px\">&nbsp; &nbsp; &nbsp; Po tomto odpo\u010dinku p&aacute;trali a t&uacute;\u017eili u\u017e veriaci SZ. My v&scaron;ak vieme, kto n&aacute;m otvoril br&aacute;nu raja. Kto je &ldquo; Cestou&rdquo; do pravej, ve\u010dnej vlasti a skuto\u010dn&eacute;ho odpo\u010dinku. Ten, ktor&yacute; n&aacute;s u\u017e dnes vedie na zelen&eacute; pastvy svojho Slova a k vod&aacute;m odpo\u010dinutia svojich sviatost&iacute;.<\/span><\/p>\n<p style=\"margin: 0.0px 0.0px 0.0px 0.0px; font: 16.0px Helvetica; min-height: 19.0px\"><span style=\"letter-spacing: 0.0px\">&nbsp;&nbsp; &nbsp;<\/span><\/p>\n<p style=\"margin: 0.0px 0.0px 0.0px 0.0px; font: 16.0px Helvetica\"><span style=\"letter-spacing: 0.0px\">&nbsp; &nbsp; On jedin&yacute; m&aacute; a m&ocirc;\u017ee da\u0165 ka\u017ed&eacute;mu odpo\u010dinutie prav&eacute; a ve\u010dn&eacute;.&nbsp;<\/span><\/p>\n<p style=\"margin: 0.0px 0.0px 0.0px 0.0px; font: 16.0px Helvetica\"><span style=\"letter-spacing: 0.0px\">Nie iba spo\u010dinutie v r&iacute;&scaron;i m\u0155tvych, alebo v odl&uacute;\u010den&iacute; od prame\u0148a a P&ocirc;vodcu \u017eivota. Lebo plat&iacute;: <i>Blahoslaven&iacute;, ktor&iacute; po\u010d&uacute;vaj&uacute; slovo Bo\u017eie a ho zachov&aacute;vaj&uacute;! Blahoslaven&iacute;, ktor&iacute; v P&aacute;nu umieraj&uacute;! Blahoslaven&iacute; \u010dist&eacute;ho srdca, lebo oni Boha uvidia! Blahoslaven&iacute;, ktor&iacute; tvoria pokoj, lebo oni synmi Bo\u017e&iacute;mi bud&uacute; sa menova\u0165! &#8211;<\/i><\/span><\/p>\n<p style=\"margin: 0.0px 0.0px 0.0px 0.0px; font: 16.0px Helvetica\"><span style=\"letter-spacing: 0.0px\">&nbsp;&nbsp; &nbsp; S d&ocirc;verou, l&aacute;skou a pokorou, pristupujme v\u017edy k Nemu, Dobr&eacute;mu Pastierovi, aby sme aj my u\u017e dnes patrili do spolo\u010denstva Jeho vyk&uacute;pen&yacute;ch a raz na&scaron;li prav&eacute; a ve\u010dn&eacute; odpo\u010dinutie v nebi. Amen.<\/span><\/p>\n<p style=\"margin: 0.0px 0.0px 0.0px 0.0px; font: 16.0px Helvetica\"><span style=\"letter-spacing: 0.0px\">&nbsp; &nbsp; &nbsp; &nbsp; &nbsp; &nbsp; &nbsp; &nbsp; &nbsp; &nbsp; &nbsp; &nbsp; &nbsp; &nbsp; &nbsp; &nbsp; &nbsp; &nbsp; &nbsp; &nbsp; &nbsp; &nbsp; &nbsp; &nbsp; &nbsp; &nbsp;\/ Modlitby a Ot\u010den&aacute;&scaron; spolo\u010dne&#8230;\/<\/span><\/p>\n<p style=\"margin: 0.0px 0.0px 0.0px 0.0px; font: 12.0px Helvetica\"><span style=\"font: 16.0px Helvetica; letter-spacing: 0.0px\">&nbsp; &nbsp; &nbsp; &nbsp; &nbsp; &nbsp; &nbsp; &nbsp; &nbsp; &nbsp; &nbsp; &nbsp; &nbsp; &nbsp; &nbsp;&nbsp;<\/span><span style=\"letter-spacing: 0.0px\">&nbsp; Ekumenick&eacute; SLB na Pamiatku zosnul&yacute;ch 2011 &#8211; Soboti&scaron;te-cintor&iacute;n &#8211; \u013d.Batka st.<\/span><\/p>\n<p style=\"margin: 0.0px 0.0px 0.0px 0.0px; font: 12.0px Helvetica; min-height: 14.0px\"><span style=\"letter-spacing: 0.0px\">&nbsp; &nbsp; &nbsp; &nbsp; &nbsp;<\/span><\/p>\n","protected":false},"excerpt":{"rendered":"<p>&nbsp;&nbsp; &nbsp; &nbsp; &nbsp; &nbsp; &nbsp; &nbsp; &nbsp; &nbsp; &nbsp; &nbsp; &nbsp; &nbsp; &nbsp; &nbsp; &nbsp; &nbsp; &nbsp; &nbsp; &nbsp; &nbsp; &nbsp; &nbsp; &nbsp; &nbsp; &nbsp; &nbsp; &nbsp; &nbsp; &nbsp; &nbsp; &nbsp; &nbsp; \u010cas chryzant&eacute;m Mt 11, 28-29: &nbsp;&ldquo;Po\u010fte ku mne v&scaron;etci, ktor&iacute; sa nam&aacute;hate a ste pre\u0165a\u017een&iacute;: ja v&aacute;m d&aacute; odpo\u010dinutie! Vezmite na seba &#8230; <a title=\"\u010cas chryzant\u00e9m\" class=\"read-more\" href=\"https:\/\/www.e-anjelik.sk\/index.php\/2011\/11\/01\/cas-chryzantem\/\" aria-label=\"Pre\u010d\u00edtajte si viac o \u010cas chryzant\u00e9m\">\u010c\u00edta\u0165 viac<\/a><\/p>\n","protected":false},"author":4,"featured_media":0,"comment_status":"open","ping_status":"open","sticky":false,"template":"","format":"standard","meta":{"footnotes":""},"categories":[2,281,95],"tags":[192],"class_list":["post-3890","post","type-post","status-publish","format-standard","hentry","category-ekumena","category-pamiatka-zosnulych","category-sobotiste","tag-kazen"],"_links":{"self":[{"href":"https:\/\/www.e-anjelik.sk\/index.php\/wp-json\/wp\/v2\/posts\/3890","targetHints":{"allow":["GET"]}}],"collection":[{"href":"https:\/\/www.e-anjelik.sk\/index.php\/wp-json\/wp\/v2\/posts"}],"about":[{"href":"https:\/\/www.e-anjelik.sk\/index.php\/wp-json\/wp\/v2\/types\/post"}],"author":[{"embeddable":true,"href":"https:\/\/www.e-anjelik.sk\/index.php\/wp-json\/wp\/v2\/users\/4"}],"replies":[{"embeddable":true,"href":"https:\/\/www.e-anjelik.sk\/index.php\/wp-json\/wp\/v2\/comments?post=3890"}],"version-history":[{"count":0,"href":"https:\/\/www.e-anjelik.sk\/index.php\/wp-json\/wp\/v2\/posts\/3890\/revisions"}],"wp:attachment":[{"href":"https:\/\/www.e-anjelik.sk\/index.php\/wp-json\/wp\/v2\/media?parent=3890"}],"wp:term":[{"taxonomy":"category","embeddable":true,"href":"https:\/\/www.e-anjelik.sk\/index.php\/wp-json\/wp\/v2\/categories?post=3890"},{"taxonomy":"post_tag","embeddable":true,"href":"https:\/\/www.e-anjelik.sk\/index.php\/wp-json\/wp\/v2\/tags?post=3890"}],"curies":[{"name":"wp","href":"https:\/\/api.w.org\/{rel}","templated":true}]}}