{"id":38961,"date":"2026-02-07T00:30:04","date_gmt":"2026-02-06T23:30:04","guid":{"rendered":"https:\/\/www.e-anjelik.sk\/?p=38961"},"modified":"2026-02-08T18:47:48","modified_gmt":"2026-02-08T17:47:48","slug":"hospodin-ponizuje-i-povysuje","status":"publish","type":"post","link":"https:\/\/www.e-anjelik.sk\/index.php\/2026\/02\/07\/hospodin-ponizuje-i-povysuje\/","title":{"rendered":"Hospodin poni\u017euje i povy\u0161uje"},"content":{"rendered":"\n<p class=\"wp-block-paragraph\"><em>&nbsp; &nbsp; &nbsp; &nbsp; &nbsp; &nbsp; &nbsp; &nbsp; &nbsp; &nbsp; &nbsp; <\/em><strong>&nbsp; Hospodin poni\u017euje i povy\u0161uje<\/strong><\/p>\n\n\n\n<p class=\"wp-block-paragraph\"><em>Nie v m\u00fadrosti, nie v sile, ani v sl\u00e1ve,<\/em><\/p>\n\n\n\n<p class=\"wp-block-paragraph\"><em>le\u017e v Tebe, Pane, chv\u00e1li\u0165 chceme sa,<\/em><\/p>\n\n\n\n<p class=\"wp-block-paragraph\"><em>len v Tebe, ktor\u00fd milosrdne s\u00fadi\u0161<\/em><\/p>\n\n\n\n<p class=\"wp-block-paragraph\"><em>a vedie\u0161 k cie\u013eu zem i nebes\u00e1.<\/em><\/p>\n\n\n\n<p class=\"wp-block-paragraph\"><em>Len v Tebe, Bo\u017ee dobr\u00fd, na\u0161a \u013e\u00fabos\u0165,<\/em><\/p>\n\n\n\n<p class=\"wp-block-paragraph\"><em>i ke\u010f n\u00e1s k\u00e1ra\u0161, ke\u010f n\u00e1m trpie\u0165 d\u00e1\u0161\u2026<\/em><\/p>\n\n\n\n<p class=\"wp-block-paragraph\"><em>\u00d3, neopus\u0165 n\u00e1s ani v tieto \u010dasy<\/em><\/p>\n\n\n\n<p class=\"wp-block-paragraph\"><em>a vyslobo\u010f n\u00e1s, drah\u00fd Pane n\u00e1\u0161! Amen. (M.R.)<\/em><\/p>\n\n\n\n<p class=\"wp-block-paragraph\"><strong>Dan 4, 30 &#8211; 34:<\/strong><\/p>\n\n\n\n<p class=\"wp-block-paragraph\"><strong>\u00a0<\/strong><em>\u00a0 \u201eV t\u00fa hodinu sa splnilo slovo na Neb\u00fakadnecarovi: vyhnan\u00fd bol spomedzi \u013eud\u00ed a byliny jedol ako dobytok; nebesk\u00e1 rosa mu kropila telo, k\u00fdm mu nenar\u00e1stli vlasy ako orlom perie a nechty ako vt\u00e1kom paz\u00fary. (31) Po uplynut\u00ed t\u00fdch dn\u00ed, ja Neb\u00fakadnecar, pozdvihol som o\u010di k nebu a rozum sa mi vr\u00e1til. Vtedy som dobrore\u010dil Najvy\u0161\u0161iemu, chv\u00e1lil a velebil som ve\u010dne \u017eiv\u00e9ho, jeho vl\u00e1da je ve\u010dn\u00e1 vl\u00e1da a jeho kr\u00e1\u013eovstvo je z pokolenia na pokolenie; (32) v\u0161etci obyvatelia zeme s\u00fa pokladan\u00ed za ni\u010d; pod\u013ea svojej v\u00f4le naklad\u00e1 s nebesk\u00fdm vojskom aj s obyvate\u013emi zeme; niet nikoho, kto by mohol prek\u00e1\u017ea\u0165 jeho ruk\u00e1m a op\u00fdta\u0165 sa Ho: \u010co to rob\u00ed\u0161?<\/em> <em>(33) V tom istom \u010dase sa mi vr\u00e1til rozum a na sl\u00e1vu m\u00f4jho kr\u00e1\u013eovstva m\u00f4j lesk a veleba. Moji radcovia a ve\u013emo\u017ei ma vyh\u013eadali a znova som bol dosaden\u00fd do svojho kr\u00e1\u013eovstva a dostalo sa mi e\u0161te v\u00e4\u010d\u0161ej moci. (34) Teraz ja Neb\u00fakadnecar, chv\u00e1lim, vyvy\u0161ujem a zvelebujem Kr\u00e1\u013ea nebies, lebo v\u0161etky Jeho skutky s\u00fa pravdou a Jeho cesty s\u00fa pr\u00e1vom, lebo m\u00f4\u017ee pon\u00ed\u017ei\u0165 t\u00fdch, \u010do chodia v p\u00fdche\u201c. Amen<\/em><\/p>\n\n\n\n<p class=\"wp-block-paragraph\"><strong>&nbsp;&nbsp; &nbsp; &nbsp; &nbsp; &nbsp; &nbsp; <\/strong>Mil\u00ed bratia a sestry v P\u00e1novi Je\u017ei\u0161ovi Kristovi!<\/p>\n\n\n\n<p class=\"wp-block-paragraph\">\u00a0\u00a0 \u00a0 Ka\u017ed\u00fd veriaci kres\u0165an m\u00f4\u017ee zak\u00fasi\u0165 ur\u010dit\u00fa kr\u00edzu viery, ke\u010f mu je bl\u00edzka prosba n\u00e1bo\u017en\u00e9ho \u017ealmistu: <em><em>\u201e<\/em>Prebu\u010f sa, pre\u010do sp\u00ed\u0161, \u00f3 Pane?\u00a0Precitni, nezavrhni na veky!\u00a0Pre\u010do skr\u00fdva\u0161 svoju tv\u00e1r, na na\u0161u biedu, utl\u00e1\u010danie na\u0161e zab\u00fada\u0161? Ve\u010f do prachu sa zohla na\u0161a du\u0161a a na\u0161e telo k zemi lep\u00ed sa. Povsta\u0148 n\u00e1m na pomoc, vyk\u00fap n\u00e1s pre svoju milos\u0165! (\u017d 44, 24-27)<\/em><\/p>\n\n\n\n<p class=\"wp-block-paragraph\"><em>&nbsp; &nbsp;<\/em> V \u010dasnom \u017eivote prech\u00e1dzame nielen v\u00fd\u0161inami viery a d\u0148ami radosti, ale aj rozli\u010dn\u00fdmi sk\u00fa\u0161kami, \u0165a\u017ekos\u0165ami a biedami. Vtedy sa m\u00f4\u017ee na\u0161a viera otriasa\u0165 v z\u00e1kladoch a \u010dlovek h\u013ead\u00e1 nov\u00fa istotu o Bo\u017eej bl\u00edzkosti a milosti. M\u00f4\u017ee sa sta\u0165 aj to, \u017ee sa \u010dlovek od P\u00e1na Boha odvr\u00e1ti v nevere.&nbsp;<\/p>\n\n\n\n<p class=\"wp-block-paragraph\"><em>\u00a0\u00a0 <\/em>Anglick\u00fd pr\u00edrodovedec Bernard Russel bol zbehl\u00fd v poznan\u00ed Biblie, ale v Boha neveril. Ke\u010f mu polo\u017eili ot\u00e1zku, ako sa ospravedln\u00ed pred Bo\u017e\u00edm s\u00fadom, odpovedal: <em>\u201eOspravedln\u00edm sa Bohu t\u00fdm, \u017ee mi nedal dos\u0165 d\u00f4kazov o sebe\u201c. &#8211; <\/em>Nevieme, ak\u00e9 d\u00f4kazy mal na mysli, ale je zrejm\u00e9, \u017ee \u010dlovek by ve\u013emi r\u00e1d chcel, aby sa P\u00e1n Boh dok\u00e1zal v na\u0161om \u017eivote nejak\u00fdm z\u00e1zrakom, alebo znamen\u00edm, ako to chceli u\u017e \u017didia od P\u00e1na Je\u017ei\u0161a, ke\u010f Mu povedali:<em> <em>\u201e<\/em>Ak\u00e9 znamenie n\u00e1m uk\u00e1\u017ee\u0161, \u017ee si Ty Syn Bo\u017e\u00ed\u201c? (J 6, 30; J 7, 5)<\/em><\/p>\n\n\n\n<p class=\"wp-block-paragraph\">\u00a0\u00a0 Podobn\u00fa ot\u00e1zku si polo\u017eil aj spisovate\u013e Bruce Marshal v knihe: <em>\u201eZ\u00e1zrak otca Malachi\u00e1\u0161a\u201c. <\/em>Hovor\u00ed v nej o to, \u017ee otec Malachi\u00e1\u0161 \u017eil od mladosti v kl\u00e1\u0161tore medzi veriacimi bratmi. Raz ho poslali do ve\u013ekomestskej farnosti a p\u00e1ter sa zhrozil: To\u013eko \u013eud\u00ed never\u00ed v P\u00e1na Boha! Povedal si: Tu by pomohol iba z\u00e1zrak! Jeden vidite\u013en\u00fd a hmatate\u013en\u00fd z\u00e1zrak a cel\u00e9 ve\u013ekomesto mus\u00ed potom uveri\u0165! &#8211; Na modlitbu dobr\u00e9ho otca Malachi\u00e1\u0161a sa z\u00e1zrak stane: zn\u00e1my tane\u010dn\u00fd klub bol prenesen\u00fd na kopec pri mori.<\/p>\n\n\n\n<p class=\"wp-block-paragraph\">&nbsp; &nbsp; V\u00fdsledok bol v\u0161ak in\u00fd ako \u010dakal otec Malachi\u00e1\u0161. Novin\u00e1ri sa s\u00edce predbiehali v uverej\u0148ovan\u00ed senza\u010dn\u00fdch spr\u00e1v a \u0161pekul\u00e1ci\u00ed, ale neuverili. Majite\u013e klubu chcel z toho vy\u0165a\u017ei\u0165 \u010do najviac pe\u0148az\u00ed a urobil si z toho reklamu, gangstri chceli ul\u00fapi\u0165 tajomstvo Malachi\u00e1\u0161ovho triku, pol\u00edcia ho vypo\u010d\u00favala pre ru\u0161enie verejn\u00e9ho poriadku, cirkev sa od neho di\u0161tancovala, preto\u017ee rob\u00ed cirkvi ostudu, \u010fal\u0161\u00ed si mysleli, \u017ee mu presko\u010dilo. Nikto pritom nepomyslel na P\u00e1na Boha. Ostala iba senz\u00e1cia a zm\u00e4tok, \u017eiadne davov\u00e9 obr\u00e1tenie k viere. A tak sa otec Malachi\u00e1\u0161 hne\u010f modlil, aby ho dobr\u00fd Boh z toho hrozn\u00e9ho sna prebudil a z\u00e1zrak zru\u0161il!<\/p>\n\n\n\n<p class=\"wp-block-paragraph\">\u00a0 \u00a0 Z evanjelia pozn\u00e1me prosbu boh\u00e1\u010da, ktor\u00fd v muk\u00e1ch podsvetia \u017eiada Abrah\u00e1ma, aby poslal Laz\u00e1ra k jeho bratom aby im sved\u010dil o \u00fadele po smrti. Abrah\u00e1m mu odpovedal:<em> <em>\u201e<\/em>Maj\u00fa Moj\u017ei\u0161a a prorokov, nech ich posl\u00fachaj\u00fa\u201c. <\/em>Boh\u00e1\u010d v\u0161ak chcel tie\u017e z\u00e1zrak: <em>\u201eUverili by, keby niekto vstal z m\u0155tvych\u201c. <\/em>Abrah\u00e1m mu v\u0161ak povedal: <em>\u201eAk neveria Moj\u017ei\u0161ovi a prorokom, nedaj\u00fa sa presved\u010di\u0165, ani keby niekto z m\u0155tvych vstal\u201c.(L 16, 19 nn)<\/em><\/p>\n\n\n\n<p class=\"wp-block-paragraph\">&nbsp;&nbsp; My kres\u0165ania sa m\u00e1me spolieha\u0165 najm\u00e4 na slovo a konanie P\u00e1na Je\u017ei\u0161a Krista. On je najlep\u0161\u00edm vyjaven\u00edm a obrazom P\u00e1na Boha a na\u0161ou istotou o trvalej Bo\u017eej milosti. On n\u00e1m otv\u00e1ra o\u010di pre skuto\u010dnos\u0165, \u017ee aj be\u017en\u00e9 a v\u0161edn\u00e9 prejavy a situ\u00e1cie \u017eivota sa st\u00e1vaj\u00fa Bo\u017e\u00edmi znameniami pre n\u00e1s. K tomu neraz sta\u010d\u00ed oslovenie prostredn\u00edctvom svedka a rozsieva\u010da slova Bo\u017eieho. Tak\u00fdm je aj dne\u0161n\u00e9 svedectvo P\u00edsma z knihy proroka Daniela.&nbsp;<\/p>\n\n\n\n<p class=\"wp-block-paragraph\">Z neho pozn\u00e1vame, \u017ee&nbsp;<\/p>\n\n\n\n<p class=\"wp-block-paragraph\">&nbsp;&nbsp; &nbsp; &nbsp; &nbsp;<strong><em> &nbsp; Poznanie Kr\u00e1\u013ea nebies n\u00e1s priv\u00e1dza:<\/em><\/strong><\/p>\n\n\n\n<p class=\"wp-block-paragraph\">&nbsp;&nbsp; &nbsp; &nbsp; &nbsp; &nbsp;<em> 1. k pok\u00e1niu<\/em><\/p>\n\n\n\n<p class=\"wp-block-paragraph\"><em>&nbsp;&nbsp; &nbsp; &nbsp; &nbsp; &nbsp; 2. k oslave<\/em><\/p>\n\n\n\n<p class=\"wp-block-paragraph\"><em>&nbsp;&nbsp; &nbsp; &nbsp; &nbsp; &nbsp; 3. k po\u017eehnaniu<\/em><\/p>\n\n\n\n<p class=\"wp-block-paragraph\"><em>\u00a0\u00a0 <\/em>Pre\u010d\u00edtan\u00e1 sta\u0165 P\u00edsma n\u00e1s uv\u00e1dza do \u010dias babylonsk\u00e9ho zajatia \u017didov okolo roku \u0161es\u0165sto pred Kristom. Stret\u00e1me sa tu s postavou najsl\u00e1vnej\u0161ieho kr\u00e1\u013ea Babylonskej r\u00ed\u0161e Neb\u00fakadnecarom. \u017didia maj\u00fa na neho tie najsmutnej\u0161ie spomienky, preto\u017ee to bol on, ktor\u00fd dal zb\u00fara\u0165 hradby Jeruzalema, vyraboval chr\u00e1m a ve\u013ek\u00fa \u010das\u0165 \u013eudu odvliekol do zajatia. Bol to tyran a dobyvate\u013e, ktor\u00e9ho r\u00ed\u0161a sa rozr\u00e1stla do neb\u00fdval\u00fdch rozmerov. To ho priviedlo k ve\u013ek\u00e9mu sebavedomiu a k p\u00fdche, ako o tom sved\u010dia aj jeho slov\u00e1:<em> <em>\u201e<\/em>Nie je to ten ve\u013ek\u00fd Babylon, ktor\u00fd som ja vystavil ako kr\u00e1\u013eovsk\u00e9 s\u00eddlo mocou svojej sily a ku cti svojej sl\u00e1vy\u201c? (v.27) <\/em>Prorok Daniel mu v\u0161ak jasne zvestoval Bo\u017eie slovo: \u2026<em><em>\u201e<\/em>spozn\u00e1\u0161, \u017ee nebes\u00e1 maj\u00fa moc. Preto kr\u00e1\u013eu, ob\u013e\u00fab si moju radu: Zame\u0148 svoje hriechy za spravodlivos\u0165 a svoje nepr\u00e1vosti za milosrdenstvo vo\u010di biednym. Azda to pred\u013a\u017ei tvoje blaho\u201c (v .24)<\/em><\/p>\n\n\n\n<p class=\"wp-block-paragraph\">\u00a0 \u00a0 \u00davodn\u00fd text P\u00edsma sv\u00e4t\u00e9ho je v\u0161ak u\u017e vo ve\u013ekom kontraste s predch\u00e1dzaj\u00facimi slovami kr\u00e1\u013ea. To, \u010do po\u010dujeme s\u00fa u\u017e slov\u00e1 pokory, z ktor\u00fdch nec\u00edti\u0165 ni\u010d z jeho predch\u00e1dzaj\u00facej p\u00fdchy plyn\u00facej z jeho vysok\u00e9ho postavenia. Naopak, tu u\u017e uzn\u00e1va vl\u00e1du Najvy\u0161\u0161ieho aj nad sebou i nad v\u0161etk\u00fdmi \u013eu\u010fmi. Je to tak preto, lebo medzi t\u00fdm sa udiala radik\u00e1lna zmena v jeho postaven\u00ed. Neb\u00fakadnecar <em>\u201ebol vyhnan\u00fd spomedzi \u013eud\u00ed a byliny jedol ako dobytok\u201c, <\/em>preto\u017ee sa<em> <\/em>pomiatol na rozume a \u017eil ako zviera. Obrazne povedan\u00e9: strom, ktor\u00fd vyr\u00e1stol vysoko, nedosiahol a\u017e po nebo, ako mu to Daniel aj predpovedal pri v\u00fdklade jeho sna.\u00a0<\/p>\n\n\n\n<p class=\"wp-block-paragraph\">\u00a0 \u00a0 Tak kr\u00e1\u013e spoznal, \u017ee iba P\u00e1n Boh je v\u0161emoh\u00faci a \u010dlovek \u017eije, h\u00fdbe sa a trv\u00e1 len z Jeho milosti. Reform\u00e1tor M. Luther k tejto ot\u00e1zke nap\u00edsal:<em> <em>\u201e<\/em>Ono to u\u017e tak b\u00fdva, \u017ee kde nastupuje \u013eudsk\u00e1 sila, tam op\u00fa\u0161\u0165a Bo\u017eia sila. A ke\u010f sa u\u017e bublina celkom naf\u00fakla a ka\u017ed\u00fd si mysl\u00ed, \u017ee je navrchu a zv\u00ed\u0165azil, pr\u00e1ve vtedy urob\u00ed P\u00e1n dieru do tej bubliny\u201c\u2026<\/em><\/p>\n\n\n\n<p class=\"wp-block-paragraph\"><em>\u00a0 \u00a0<\/em> Poznanie Najvy\u0161\u0161ieho vedie aj n\u00e1s na jednej strane k pokore a k pok\u00e1niu v celom na\u0161om \u017eivote. U\u010d\u00ed n\u00e1s vo v\u0161etkom o\u010dak\u00e1va\u0165 na Hospodina. <em><em>\u201e<\/em>Niet nikoho, kto by mohol prek\u00e1\u017ea\u0165 Jeho ruk\u00e1m a op\u00fdta\u0165 sa Ho: \u010co to rob\u00ed\u0161?\u201c<\/em><\/p>\n\n\n\n<p class=\"wp-block-paragraph\"><em>\u00a0\u00a0 2. Bratia a sestry v P\u00e1novi!<\/em><\/p>\n\n\n\n<p class=\"wp-block-paragraph\"><em>\u00a0\u00a0 \u00a0 <\/em>Na druhej strane d\u00f4vera v Bo\u017eie konanie a v Jeho milos\u0165 vedie \u010dloveka k radostnej oslave Bo\u017eej. Z pokorn\u00fdch s\u0155dc vyvierali v\u017edy najkraj\u0161ie slov\u00e1 Bo\u017eej chv\u00e1ly, ktor\u00e9 pozn\u00e1me zo \u017eivota mnoh\u00fdch b\u00e1snikov a pevcov. Takou je aj zn\u00e1ma piese\u0148 K. Royovej: <em>Kr\u00e1\u013eu nebies\u2026<\/em><\/p>\n\n\n\n<p class=\"wp-block-paragraph\">\u00a0 \u00a0 Ke\u010f \u010dlovek oslavuje P\u00e1na Boha, nie je to nie\u010do \u010do by sa prie\u010dilo zdrav\u00e9mu rozumu. Pr\u00e1ve naopak. Chv\u00e1la vych\u00e1dza z \u010distej mysle. Pokora je znakom zdravej du\u0161e. P\u00fdcha \u201epeklom d\u00fdcha\u201c, hovor\u00ed aj sk\u00fasenos\u0165 \u013eud\u00ed. Nie n\u00e1hodou \u017dalmista vyzn\u00e1va:<em> <em>\u201e<\/em>Bl\u00e1zon hovor\u00ed vo svojom srdci: Niet Boha\u201c. <\/em>Neb\u00fakadnecar chv\u00e1lil Boha hne\u010f potom, ako sa mu vr\u00e1til rozum.<\/p>\n\n\n\n<p class=\"wp-block-paragraph\">&nbsp;&nbsp; &nbsp; Aj my sme volan\u00ed P\u00e1nom Bohom k tomu, aby sme Ho oslavovali v radosti a pri \u00faspechoch, ale aj v kr\u00ed\u017ei, v nemoci, v \u0165a\u017ekostiach \u017eivota, lebo aj tie pou\u017e\u00edva Hospodin k na\u0161ej z\u00e1chrane a k rozhojneniu svoje sl\u00e1vy.<\/p>\n\n\n\n<p class=\"wp-block-paragraph\">3. Bratia a sestry!<\/p>\n\n\n\n<p class=\"wp-block-paragraph\">&nbsp;&nbsp; Prav\u00e9 pok\u00e1nie pred Tvorcom \u017eivota a v\u0161emoh\u00facim Otcom nebesk\u00fdm spojen\u00e9 s Jeho oslavou vedie napokon k po\u017eehnaniu od neho sam\u00e9ho.<\/p>\n\n\n\n<p class=\"wp-block-paragraph\">&nbsp;&nbsp; &nbsp; Neb\u00fakadnecar, ktor\u00fd bol postihnut\u00fd \u0165a\u017ekou nemocou a \u017eil zvierac\u00edm \u017eivotom, mohol napokon pre\u017ei\u0165 uzdravenie a zmenu. N\u00e1vrat k d\u00f4stojn\u00e9mu \u017eivotu \u010dloveka, pozdvihnutie zo zvieracieho sp\u00f4sobu na \u00farove\u0148 \u010dloveka, ktor\u00fd nach\u00e1dza spr\u00e1vne miesto v Bo\u017eom poriadku stvorenia. Nie je iba \u017eivo\u010d\u00edchom, ale nie je ani Bohom, \u010di bo\u017estvom. Ako \u010dlovek dobrore\u010dil Najvy\u0161\u0161iemu a velebil <em>\u201eve\u010dne \u017eiv\u00e9ho\u201c<\/em>. Toho, ktor\u00e9mu patr\u00ed v\u0161etka, sl\u00e1va a dobrore\u010denie z pokolenia na pokolenie a\u017e na veky vekov.<em> \u201eTeraz ja, Neb\u00fakadnecar, chv\u00e1lim, vyvy\u0161ujem a zvelebujem Kr\u00e1\u013ea nebies, lebo v\u0161etky Jeho skutky s\u00fa pravdou a Jeho cesty s\u00fa pr\u00e1vom\u201c<\/em>\u2026<\/p>\n\n\n\n<p class=\"wp-block-paragraph\">\u00a0 \u00a0 Hospodin je Ten, ktor\u00fd poni\u017euje, ale aj povy\u0161uje ka\u017ed\u00e9ho \u010dloveka. Pripom\u00edna n\u00e1m to aj \u00fadel ve\u013ek\u00e9ho trpite\u013ea, zbo\u017en\u00e9ho J\u00f3ba, ktor\u00fd ani v pon\u00ed\u017een\u00ed nezlore\u010dil Bohu a bol napokon P\u00e1nom Bohom po\u017eehnan\u00fd. J\u00f3b n\u00e1s u\u017e jasne upriamuje na Toho, ktor\u00fd zdanlivo <em>\u201enemal moci, ani d\u00f4stojnosti<\/em>\u201c, ale patr\u00ed Mu v\u0161etka \u010des\u0165, moc a sl\u00e1va naveky. Ukazuje na Toho, ktor\u00fd \u201epretrpel kr\u00ed\u017e\u201c a je P\u00e1nom p\u00e1nov a Kr\u00e1\u013eom kr\u00e1\u013eov. Jemu naplno d\u00f4verujme a zverme na\u0161u pr\u00edtomnos\u0165 i bud\u00facnos\u0165 a nebudeme zahanben\u00ed. Amen<\/p>\n\n\n\n<p class=\"wp-block-paragraph\">\u00a0\u00a0 \u00a0 \u00a0 \u00a0 \u00a0 \u00a0 Nede\u013ea po Deviatniku &#8211; MyS &#8211;\u00a0\u013dubom\u00edr Batka st.<\/p>\n","protected":false},"excerpt":{"rendered":"<p>&nbsp; &nbsp; &nbsp; &nbsp; &nbsp; &nbsp; &nbsp; &nbsp; &nbsp; &nbsp; &nbsp; &nbsp; Hospodin poni\u017euje i povy\u0161uje Nie v m\u00fadrosti, nie v sile, ani v sl\u00e1ve, le\u017e v Tebe, Pane, chv\u00e1li\u0165 chceme sa, len v Tebe, ktor\u00fd milosrdne s\u00fadi\u0161 a vedie\u0161 k cie\u013eu zem i nebes\u00e1. Len v Tebe, Bo\u017ee dobr\u00fd, na\u0161a \u013e\u00fabos\u0165, i ke\u010f n\u00e1s &#8230; <a title=\"Hospodin poni\u017euje i povy\u0161uje\" class=\"read-more\" href=\"https:\/\/www.e-anjelik.sk\/index.php\/2026\/02\/07\/hospodin-ponizuje-i-povysuje\/\" aria-label=\"Pre\u010d\u00edtajte si viac o Hospodin poni\u017euje i povy\u0161uje\">\u010c\u00edta\u0165 viac<\/a><\/p>\n","protected":false},"author":4,"featured_media":0,"comment_status":"open","ping_status":"open","sticky":false,"template":"","format":"standard","meta":{"footnotes":""},"categories":[380,121,6],"tags":[],"class_list":["post-38961","post","type-post","status-publish","format-standard","hentry","category-po-deviatniku","category-kazne","category-myjavsky-seniorat"],"_links":{"self":[{"href":"https:\/\/www.e-anjelik.sk\/index.php\/wp-json\/wp\/v2\/posts\/38961","targetHints":{"allow":["GET"]}}],"collection":[{"href":"https:\/\/www.e-anjelik.sk\/index.php\/wp-json\/wp\/v2\/posts"}],"about":[{"href":"https:\/\/www.e-anjelik.sk\/index.php\/wp-json\/wp\/v2\/types\/post"}],"author":[{"embeddable":true,"href":"https:\/\/www.e-anjelik.sk\/index.php\/wp-json\/wp\/v2\/users\/4"}],"replies":[{"embeddable":true,"href":"https:\/\/www.e-anjelik.sk\/index.php\/wp-json\/wp\/v2\/comments?post=38961"}],"version-history":[{"count":4,"href":"https:\/\/www.e-anjelik.sk\/index.php\/wp-json\/wp\/v2\/posts\/38961\/revisions"}],"predecessor-version":[{"id":38966,"href":"https:\/\/www.e-anjelik.sk\/index.php\/wp-json\/wp\/v2\/posts\/38961\/revisions\/38966"}],"wp:attachment":[{"href":"https:\/\/www.e-anjelik.sk\/index.php\/wp-json\/wp\/v2\/media?parent=38961"}],"wp:term":[{"taxonomy":"category","embeddable":true,"href":"https:\/\/www.e-anjelik.sk\/index.php\/wp-json\/wp\/v2\/categories?post=38961"},{"taxonomy":"post_tag","embeddable":true,"href":"https:\/\/www.e-anjelik.sk\/index.php\/wp-json\/wp\/v2\/tags?post=38961"}],"curies":[{"name":"wp","href":"https:\/\/api.w.org\/{rel}","templated":true}]}}