{"id":3900,"date":"2011-11-12T11:55:35","date_gmt":"2011-11-12T11:55:35","guid":{"rendered":"http:\/\/e-anjelik.sk\/?p=3900"},"modified":"2011-11-12T11:55:35","modified_gmt":"2011-11-12T11:55:35","slug":"nova-agenda-velkd-pre-ordinacieinstalacie-rozlucky","status":"publish","type":"post","link":"https:\/\/www.e-anjelik.sk\/index.php\/2011\/11\/12\/nova-agenda-velkd-pre-ordinacieinstalacie-rozlucky\/","title":{"rendered":"Nov\u00e1 Agenda VELKD pre ordin\u00e1cie,in\u0161tal\u00e1cie, rozl\u00fa\u010dky"},"content":{"rendered":"<p>Gener&aacute;lna synoda Spojenej evanjelicko-luter&aacute;nskej cirkvi Nemecka&nbsp;(VELKD) v Magdeburgu prijala nov&uacute; Agendu VELKD pre ordin&aacute;cie s n&aacute;zvom &quot;Povolanie-uvedenie-rozl&uacute;\u010denie&quot;.Slovosled je toto\u017en&yacute; s rovnakou Agendou, ktor&uacute; prijala Konferencia &Uacute;nie evanjelick&yacute;ch cirkv&iacute; (UEK) .T&yacute;m vznik&aacute; po prv&yacute; raz v dejin&aacute;ch EKD mo\u017enos\u0165 rovnak&eacute;ho poriadku ordin&aacute;cie pastorov, poverenia kazate\u013eov, in&scaron;tal&aacute;cie biskupov a \u010dlenov&nbsp;synody&nbsp;vo v&scaron;etk&yacute;ch 22 \u010dlensk&yacute;ch cirkv&aacute;ch EKD. Do platnosti vst&uacute;pi 1. sept. 2012, ke\u010f predt&yacute;m ju e&scaron;te m&aacute; schv&aacute;li\u0165 synoda EKD a Biskupsk&aacute; konferencia VELKD.Oproti doteraj&scaron;ej ordina\u010dnej Agende obsahuje novovydan&aacute; Agenda viacpo\u010detn&eacute; formulky, nov&eacute; modlitby a poskytuje priestor na in&scaron;tal&aacute;ciu nielen ordinovan&yacute;ch, ale aj neordinovan&yacute;ch pracovn&iacute;kov cirkvi. Nov&eacute; s&uacute; poriadky pre slu\u017ebu kazate\u013eov, pre slu\u017ebu lektorov, pre povolanie a s&uacute;hlas u\u010dite\u013eov n&aacute;bo\u017eenstva, pre in&scaron;tal&aacute;ciu a predstavenie kapl&aacute;nov a kapl&aacute;nok. \u010eal&scaron;ie formulky sa vz\u0165ahuj&uacute; pre ekumenicko&nbsp;-misijn&uacute; slu\u017ebu, pre in&scaron;tal&aacute;ciu cirkevn&yacute;ch hudobn&iacute;kov, pre cirkevn&uacute; slu\u017ebu v oblasti det&iacute; a ml&aacute;de\u017ee ako aj \u010dlenov ved&uacute;cich cirkevn&yacute;ch gr&eacute;mi&iacute;. Agenda po prv&yacute; raz uv&aacute;dza poriadok pre l&uacute;\u010denie (so slu\u017ebou).<\/p>\n<p>(<a href=\"http:\/\/www.kirche-mv.de\">www.kirche-mv.de<\/a>)<\/p>\n","protected":false},"excerpt":{"rendered":"<p>Gener&aacute;lna synoda Spojenej evanjelicko-luter&aacute;nskej cirkvi Nemecka&nbsp;(VELKD) v Magdeburgu prijala nov&uacute; Agendu VELKD pre ordin&aacute;cie s n&aacute;zvom &quot;Povolanie-uvedenie-rozl&uacute;\u010denie&quot;.Slovosled je toto\u017en&yacute; s rovnakou Agendou, ktor&uacute; prijala Konferencia &Uacute;nie evanjelick&yacute;ch cirkv&iacute; (UEK) .T&yacute;m vznik&aacute; po prv&yacute; raz v dejin&aacute;ch EKD mo\u017enos\u0165 rovnak&eacute;ho poriadku ordin&aacute;cie pastorov, poverenia kazate\u013eov, in&scaron;tal&aacute;cie biskupov a \u010dlenov&nbsp;synody&nbsp;vo v&scaron;etk&yacute;ch 22 \u010dlensk&yacute;ch cirkv&aacute;ch EKD. Do platnosti &#8230; <a title=\"Nov\u00e1 Agenda VELKD pre ordin\u00e1cie,in\u0161tal\u00e1cie, rozl\u00fa\u010dky\" class=\"read-more\" href=\"https:\/\/www.e-anjelik.sk\/index.php\/2011\/11\/12\/nova-agenda-velkd-pre-ordinacieinstalacie-rozlucky\/\" aria-label=\"Pre\u010d\u00edtajte si viac o Nov\u00e1 Agenda VELKD pre ordin\u00e1cie,in\u0161tal\u00e1cie, rozl\u00fa\u010dky\">\u010c\u00edta\u0165 viac<\/a><\/p>\n","protected":false},"author":22,"featured_media":0,"comment_status":"open","ping_status":"open","sticky":false,"template":"","format":"standard","meta":{"footnotes":""},"categories":[25,233],"tags":[],"class_list":["post-3900","post","type-post","status-publish","format-standard","hentry","category-liturgia","category-modlitby"],"_links":{"self":[{"href":"https:\/\/www.e-anjelik.sk\/index.php\/wp-json\/wp\/v2\/posts\/3900","targetHints":{"allow":["GET"]}}],"collection":[{"href":"https:\/\/www.e-anjelik.sk\/index.php\/wp-json\/wp\/v2\/posts"}],"about":[{"href":"https:\/\/www.e-anjelik.sk\/index.php\/wp-json\/wp\/v2\/types\/post"}],"author":[{"embeddable":true,"href":"https:\/\/www.e-anjelik.sk\/index.php\/wp-json\/wp\/v2\/users\/22"}],"replies":[{"embeddable":true,"href":"https:\/\/www.e-anjelik.sk\/index.php\/wp-json\/wp\/v2\/comments?post=3900"}],"version-history":[{"count":0,"href":"https:\/\/www.e-anjelik.sk\/index.php\/wp-json\/wp\/v2\/posts\/3900\/revisions"}],"wp:attachment":[{"href":"https:\/\/www.e-anjelik.sk\/index.php\/wp-json\/wp\/v2\/media?parent=3900"}],"wp:term":[{"taxonomy":"category","embeddable":true,"href":"https:\/\/www.e-anjelik.sk\/index.php\/wp-json\/wp\/v2\/categories?post=3900"},{"taxonomy":"post_tag","embeddable":true,"href":"https:\/\/www.e-anjelik.sk\/index.php\/wp-json\/wp\/v2\/tags?post=3900"}],"curies":[{"name":"wp","href":"https:\/\/api.w.org\/{rel}","templated":true}]}}