{"id":3902,"date":"2011-11-12T12:27:16","date_gmt":"2011-11-12T12:27:16","guid":{"rendered":"http:\/\/e-anjelik.sk\/?p=3902"},"modified":"2011-11-12T12:27:16","modified_gmt":"2011-11-12T12:27:16","slug":"instalacia-noveho-predsedajuceho-biskupa-velkd","status":"publish","type":"post","link":"https:\/\/www.e-anjelik.sk\/index.php\/2011\/11\/12\/instalacia-noveho-predsedajuceho-biskupa-velkd\/","title":{"rendered":"In\u0161tal\u00e1cia nov\u00e9ho predsedaj\u00faceho biskupa VELKD"},"content":{"rendered":"<p>4. novembra t.r. vo ve\u010dern&yacute;ch hodin&aacute;ch bola v kostole sv.Gertraudy v Magdeburgu in&scaron;tal&aacute;cia nov&eacute;ho ved&uacute;ceho biskupa Spojenej evanjelicko-luter&aacute;nskej cirkvi Nemecka (VELKD) 60-ro\u010dn&eacute;ho&nbsp;Gerhard Ulricha,ktor&eacute;ho zvolili&nbsp;\u010dlenovia gen. synody VELKD.&nbsp;In&scaron;tal&aacute;ciu vykonal dom&aacute;ci krajinsk&yacute; biskup Friedrich Weber.Asistovali mu dom&aacute;ci i zahrani\u010dn&iacute; biskupi.Ulrich za\u010dal &scaron;tudova\u0165 germanistiku, potom divadeln&uacute; vedu a umenie, r. 1974 pre&scaron;iel na &scaron;t&uacute;dium ev. teol&oacute;gie na Hamburskej univerzite. Stal sa kapl&aacute;nom, zborov&yacute;m far&aacute;rom , bol&nbsp;mentorom vzdel&aacute;vania kapl&aacute;nov, riadite\u013eom kazate\u013esk&eacute;ho semin&aacute;ra v Preetz, po piatich rokoch propstom v Angeln. Od r. 2008 je biskupom diec&eacute;zy &Scaron;lezvicka a Hol&scaron;t&iacute;nska Severopolabskej evanjelicko-luter&aacute;nskej cirkvi. Je \u017eenat&yacute; a m&aacute; &scaron;tyroch synov.<\/p>\n<p>(<a href=\"http:\/\/www.evangelisch.de\">www.evangelisch.de<\/a>)<\/p>\n","protected":false},"excerpt":{"rendered":"<p>4. novembra t.r. vo ve\u010dern&yacute;ch hodin&aacute;ch bola v kostole sv.Gertraudy v Magdeburgu in&scaron;tal&aacute;cia nov&eacute;ho ved&uacute;ceho biskupa Spojenej evanjelicko-luter&aacute;nskej cirkvi Nemecka (VELKD) 60-ro\u010dn&eacute;ho&nbsp;Gerhard Ulricha,ktor&eacute;ho zvolili&nbsp;\u010dlenovia gen. synody VELKD.&nbsp;In&scaron;tal&aacute;ciu vykonal dom&aacute;ci krajinsk&yacute; biskup Friedrich Weber.Asistovali mu dom&aacute;ci i zahrani\u010dn&iacute; biskupi.Ulrich za\u010dal &scaron;tudova\u0165 germanistiku, potom divadeln&uacute; vedu a umenie, r. 1974 pre&scaron;iel na &scaron;t&uacute;dium ev. teol&oacute;gie na Hamburskej &#8230; <a title=\"In\u0161tal\u00e1cia nov\u00e9ho predsedaj\u00faceho biskupa VELKD\" class=\"read-more\" href=\"https:\/\/www.e-anjelik.sk\/index.php\/2011\/11\/12\/instalacia-noveho-predsedajuceho-biskupa-velkd\/\" aria-label=\"Pre\u010d\u00edtajte si viac o In\u0161tal\u00e1cia nov\u00e9ho predsedaj\u00faceho biskupa VELKD\">\u010c\u00edta\u0165 viac<\/a><\/p>\n","protected":false},"author":22,"featured_media":0,"comment_status":"open","ping_status":"open","sticky":false,"template":"","format":"standard","meta":{"footnotes":""},"categories":[9,10],"tags":[],"class_list":["post-3902","post","type-post","status-publish","format-standard","hentry","category-europa","category-zo-sveta"],"_links":{"self":[{"href":"https:\/\/www.e-anjelik.sk\/index.php\/wp-json\/wp\/v2\/posts\/3902","targetHints":{"allow":["GET"]}}],"collection":[{"href":"https:\/\/www.e-anjelik.sk\/index.php\/wp-json\/wp\/v2\/posts"}],"about":[{"href":"https:\/\/www.e-anjelik.sk\/index.php\/wp-json\/wp\/v2\/types\/post"}],"author":[{"embeddable":true,"href":"https:\/\/www.e-anjelik.sk\/index.php\/wp-json\/wp\/v2\/users\/22"}],"replies":[{"embeddable":true,"href":"https:\/\/www.e-anjelik.sk\/index.php\/wp-json\/wp\/v2\/comments?post=3902"}],"version-history":[{"count":0,"href":"https:\/\/www.e-anjelik.sk\/index.php\/wp-json\/wp\/v2\/posts\/3902\/revisions"}],"wp:attachment":[{"href":"https:\/\/www.e-anjelik.sk\/index.php\/wp-json\/wp\/v2\/media?parent=3902"}],"wp:term":[{"taxonomy":"category","embeddable":true,"href":"https:\/\/www.e-anjelik.sk\/index.php\/wp-json\/wp\/v2\/categories?post=3902"},{"taxonomy":"post_tag","embeddable":true,"href":"https:\/\/www.e-anjelik.sk\/index.php\/wp-json\/wp\/v2\/tags?post=3902"}],"curies":[{"name":"wp","href":"https:\/\/api.w.org\/{rel}","templated":true}]}}