{"id":3903,"date":"2011-11-13T14:17:55","date_gmt":"2011-11-13T14:17:55","guid":{"rendered":"http:\/\/e-anjelik.sk\/?p=3903"},"modified":"2011-11-13T14:17:55","modified_gmt":"2011-11-13T14:17:55","slug":"strazcovia-nedoprajte-si-pokoja","status":"publish","type":"post","link":"https:\/\/www.e-anjelik.sk\/index.php\/2011\/11\/13\/strazcovia-nedoprajte-si-pokoja\/","title":{"rendered":"Str\u00e1\u017ecovia &#8211; nedoprajte si pokoja!"},"content":{"rendered":"<p>&nbsp;<span class=\"Apple-style-span\" style=\"font-family: Helvetica; font-size: 16px; line-height: normal; \"><b>&nbsp; &nbsp; &nbsp; &nbsp; &nbsp; &nbsp; &nbsp; &nbsp; &nbsp; &nbsp; &nbsp; &nbsp; &nbsp; &nbsp; &nbsp; &nbsp; &nbsp; &nbsp; &nbsp; &nbsp; &nbsp; &nbsp; &nbsp; &nbsp; &nbsp; &nbsp; Str&aacute;\u017ecovia &#8211; nedoprajte si pokoja!<\/b><\/span><\/p>\n<p style=\"margin: 0.0px 0.0px 0.0px 0.0px; font: 16.0px Helvetica\"><span style=\"letter-spacing: 0.0px\"><b>Ez 3,17:<\/b> <i>&ldquo;\u010clove\u010de, urobil som \u0165a str&aacute;\u017ecom domu Izraela. Ke\u010f po\u010duje&scaron; slovo z mojich &uacute;st, varuj ho<\/i><b><i> <\/i><\/b><i>v mojom mene!&rdquo;&nbsp;<\/i><\/span><\/p>\n<p style=\"margin: 0.0px 0.0px 0.0px 0.0px; font: 16.0px Helvetica; min-height: 19.0px\">&nbsp;<\/p>\n<p style=\"margin: 0.0px 0.0px 0.0px 0.0px; font: 16.0px Helvetica\"><span style=\"letter-spacing: 0.0px\"><b>Iz 62,6-7<\/b>:<i> &ldquo;Na tvoje hradby<\/i><b><i>,<\/i><\/b><i> Jeruzalem, ustanovil som str&aacute;\u017ecov. Cel&yacute; de\u0148 a cel&uacute; noc nikdy nesm&uacute; ml\u010da\u0165. Vy ktor&iacute; upom&iacute;nate Hospodina,<\/i><b><i> <\/i><\/b><i>nedoprajte si pokoja! Ani Jemu nedajte pokoja, pokia\u013e neupevn&iacute; Jeruzalem a nesprav&iacute; ho chv&aacute;lou na zemi&rdquo;. Amen.<\/i><\/span><\/p>\n<p style=\"margin: 0.0px 0.0px 0.0px 0.0px; font: 16.0px Helvetica; min-height: 19.0px\">&nbsp;<\/p>\n<p style=\"margin: 0.0px 0.0px 0.0px 0.0px; font: 16.0px Helvetica\"><span style=\"letter-spacing: 0.0px\">&nbsp;&nbsp; &nbsp; Mil&iacute; bratia a sestry!<\/span><\/p>\n<p style=\"margin: 0.0px 0.0px 0.0px 0.0px; font: 16.0px Helvetica; min-height: 19.0px\">&nbsp;<\/p>\n<p style=\"margin: 0.0px 0.0px 0.0px 0.0px; font: 16.0px Helvetica\"><span style=\"letter-spacing: 0.0px\">Ktor&aacute; slu\u017eba ako prv&aacute; v&aacute;s napadne, ke\u010f po\u010dujete slovo <b>str&aacute;\u017eca<\/b>?<\/span><\/p>\n<p style=\"margin: 0.0px 0.0px 0.0px 0.0px; font: 16.0px Helvetica\"><span style=\"letter-spacing: 0.0px\">Mu\u017ei, ktor&iacute; boli na vojne, si mo\u017eno spomen&uacute; na svoju prv&uacute; &ldquo;stojku&rdquo;, ako sa hovorilo o vojenskej str&aacute;\u017enej slu\u017ebe, najm&auml; v noci. Str&aacute;\u017eia sa objekty s mun&iacute;ciou, ale aj kas&aacute;rne. Str&aacute;\u017ei sa hranica, ale aj vzdu&scaron;n&yacute; a vodn&yacute; priestor &scaron;t&aacute;tu. Na brehu mora stoja maj&aacute;ky, ktor&eacute; maj&uacute; tie\u017e svojich str&aacute;\u017ecov. Pr&aacute;ve tak b&yacute;vala aj na lodiach str&aacute;\u017ena slu\u017eba, ako to pozn&aacute;me z dobrodru\u017ench rom&aacute;nov. Str&aacute;\u017eca z ko&scaron; na s\u0165a\u017eni volal: Zem na obzore! -alebo: Pozor! -&uacute;tesy,- plyt\u010diny! V&scaron;etko to boli nebezpe\u010dn&eacute; miesta pre plaviacu sa lo\u010f. Na letisk&aacute;ch s&uacute; dnes radary, ale aj pri nich mus&iacute; ma\u0165 slu\u017ebu vy&scaron;kolen&yacute; a v\u017edy pozorn&yacute; \u010dlovek &#8211; str&aacute;\u017eca. Str&aacute;\u017ecovia poriadku s&uacute; potrebn&iacute; na cest&aacute;ch, aj v podnikoch. Dnes s&uacute; aj pred bankami a in&yacute;mi in&scaron;tit&uacute;ciami. Str&aacute;\u017ecov neub&uacute;da ani v EU, aj ke\u010f je hran&iacute;c zdanlivo menej ako predt&yacute;m.&nbsp;<\/span><\/p>\n<p style=\"margin: 0.0px 0.0px 0.0px 0.0px; font: 16.0px Helvetica\"><span style=\"letter-spacing: 0.0px\">&nbsp;&nbsp; &nbsp; Kedysi mali str&aacute;\u017eov aj v&scaron;etky ohraden&eacute; mest&aacute;, ako sa to spom&iacute;na v dne&scaron;nom slove P&iacute;sma o Jeruzaleme. Ale aj na dedin&aacute;ch boli str&aacute;\u017ecovia, tzv. no\u010dn&iacute; vart&aacute;&scaron;i a hl&aacute;snici. Ohlasovali nielen no\u010dn&uacute; hodinu, ale aj bdeli, aby nevzniklo nebezpe\u010denstvo po\u017eiaru, alebo nejakej nekalej \u010dinnosti.<\/span><\/p>\n<p style=\"margin: 0.0px 0.0px 0.0px 0.0px; font: 16.0px Helvetica; min-height: 19.0px\"><span style=\"letter-spacing: 0.0px\">&nbsp; &nbsp; &nbsp;<\/span><\/p>\n<p style=\"margin: 0.0px 0.0px 0.0px 0.0px; font: 16.0px Helvetica\"><span style=\"letter-spacing: 0.0px\">&nbsp;&nbsp; &nbsp; <b>N&aacute;s v&scaron;ak zauj&iacute;ma str&aacute;\u017ena slu\u017eba v cirkvi<\/b>.<\/span><\/p>\n<p style=\"margin: 0.0px 0.0px 0.0px 0.0px; font: 16.0px Helvetica\"><span style=\"letter-spacing: 0.0px\">Ide o slu\u017ebu, ktor&uacute; by sme mohli nazva\u0165 slu\u017ebou <b>prorockou.<\/b> Existovala u\u017e v spolo\u010denstve Izraela, ale jej po\u010diatok treba vidie\u0165 ove\u013ea sk&ocirc;r. <b>Spo\u010d&iacute;va toti\u017e v Bo\u017eom stvorite\u013eskom poriadku<\/b>. Bola tu teda od po\u010diaktu sveta a \u017eivota \u010dloveka. Adam a jeho \u017eena dostali od P&aacute;na Boha nezastupite\u013en&uacute; &uacute;lohu. Obr&aacute;ba\u0165 a <b>str&aacute;\u017ei\u0165<\/b> stvoren&yacute; <b>raj<\/b>, aby ho nepohltila pustatina, ale naopak, aby sa cel&aacute; zem stala ob&yacute;vanou a &uacute;rodnou. Najm&auml; v&scaron;ak mali da\u0165 pozor na seba, <b>toti\u017e&nbsp; na svoj vz\u0165ah s P&aacute;nom Bohom.<\/b> Ako vieme, Adam i Eva na tejto str&aacute;\u017ei &ldquo;zaspali&rdquo; a nechali sa zmanipulova\u0165 nepriate\u013eom Bo\u017e&iacute;m. Sami sa tak stali Bo\u017e&iacute;mi nepriate\u013emi. <b>Kain<\/b> pokra\u010doval podobne. Nedbal na spr&aacute;vny vz\u0165ah s P&aacute;nom Bohom a ani na spr&aacute;vny vz\u0165ah s bratom &Aacute;belom. Tento naru&scaron;en&yacute; vz\u0165ah vy&uacute;stil do bratrovra\u017edy. Ani potom nec&iacute;til v&yacute;\u010ditky svedomia. Na Bo\u017eie zavolanie: &ldquo;Kde je tvoj brat, &Aacute;bel?&rdquo; &#8211; odpovedal drzo: &ldquo;<i>\u010ci som ja str&aacute;\u017ecom svojho brata&rdquo; ?!&nbsp;<\/i><\/span><\/p>\n<p style=\"margin: 0.0px 0.0px 0.0px 0.0px; font: 16.0px Helvetica; min-height: 19.0px\"><span style=\"letter-spacing: 0.0px\"><i>&nbsp; &nbsp; &nbsp;<\/i><\/span><\/p>\n<p style=\"margin: 0.0px 0.0px 0.0px 0.0px; font: 16.0px Helvetica\"><span style=\"letter-spacing: 0.0px\">&nbsp; &nbsp; V Izraeli si P&aacute;n Boh povol&aacute;val<b> prorokov ako str&aacute;\u017ecov pravej viery<\/b>.<b> I&scaron;lo o to, aby sa viera v Boha Stvorite\u013ea a P&aacute;na nestala falo&scaron;nou vierou a falo&scaron;nou d&ocirc;verou vo veci stvoren&eacute;.<\/b> V tomto zmysle bolo &uacute;lohou prorokov pripom&iacute;\u0148a\u0165 d\u0148om &#8211; nocou Izraelu: <i>&ldquo;&Scaron;em&aacute;&#8230;Po\u010duj Izrael, Hospodin je tvoj jedin&yacute; Boh, nebude&scaron; ma\u0165 in&yacute;ch bohov okrem m\u0148a&rdquo;!<\/i><\/span><\/p>\n<p style=\"margin: 0.0px 0.0px 0.0px 0.0px; font: 16.0px Helvetica; min-height: 19.0px\"><span style=\"letter-spacing: 0.0px\"><i>&nbsp; &nbsp; &nbsp;<\/i><\/span><\/p>\n<p style=\"margin: 0.0px 0.0px 0.0px 0.0px; font: 16.0px Helvetica\"><span style=\"letter-spacing: 0.0px\">&nbsp; &nbsp; &nbsp; Popri pravej viere, bolo treba str&aacute;\u017ei\u0165 aj spr&aacute;vny vz\u0165ah k bl&iacute;\u017enym, po\u010dn&uacute;c od t&yacute;ch najbli\u017e&scaron;&iacute;ch: &ldquo;<i>Cti si otca i matku, aby si dlho \u017eil na zemi&rdquo;! <\/i><b>Tu, v z&aacute;kladnej bunke cirkvi a spolo\u010dnosti &#8211; v man\u017eelstve a potom v rodine, za\u010d&iacute;na a m&aacute; \u010falej pokra\u010dova\u0165 \u010fal&scaron;ia d&ocirc;le\u017eit&aacute; slu\u017eba, do ktorej je povolan&yacute; ka\u017ed&yacute; \u010dlovek.&nbsp;<\/b><\/span><\/p>\n<p style=\"margin: 0.0px 0.0px 0.0px 0.0px; font: 16.0px Helvetica; min-height: 19.0px\">&nbsp;<\/p>\n<p style=\"margin: 0.0px 0.0px 0.0px 0.0px; font: 16.0px Helvetica\"><span style=\"letter-spacing: 0.0px\">&nbsp;&nbsp; &nbsp; Nechcem sa ako vami vyvolen&yacute; far&aacute;r CZ vyhov&aacute;ra\u0165 z tejto prorockej, \u010di iej slu\u017eby. Ve\u010f pozn&aacute;me slovo ap. Pavla napr. z listu efezsk&yacute;m kres\u0165anom: <i>&ldquo;A On <\/i>&#8211; toti\u017e Kristus P&aacute;n &#8211; <i>ustanovil jedn&yacute;ch za apo&scaron;tolov, in&yacute;ch za prorokov, zase in&yacute;ch za evajelistov a in&yacute;ch za pastierov a u\u010dite\u013eov, aby pripravovali sv&auml;t&yacute;ch (pokrsten&yacute;ch) na dielo slu\u017eby, budova\u0165 telo Kristovo, a\u017e v&scaron;etci dospejeme k jednote vo viere a poznan&iacute; syna Bo\u017eieho..<\/i>.&rdquo;(Ef 4,11-13) Slu\u017eba zborov&eacute;ho far&aacute;ra je iste aj slu\u017ebou prorockou a teda v skuto\u010dnosti <b>str&aacute;\u017enou slu\u017ebou<\/b> nad zveren&yacute;mi du&scaron;ami.<\/span><\/p>\n<p style=\"margin: 0.0px 0.0px 0.0px 0.0px; font: 16.0px Helvetica; min-height: 19.0px\">&nbsp;<\/p>\n<p style=\"margin: 0.0px 0.0px 0.0px 0.0px; font: 16.0px Helvetica\"><span style=\"letter-spacing: 0.0px\">&nbsp;&nbsp; Mil&iacute; bratia a sestry!&nbsp;<\/span><\/p>\n<p style=\"margin: 0.0px 0.0px 0.0px 0.0px; font: 16.0px Helvetica\"><span style=\"letter-spacing: 0.0px\">Tieto slov&aacute; by naozaj nemali by\u0165 nik&yacute;m pochopen&eacute; zle. Nie je to nijak&eacute; vyvy&scaron;ovanie, alebo h\u013eadanie &ldquo;<i>dvojitej cti<\/i>&rdquo; (1 Tim 5,17)-&nbsp; i ke\u010f aj to je pravda, \u017ee &ldquo;komu \u010des\u0165, tomu \u010des\u0165, pastierovi tr&uacute;ba.&rdquo;..<\/span><\/p>\n<p style=\"margin: 0.0px 0.0px 0.0px 0.0px; font: 16.0px Helvetica; min-height: 19.0px\"><span style=\"letter-spacing: 0.0px\">&nbsp; &nbsp;<\/span><\/p>\n<p style=\"margin: 0.0px 0.0px 0.0px 0.0px; font: 16.0px Helvetica\"><span style=\"letter-spacing: 0.0px\">&nbsp; Chcem sa v&scaron;ak aj dnes&nbsp; obr&aacute;ti\u0165 na v&aacute;s, ako na &ldquo;sv&auml;t&yacute;ch&rdquo;, toti\u017e pokrsten&yacute;ch t&yacute;m ist&yacute;m Krstom a tak aj Duchom Sv&auml;t&yacute;m <b>povolan&yacute;ch k str&aacute;\u017enej slu\u017ebe nad na&scaron;&iacute;m spolo\u010dn&yacute;m domom<\/b> &#8211; <b>nad na&scaron;ou evanjelickou .a. v. cirkvou.<\/b>. Aj ona bezosporu je a m&aacute; by\u0165 na\u010falej<b> telom Kristov&yacute;m<\/b>. <b>Je pravou cirkvou a pravou \u010das\u0165ou Jeho tela, za ktor&eacute; m&aacute;me spolo\u010dn&uacute; zodpovednos\u0165.<\/b><\/span><\/p>\n<p style=\"margin: 0.0px 0.0px 0.0px 0.0px; font: 16.0px Helvetica; min-height: 19.0px\"><span style=\"letter-spacing: 0.0px\"><b>&nbsp;&nbsp; &nbsp;<\/b><\/span><\/p>\n<p style=\"margin: 0.0px 0.0px 0.0px 0.0px; font: 16.0px Helvetica\"><span style=\"letter-spacing: 0.0px\"><b>\u010co patr&iacute; k tej najaktu&aacute;lnej&scaron;ej a najd&ocirc;le\u017eitej&scaron;ej spolo\u010dnej slu\u017ebe<\/b>? &#8211; Ke\u010f\u017ee sa bl&iacute;\u017eime k reforma\u010dn&eacute;mu sviatku, odpoviem, \u017ee je to str&aacute;\u017ena slu\u017eba nad \u010dist&yacute;m zvestovan&iacute;m evanjelia P&aacute;na Je\u017ei&scaron;a Krista, spr&aacute;vne vysvet\u013eovan&eacute;ho a pochopen&eacute;ho v duchu na&scaron;ich Symbolick&yacute;ch kn&iacute;h a vyznan&iacute;. My na jednej strane m&ocirc;\u017eeme a m&aacute;me by\u0165 otvoren&iacute; vo\u010di r&ocirc;znym in&yacute;m vieorvyznaniam, m&ocirc;\u017eeme sa s nimi streta\u0165 a dokonca spolupracova\u0165 v nejakej oblasti, ale to neznamen&aacute;, \u017ee m&aacute;me strati\u0165 svoju identitu, svoju tv&aacute;r, svoje u\u010denie a presved\u010denie, za ktor&eacute; na&scaron;i predkovia vo viere&nbsp; bojovali, trpeli a zomierali mu\u010den&iacute;ckou smr\u0165ou.<\/span><\/p>\n<p style=\"margin: 0.0px 0.0px 0.0px 0.0px; font: 16.0px Helvetica\"><span style=\"letter-spacing: 0.0px\">Ide v&scaron;ak s&uacute;\u010dasne aj o to, aby sme toto <b>evanjelium, ako z&aacute;klad <\/b>v&scaron;etk&eacute;ho v cirkvi odovz&aacute;vali na&scaron;im potomkom! <b>Slov&aacute; Kristove <\/b>&#8211; to s&uacute; tie hradby, ktor&eacute; n&aacute;s chr&aacute;nia a d&aacute;vaj&uacute; n&aacute;m istotu, \u017ee n&aacute;s nepohlt&iacute; a nezni\u010d&iacute; nijak&yacute; nepriate\u013e. Iba tak, ak na nich stoj&iacute;me, n&aacute;m neu&scaron;kod&iacute; hriech, diabol ani smr\u0165.<\/span><\/p>\n<p style=\"margin: 0.0px 0.0px 0.0px 0.0px; font: 16.0px Helvetica; min-height: 19.0px\"><span style=\"letter-spacing: 0.0px\">&nbsp;&nbsp; &nbsp; &nbsp; &nbsp;<\/span><\/p>\n<p style=\"margin: 0.0px 0.0px 0.0px 0.0px; font: 16.0px Helvetica\"><span style=\"letter-spacing: 0.0px\">&nbsp; &nbsp; &nbsp; Na <b>nebezpe\u010dentvo hriechu<\/b> m&ocirc;\u017eu, ba dokonca by mali upozor\u0148ova\u0165 na&scaron;e deti aj in&iacute; \u013eudia a str&aacute;\u017ecovia mravnosti, slu&scaron;nosti a \u013eudskosti. Nie som si celom ist&yacute;, \u010di sa ale na mnoh&yacute;ch z nich, \u010di u\u017e s&uacute; napr. z kruhov u\u010dite\u013eov, umelcov, politikov, ekon&oacute;mov,&nbsp; lek&aacute;rov, sudcov a in&yacute;ch d&aacute; spo\u013eahn&uacute;\u0165. Samozrejme, <b>\u010des\u0165 v&yacute;nimk&aacute;m. <\/b>Ak si ale sami nebudeme v&aacute;\u017ei\u0165 na&scaron;e duchovn&eacute; dedi\u010dstvo, nikto in&yacute; n&aacute;m ho neochr&aacute;ni. Nijak&iacute; z&aacute;konod&aacute;rcovia, ktor&iacute; sleduj&uacute; neraz iba vlastn&eacute; ciele.<\/span><\/p>\n<p style=\"margin: 0.0px 0.0px 0.0px 0.0px; font: 16.0px Helvetica; min-height: 19.0px\"><span style=\"letter-spacing: 0.0px\">&nbsp;&nbsp; &nbsp;<\/span><\/p>\n<p style=\"margin: 0.0px 0.0px 0.0px 0.0px; font: 16.0px Helvetica\"><span style=\"letter-spacing: 0.0px\">Preto opusti\u0165 hradby n&aacute;&scaron;ho evanjelick&eacute;ho Siona a zanecha\u0165 str&aacute;\u017enu slu\u017ebu, alebo jednoducho nebdie\u0165, ale driema\u0165, alebo spa\u0165 &#8211; je hriech, ktor&yacute; neostane bez n&aacute;sledkov!&nbsp; My si svoje mus&iacute;me ustr&aacute;\u017ei\u0165 a je na&scaron;ou povinnos\u0165ou: varova\u0165, vola\u0165 na poplach, <b>d&aacute;va\u0165 pozor na u\u010denie i mor&aacute;lne hodnoty a \u010distotu svedomia!<\/b><\/span><\/p>\n<p style=\"margin: 0.0px 0.0px 0.0px 0.0px; font: 16.0px Helvetica; min-height: 19.0px\"><span style=\"letter-spacing: 0.0px\">&nbsp; &nbsp; &nbsp;<\/span><\/p>\n<p style=\"margin: 0.0px 0.0px 0.0px 0.0px; font: 16.0px Helvetica\"><span style=\"letter-spacing: 0.0px\">Diabol st&aacute;le obch&aacute;dza ak rev&uacute;ci lev, h\u013eadja&uacute;c, koho by zo\u017eral -hovor&iacute; apo&scaron;tolsk&eacute; napomenutie. Vieme, \u017ee diabol prenikol aj do kruhu 12-tich apo&scaron;tolov a vykonal svoje zhubn&eacute; dielo! Preto d&aacute;vajme pozor&nbsp; <i>&ldquo;na seba i na u\u010denie&rdquo;<\/i> , ako nap&iacute;sa. ap. Pavol mlad&eacute;mu \u017eiakovi Timoteovi.<\/span><\/p>\n<p style=\"margin: 0.0px 0.0px 0.0px 0.0px; font: 16.0px Helvetica; min-height: 19.0px\">&nbsp;<\/p>\n<p style=\"margin: 0.0px 0.0px 0.0px 0.0px; font: 16.0px Helvetica\"><span style=\"letter-spacing: 0.0px\">&nbsp;&nbsp; &nbsp; &nbsp; Viete, \u017ee pokia\u013e ide o hmotn&eacute; veci, napr. cirkevn&yacute; majetok &#8211; nepodarilo sa n&aacute;m <b>ani dnes, ani mnoho razy v dejin&aacute;ch uchr&aacute;ni\u0165 ho pred &ldquo;zachvat\u010dikmi&rdquo;, uchvatite\u013emi<\/b>. Pri&scaron;li sme o kostol, pri&scaron;li sme o faru, &scaron;kolu, o polia, l&uacute;ky a d&ocirc;chodky, ktor&eacute;, &#8211; ako zap&iacute;sal biskup<b> Iz&aacute;k Abrahamides vo vizita\u010dnom protokole v r.1612&nbsp; -daroval evanjelickej cirkvi Macek Mysl&iacute;k, s &uacute;myslom &ldquo;na ve\u010dnos\u0165&rdquo;. <\/b>Podobne majetok, ktor&yacute; jej dal <b>&Scaron;tefan Pap<\/b>, zeman z Rovenska, gr&oacute;f <b>\u013dudov&iacute;t Ny&aacute;ri<\/b> a in&iacute;. Pri&scaron;li sme aj o in&eacute; budovy a aj dnes \u010del&iacute;me tlaku, aby sme sa ich sami vzdali, ke\u010f sa ich nepodarilo nepriate\u013eom cirkvi odobra\u0165 v minulosti.<\/span><\/p>\n<p style=\"margin: 0.0px 0.0px 0.0px 0.0px; font: 16.0px Helvetica; min-height: 19.0px\"><span style=\"letter-spacing: 0.0px\">&nbsp;&nbsp; &nbsp; &nbsp;<\/span><\/p>\n<p style=\"margin: 0.0px 0.0px 0.0px 0.0px; font: 16.0px Helvetica\"><span style=\"letter-spacing: 0.0px\">&nbsp;Aj v celocirkevnom mer&iacute;tku vid&iacute;me z&aacute;pas o navr&aacute;tenie \/re&scaron;tit&uacute;ciu\/ cirkevn&eacute;ho majetku. Niekedy je to z&aacute;pas aj &uacute;spe&scaron;n&yacute;, ako sa to stalo so<b> star&yacute;m a nov&yacute;m pre&scaron;ovsk&yacute;m Kol&eacute;giom<\/b>, ako sa to st&aacute;le deje so zn&aacute;mym evanjelick&yacute;m <b>L&yacute;ceom v Bratislave<\/b>. Tu v&scaron;ak &#8211; pokia\u013e ide o hmotn&eacute; veci plat&iacute; slovo z na&scaron;ej evanjelickej hymny: <i>&ldquo;M&ocirc;\u017eu zni\u010di\u0165 v&scaron;etok rod i majeotk, vzia\u0165 \u010des\u0165, hrdlo, dom, n&aacute;&scaron; poklad nie je v tom, nebes&aacute; n&aacute;m zostan&uacute;&rdquo;<\/i>. (ES 262,4)&nbsp;<\/span><\/p>\n<p style=\"margin: 0.0px 0.0px 0.0px 0.0px; font: 16.0px Helvetica; min-height: 19.0px\"><span style=\"letter-spacing: 0.0px\">&nbsp;&nbsp;<\/span><\/p>\n<p style=\"margin: 0.0px 0.0px 0.0px 0.0px; font: 16.0px Helvetica\"><span style=\"letter-spacing: 0.0px\"><b>To, \u010do mus&iacute;me predov&scaron;etk&yacute;m spolo\u010dne str&aacute;\u017ei\u0165, to je \u010distota u\u010denia. <\/b>Aby potom t&iacute;, ktor&iacute; maj&uacute; &#8211; ako mlad&eacute; &ldquo;ratolesti a ratoliestky v na&scaron;ej cirkvi r&aacute;s\u0165 a raz prin&aacute;&scaron;a\u0165 dobr&uacute; a pekn&uacute; &uacute;rodu &#8211; predsa len zakvitli a potom priniesli aj po\u017eehnan&uacute; &uacute;rodu: sebe, cirkvi i n&aacute;rodu.<\/span><\/p>\n<p style=\"margin: 0.0px 0.0px 0.0px 0.0px; font: 16.0px Helvetica\"><span style=\"letter-spacing: 0.0px\">Mlad&aacute; gener&aacute;cia &scaron;t&uacute;rovcov, ktorej \u010dinnos\u0165 neobi&scaron;la ani niekdaj&scaron;ie Soboti&scaron;te, mala k tomu<b> jednoduch&yacute; a skvel&yacute; program <\/b>svojho vodcu a u\u010dite\u013ea <b>\u013dudov&iacute;ta &Scaron;t&uacute;ra<\/b>: <b>&ldquo;Ve\u013ea tvori\u0165, m&aacute;lo trovi\u0165 a u\u010di\u0165 sa!<\/b><\/span><\/p>\n<p style=\"margin: 0.0px 0.0px 0.0px 0.0px; font: 16.0px Helvetica; min-height: 19.0px\"><span style=\"letter-spacing: 0.0px\">&nbsp; &nbsp;<\/span><\/p>\n<p style=\"margin: 0.0px 0.0px 0.0px 0.0px; font: 16.0px Helvetica\"><span style=\"letter-spacing: 0.0px\">&nbsp;&nbsp; &nbsp; Mil&iacute; bratia a sestry!&nbsp;<\/span><\/p>\n<p style=\"margin: 0.0px 0.0px 0.0px 0.0px; font: 16.0px Helvetica\"><span style=\"letter-spacing: 0.0px\">Na&scaron;e hradby s&uacute; s\u010diastky naru&scaron;en&eacute;, s\u010diastky opusten&eacute;, s\u010diastky dokonca zraden&eacute;. Ale ten, kto sa c&iacute;ti by\u0165 Kristov \u010dlovek, je a zostane str&aacute;\u017ecom aj v \u0165a\u017ekom polo\u017een&iacute;. Chodenie v hriechu je cesta do pekla. P&ocirc;sob&iacute; duchovn&uacute; mal&aacute;tnos\u0165 a v kone\u010dnom d&ocirc;sledku zradu nielen cirkvi ako takej, ale aj svojich najbli\u017e&scaron;&iacute;ch.<\/span><\/p>\n<p style=\"margin: 0.0px 0.0px 0.0px 0.0px; font: 16.0px Helvetica\"><span style=\"letter-spacing: 0.0px\">&nbsp;&nbsp; &nbsp; Ko\u013ek&iacute; star&iacute; rodi\u010dia, evanjelici, sa u\u017e pozeraj&uacute; na to, ako sa ich vnuci a vnu\u010dky modlia&nbsp; &ldquo;Zdravas&rdquo;? Ko\u013ek&iacute; mlad&iacute; \u017eij&uacute; sami, opusten&iacute;, rozveden&iacute; a rozvaden&iacute;? Ak str&aacute;\u017ecovia v prav&yacute; \u010das nestr&aacute;\u017eili s k&yacute;m sa priatelili, s k&yacute;m &ldquo;chodili&rdquo;&nbsp; ich deti, vn&uacute;\u010dat&aacute;, \u010di krstn&eacute; deti, dnes s&uacute; zrazu prekvapen&iacute;!&nbsp; Zauj&iacute;mame sa o to, str&aacute;\u017eime, s k&yacute;m nadv&auml;zuj&uacute; v&aacute;\u017ene zn&aacute;mosti na&scaron;e det&iacute;, vnuci a vnu\u010dky?<\/span><\/p>\n<p style=\"margin: 0.0px 0.0px 0.0px 0.0px; font: 16.0px Helvetica; min-height: 19.0px\"><span style=\"letter-spacing: 0.0px\">&nbsp;&nbsp; &nbsp;<\/span><\/p>\n<p style=\"margin: 0.0px 0.0px 0.0px 0.0px; font: 16.0px Helvetica\"><span style=\"letter-spacing: 0.0px\">&nbsp;&nbsp; &nbsp; Napokon si pripome\u0148me aj tie slov&aacute; proroka Izai&aacute;&scaron;a, ktor&yacute;mi nielen horl&iacute; za posilnenie str&aacute;\u017enej slu\u017eby na hradb&aacute;ch Siona, ale aj smerom do vlastn&eacute;ho vn&uacute;tra a srdca. &ldquo;<b>Vy, ktor&iacute; upom&iacute;nate Hospodina, nedoprajte si pokoja!<\/b> Hospodina upom&iacute;na\u0165 m&ocirc;\u017eme a m&aacute;me na&scaron;imi modlitbami! Ve\u010f nie je hanba, ak vol&aacute;me o pomoc Najsilnej&scaron;ieho, ak pros&iacute;me o milos\u0165 Najmilostivej&scaron;ieho, o l&aacute;sku Najl&aacute;skavej&scaron;ieho a dary Ducha Najsv&auml;tej&scaron;ieho. \/Najsv&auml;tej&scaron;&iacute;!&#8212;\/<\/span><\/p>\n<p style=\"margin: 0.0px 0.0px 0.0px 0.0px; font: 16.0px Helvetica\"><span style=\"letter-spacing: 0.0px\">Ak h\u013ead&aacute;me povzbudenie ducha, ale aj silu l&aacute;sky k ostatkom, ktor&eacute; za\u010dali mo\u017eno odumiera\u0165.&nbsp;<\/span><\/p>\n<p style=\"margin: 0.0px 0.0px 0.0px 0.0px; font: 16.0px Helvetica\"><span style=\"letter-spacing: 0.0px\">&nbsp;&nbsp; &nbsp; Nedoprajte si pokoja, otcovia a matky v str&aacute;\u017enej slu\u017ebe v napom&iacute;nan&iacute;, v pr&iacute;klade horlivosti i na modlitb&aacute;ch! Tu v chr&aacute;me i&nbsp; doma. M&aacute;te azda na tomto svete nie\u010do cennej&scaron;ie ako&nbsp; svoje rodiny, deti a vn&uacute;\u010dat&aacute;? Mysl&iacute;m, \u017ee nie.&nbsp; Ak teda vyzn&aacute;te, \u017ee nie je hanbou poveda\u0165 si so \u017ealmistom: &ldquo;<i>Pozdvihujem si o\u010di k vrchom, odkia\u013e mi pr&iacute;de pomoc&rdquo;<\/i><b><i> <\/i><\/b>?- povzbu\u010fme sa vyznan&iacute;m: &ldquo;Od Hospodina moja pomoc, ktor&yacute; u\u010dinil nebo i zem&rdquo;! (\u017d 1211-2) Ak to nevie&scaron;, \u010di nedok&aacute;\u017ee&scaron; s&aacute;m, mil&yacute; brat, mil&aacute; sestra, je takou \u0165a\u017ekou vecou vyzna\u0165 so \u017ealmistom: &ldquo;<i>Radoval som sa, ke\u010f mi hovorili: po\u010fme do domu Hospodinovho&rdquo;! (\u017d 122, 1) <\/i>Lebo je pravdiv&eacute; slovo P&iacute;sma :<i>&rdquo;Ak Hospodin nestavia dom, m&aacute;rne sa nam&aacute;haj&uacute; stavitelia! Ak Hospodin nestr&aacute;\u017ei mesto, m&aacute;rne bdie str&aacute;\u017enik! M&aacute;rne v&aacute;m zav\u010dasu vst&aacute;va\u0165 a neskro si sada\u0165, jes\u0165 v bolesti vyroben&yacute; chlieb, dos\u0165 d&aacute;va svojmu mil&eacute;mu v sp&aacute;nku. (\u017d 127,1-2)<\/i><\/span><\/p>\n<p style=\"margin: 0.0px 0.0px 0.0px 0.0px; font: 16.0px Helvetica; min-height: 19.0px\">&nbsp;<\/p>\n<p style=\"margin: 0.0px 0.0px 0.0px 0.0px; font: 16.0px Helvetica\"><span style=\"letter-spacing: 0.0px\">&nbsp; &nbsp; &nbsp; &nbsp; &nbsp; Mil&iacute; priatelia, bratia a sestry, mil&iacute; spolustr&aacute;\u017ecovia!&nbsp;<\/span><\/p>\n<p style=\"margin: 0.0px 0.0px 0.0px 0.0px; font: 16.0px Helvetica; min-height: 19.0px\"><span style=\"letter-spacing: 0.0px\">&nbsp;<\/span><\/p>\n<p style=\"margin: 0.0px 0.0px 0.0px 0.0px; font: 16.0px Helvetica\"><span style=\"letter-spacing: 0.0px\">&nbsp; &nbsp; &nbsp; Pre jednotu EU, jej existenciu a mier &#8211; medzi e&scaron;te nie tak d&aacute;vno nepriate\u013esk&yacute;mi n&aacute;rodmi Eur&oacute;py, &#8211;&nbsp; m&ocirc;\u017ee padn&uacute;\u0165 aj vl&aacute;da. Nie je to \u017eiadna katastrofa.&nbsp; Ak ide<b> o vy&scaron;&scaron;ie hodnoty<\/b>, netreba \u013eutova\u0165 ni\u010d. Ani peniaze a n&aacute;mahu. Ak <b>ide o ve\u010dn&yacute; \u017eivot<\/b>, o sp&aacute;su du&scaron;e, <b>\u017eiadna \u010dasn&aacute; obe\u0165<\/b>: ani \u010dasu, ani horlivosti a neust&aacute;lej bdelosti nie je prive\u013ek&aacute;!&nbsp;<\/span><\/p>\n<p style=\"margin: 0.0px 0.0px 0.0px 0.0px; font: 16.0px Helvetica\"><span style=\"letter-spacing: 0.0px\">Str&aacute;\u017ecovia evanjelick&eacute;ho Siona, otcovia a matky rod&iacute;n! V&scaron;etci str&aacute;\u017ecovia: <b>Nespite a nedoprajte si pokoja!<\/b>&nbsp; Aby v&aacute;&scaron; chv&aacute;lospev napokon predsa zaznel!&nbsp; Aby znel \u010disto, mocne a radostne. Teraz i trvalo. Na veky vekov! Amen.<\/span><\/p>\n<p style=\"margin: 0.0px 0.0px 0.0px 0.0px; font: 16.0px Helvetica; min-height: 19.0px\"><span style=\"letter-spacing: 0.0px\">&nbsp; &nbsp; &nbsp; &nbsp; &nbsp;<\/span><\/p>\n<p style=\"margin: 0.0px 0.0px 0.0px 0.0px; font: 12.0px Helvetica\"><span style=\"font: 16.0px Helvetica; letter-spacing: 0.0px\">&nbsp; &nbsp; &nbsp; &nbsp; &nbsp; &nbsp; &nbsp; &nbsp; &nbsp; &nbsp; &nbsp; &nbsp; &nbsp; &nbsp; &nbsp; &nbsp; &nbsp; &nbsp; &nbsp; &nbsp; &nbsp; &nbsp; &nbsp;&nbsp;<\/span><span style=\"letter-spacing: 0.0px\">Soboti&scaron;te 16.X.2011 &#8211; 17.N. po Sv.Tr. &#8211;&nbsp; \u013d.Batka st.<\/span><\/p>\n<p style=\"margin: 0.0px 0.0px 0.0px 0.0px; font: 16.0px Helvetica; min-height: 19.0px\"><span style=\"letter-spacing: 0.0px\">&nbsp; &nbsp;<\/span><\/p>\n","protected":false},"excerpt":{"rendered":"<p>&nbsp;&nbsp; &nbsp; &nbsp; &nbsp; &nbsp; &nbsp; &nbsp; &nbsp; &nbsp; &nbsp; &nbsp; &nbsp; &nbsp; &nbsp; &nbsp; &nbsp; &nbsp; &nbsp; &nbsp; &nbsp; &nbsp; &nbsp; &nbsp; &nbsp; &nbsp; &nbsp; Str&aacute;\u017ecovia &#8211; nedoprajte si pokoja! Ez 3,17: &ldquo;\u010clove\u010de, urobil som \u0165a str&aacute;\u017ecom domu Izraela. Ke\u010f po\u010duje&scaron; slovo z mojich &uacute;st, varuj ho v mojom mene!&rdquo;&nbsp; &nbsp; Iz 62,6-7: &ldquo;Na &#8230; <a title=\"Str\u00e1\u017ecovia &#8211; nedoprajte si pokoja!\" class=\"read-more\" href=\"https:\/\/www.e-anjelik.sk\/index.php\/2011\/11\/13\/strazcovia-nedoprajte-si-pokoja\/\" aria-label=\"Pre\u010d\u00edtajte si viac o Str\u00e1\u017ecovia &#8211; nedoprajte si pokoja!\">\u010c\u00edta\u0165 viac<\/a><\/p>\n","protected":false},"author":4,"featured_media":0,"comment_status":"open","ping_status":"open","sticky":false,"template":"","format":"standard","meta":{"footnotes":""},"categories":[119,95],"tags":[192],"class_list":["post-3903","post","type-post","status-publish","format-standard","hentry","category-obdobie-po-sv-trojici","category-sobotiste","tag-kazen"],"_links":{"self":[{"href":"https:\/\/www.e-anjelik.sk\/index.php\/wp-json\/wp\/v2\/posts\/3903","targetHints":{"allow":["GET"]}}],"collection":[{"href":"https:\/\/www.e-anjelik.sk\/index.php\/wp-json\/wp\/v2\/posts"}],"about":[{"href":"https:\/\/www.e-anjelik.sk\/index.php\/wp-json\/wp\/v2\/types\/post"}],"author":[{"embeddable":true,"href":"https:\/\/www.e-anjelik.sk\/index.php\/wp-json\/wp\/v2\/users\/4"}],"replies":[{"embeddable":true,"href":"https:\/\/www.e-anjelik.sk\/index.php\/wp-json\/wp\/v2\/comments?post=3903"}],"version-history":[{"count":0,"href":"https:\/\/www.e-anjelik.sk\/index.php\/wp-json\/wp\/v2\/posts\/3903\/revisions"}],"wp:attachment":[{"href":"https:\/\/www.e-anjelik.sk\/index.php\/wp-json\/wp\/v2\/media?parent=3903"}],"wp:term":[{"taxonomy":"category","embeddable":true,"href":"https:\/\/www.e-anjelik.sk\/index.php\/wp-json\/wp\/v2\/categories?post=3903"},{"taxonomy":"post_tag","embeddable":true,"href":"https:\/\/www.e-anjelik.sk\/index.php\/wp-json\/wp\/v2\/tags?post=3903"}],"curies":[{"name":"wp","href":"https:\/\/api.w.org\/{rel}","templated":true}]}}