{"id":3904,"date":"2011-11-14T11:07:47","date_gmt":"2011-11-14T11:07:47","guid":{"rendered":"http:\/\/e-anjelik.sk\/?p=3904"},"modified":"2011-11-14T11:07:47","modified_gmt":"2011-11-14T11:07:47","slug":"zvolili-noveho-superintendenta-solnohradska-a-tirolska-rakusko","status":"publish","type":"post","link":"https:\/\/www.e-anjelik.sk\/index.php\/2011\/11\/14\/zvolili-noveho-superintendenta-solnohradska-a-tirolska-rakusko\/","title":{"rendered":"Zvolili nov\u00e9ho superintendenta So\u013enohradska a Tirolska, Rak\u00fasko"},"content":{"rendered":"<p>Volebn&eacute; zhroma\u017edenie 70 far&aacute;rov a laikov diec&eacute;zy So\u013enohradska&nbsp;a Tirolska Evanjelickej cirkvi a.v. v Rak&uacute;sku zvolilo hne\u010f v prvom kole po\u010dtom hlasov 48 zo 69 za nov&eacute;ho superintendenta tejto diec&eacute;zy 38-ro\u010dn&eacute;ho far&aacute;ra z cirkevn&eacute;ho zboru Grosspetersdorf v Ju\u017enom Burgenlande &#8211;&nbsp;Oliviera Dantine. Jeho protikandid&aacute;t &#8211; far&aacute;r Wolfgang Rehner z&iacute;skal 21 hlasov. Dantine sa zauj&iacute;ma o diakoniu, ekum&eacute;nu, je \u010dinn&yacute; v kres\u0165ansko-\u017eidovskom dial&oacute;gu, podporuje pr&aacute;cu s de\u0165mi a ml&aacute;de\u017eou. Je \u010dlenom synody. Spolu s man\u017eelkou ,ktor&aacute; je tie\u017e far&aacute;rka, maj&uacute; 4-ro\u010dn&eacute;ho syna Jakoba. Funkcia superintendenta obn&aacute;&scaron;a &uacute;lohy diec&eacute;zneho biskupa. Dantine nast&uacute;pi do funkcie po Luise Muellerovej,ktor&aacute; d\u0148om 31. augusta ide do d&ocirc;chodku, 1. septembra 2012.T&aacute;to diec&eacute;za m&aacute; okolo 30 tis&iacute;c \u010dlenov v 16 cirkevn&yacute;ch zboroch.<\/p>\n<p>(<a href=\"http:\/\/www.evang.at\">www.evang.at<\/a>)<\/p>\n","protected":false},"excerpt":{"rendered":"<p>Volebn&eacute; zhroma\u017edenie 70 far&aacute;rov a laikov diec&eacute;zy So\u013enohradska&nbsp;a Tirolska Evanjelickej cirkvi a.v. v Rak&uacute;sku zvolilo hne\u010f v prvom kole po\u010dtom hlasov 48 zo 69 za nov&eacute;ho superintendenta tejto diec&eacute;zy 38-ro\u010dn&eacute;ho far&aacute;ra z cirkevn&eacute;ho zboru Grosspetersdorf v Ju\u017enom Burgenlande &#8211;&nbsp;Oliviera Dantine. Jeho protikandid&aacute;t &#8211; far&aacute;r Wolfgang Rehner z&iacute;skal 21 hlasov. Dantine sa zauj&iacute;ma o diakoniu, ekum&eacute;nu, &#8230; <a title=\"Zvolili nov\u00e9ho superintendenta So\u013enohradska a Tirolska, Rak\u00fasko\" class=\"read-more\" href=\"https:\/\/www.e-anjelik.sk\/index.php\/2011\/11\/14\/zvolili-noveho-superintendenta-solnohradska-a-tirolska-rakusko\/\" aria-label=\"Pre\u010d\u00edtajte si viac o Zvolili nov\u00e9ho superintendenta So\u013enohradska a Tirolska, Rak\u00fasko\">\u010c\u00edta\u0165 viac<\/a><\/p>\n","protected":false},"author":22,"featured_media":0,"comment_status":"open","ping_status":"open","sticky":false,"template":"","format":"standard","meta":{"footnotes":""},"categories":[9,10],"tags":[],"class_list":["post-3904","post","type-post","status-publish","format-standard","hentry","category-europa","category-zo-sveta"],"_links":{"self":[{"href":"https:\/\/www.e-anjelik.sk\/index.php\/wp-json\/wp\/v2\/posts\/3904","targetHints":{"allow":["GET"]}}],"collection":[{"href":"https:\/\/www.e-anjelik.sk\/index.php\/wp-json\/wp\/v2\/posts"}],"about":[{"href":"https:\/\/www.e-anjelik.sk\/index.php\/wp-json\/wp\/v2\/types\/post"}],"author":[{"embeddable":true,"href":"https:\/\/www.e-anjelik.sk\/index.php\/wp-json\/wp\/v2\/users\/22"}],"replies":[{"embeddable":true,"href":"https:\/\/www.e-anjelik.sk\/index.php\/wp-json\/wp\/v2\/comments?post=3904"}],"version-history":[{"count":0,"href":"https:\/\/www.e-anjelik.sk\/index.php\/wp-json\/wp\/v2\/posts\/3904\/revisions"}],"wp:attachment":[{"href":"https:\/\/www.e-anjelik.sk\/index.php\/wp-json\/wp\/v2\/media?parent=3904"}],"wp:term":[{"taxonomy":"category","embeddable":true,"href":"https:\/\/www.e-anjelik.sk\/index.php\/wp-json\/wp\/v2\/categories?post=3904"},{"taxonomy":"post_tag","embeddable":true,"href":"https:\/\/www.e-anjelik.sk\/index.php\/wp-json\/wp\/v2\/tags?post=3904"}],"curies":[{"name":"wp","href":"https:\/\/api.w.org\/{rel}","templated":true}]}}