{"id":3907,"date":"2011-11-15T08:50:14","date_gmt":"2011-11-15T08:50:14","guid":{"rendered":"http:\/\/e-anjelik.sk\/?p=3907"},"modified":"2011-11-15T08:50:14","modified_gmt":"2011-11-15T08:50:14","slug":"4-medzinarodny-luteransky-seminar","status":"publish","type":"post","link":"https:\/\/www.e-anjelik.sk\/index.php\/2011\/11\/15\/4-medzinarodny-luteransky-seminar\/","title":{"rendered":"4. medzin\u00e1rodn\u00fd luter\u00e1nsky semin\u00e1r"},"content":{"rendered":"<p>Od 30. okt&oacute;bra do 13. novembra 2011 sa vo Wittenbergu konal 4. medzin&aacute;rodn&yacute; luter&aacute;nsky semin&aacute;r Svetov&eacute;ho luter&aacute;nskeho zv&auml;zu.Z&uacute;\u010dastnilo sa ho vybran&yacute;ch&nbsp;16 teol&oacute;gov zo 14 kraj&iacute;n a 15 \u010dlensk&yacute;ch cirkv&iacute;: Braz&iacute;lia,\u010cesko, D&aacute;nsko, F&iacute;nsko,India, Ju\u017en&aacute; K&oacute;rea,Kamerun, Kenya, Loty&scaron;sko, Mozambik,&nbsp;Nemecko, Taivan, Tanz&aacute;nia,USA.<\/p>\n<p>T&eacute;mou semin&aacute;ra bolo: &quot;Lutherovo ch&aacute;panie sviatost&iacute;&quot;. Na pr&iacute;prave semin&aacute;ra sa podie\u013eali prof. Dr. Theodor Dieter a prof. Sarah Hinlicky-Wilson z In&scaron;tit&uacute;tu pre ekumenick&eacute; b&aacute;danie v &Scaron;trasburgu. Semin&aacute;r podporili VELKD a Nemeck&yacute;&nbsp;n&aacute;rodn&yacute; v&yacute;bor SLZ.<\/p>\n<p>(<a href=\"http:\/\/www.ekd.de\">www.ekd.de<\/a>)<\/p>\n","protected":false},"excerpt":{"rendered":"<p>Od 30. okt&oacute;bra do 13. novembra 2011 sa vo Wittenbergu konal 4. medzin&aacute;rodn&yacute; luter&aacute;nsky semin&aacute;r Svetov&eacute;ho luter&aacute;nskeho zv&auml;zu.Z&uacute;\u010dastnilo sa ho vybran&yacute;ch&nbsp;16 teol&oacute;gov zo 14 kraj&iacute;n a 15 \u010dlensk&yacute;ch cirkv&iacute;: Braz&iacute;lia,\u010cesko, D&aacute;nsko, F&iacute;nsko,India, Ju\u017en&aacute; K&oacute;rea,Kamerun, Kenya, Loty&scaron;sko, Mozambik,&nbsp;Nemecko, Taivan, Tanz&aacute;nia,USA. T&eacute;mou semin&aacute;ra bolo: &quot;Lutherovo ch&aacute;panie sviatost&iacute;&quot;. Na pr&iacute;prave semin&aacute;ra sa podie\u013eali prof. Dr. Theodor Dieter a &#8230; <a title=\"4. medzin\u00e1rodn\u00fd luter\u00e1nsky semin\u00e1r\" class=\"read-more\" href=\"https:\/\/www.e-anjelik.sk\/index.php\/2011\/11\/15\/4-medzinarodny-luteransky-seminar\/\" aria-label=\"Pre\u010d\u00edtajte si viac o 4. medzin\u00e1rodn\u00fd luter\u00e1nsky semin\u00e1r\">\u010c\u00edta\u0165 viac<\/a><\/p>\n","protected":false},"author":22,"featured_media":0,"comment_status":"open","ping_status":"open","sticky":false,"template":"","format":"standard","meta":{"footnotes":""},"categories":[1],"tags":[234],"class_list":["post-3907","post","type-post","status-publish","format-standard","hentry","category-adventna-modlitba","tag-zdruzenia-a-skupiny"],"_links":{"self":[{"href":"https:\/\/www.e-anjelik.sk\/index.php\/wp-json\/wp\/v2\/posts\/3907","targetHints":{"allow":["GET"]}}],"collection":[{"href":"https:\/\/www.e-anjelik.sk\/index.php\/wp-json\/wp\/v2\/posts"}],"about":[{"href":"https:\/\/www.e-anjelik.sk\/index.php\/wp-json\/wp\/v2\/types\/post"}],"author":[{"embeddable":true,"href":"https:\/\/www.e-anjelik.sk\/index.php\/wp-json\/wp\/v2\/users\/22"}],"replies":[{"embeddable":true,"href":"https:\/\/www.e-anjelik.sk\/index.php\/wp-json\/wp\/v2\/comments?post=3907"}],"version-history":[{"count":0,"href":"https:\/\/www.e-anjelik.sk\/index.php\/wp-json\/wp\/v2\/posts\/3907\/revisions"}],"wp:attachment":[{"href":"https:\/\/www.e-anjelik.sk\/index.php\/wp-json\/wp\/v2\/media?parent=3907"}],"wp:term":[{"taxonomy":"category","embeddable":true,"href":"https:\/\/www.e-anjelik.sk\/index.php\/wp-json\/wp\/v2\/categories?post=3907"},{"taxonomy":"post_tag","embeddable":true,"href":"https:\/\/www.e-anjelik.sk\/index.php\/wp-json\/wp\/v2\/tags?post=3907"}],"curies":[{"name":"wp","href":"https:\/\/api.w.org\/{rel}","templated":true}]}}