{"id":3913,"date":"2011-11-16T21:45:36","date_gmt":"2011-11-16T21:45:36","guid":{"rendered":"http:\/\/e-anjelik.sk\/?p=3913"},"modified":"2011-11-16T21:45:36","modified_gmt":"2011-11-16T21:45:36","slug":"o-krestanskej-slobode","status":"publish","type":"post","link":"https:\/\/www.e-anjelik.sk\/index.php\/2011\/11\/16\/o-krestanskej-slobode\/","title":{"rendered":"O kres\u0165anskej slobode"},"content":{"rendered":"<p>&nbsp;<span class=\"Apple-style-span\" style=\"font-family: Helvetica; font-size: 16px; line-height: normal; \"><b>&nbsp; &nbsp; &nbsp; &nbsp; &nbsp; &nbsp; &nbsp; &nbsp; &nbsp; &nbsp; &nbsp; &nbsp; &nbsp; &nbsp; &nbsp; &nbsp; &nbsp; &nbsp; &nbsp; &nbsp; &nbsp; &nbsp; &nbsp; &nbsp; &nbsp; &nbsp; &nbsp; &nbsp; &nbsp; &nbsp; &nbsp; &nbsp; O kres\u0165anskej slobode<\/b><\/span><\/p>\n<p style=\"margin: 0.0px 0.0px 0.0px 0.0px; font: 16.0px Helvetica\"><span style=\"letter-spacing: 0.0px\"><b>Gal 5,1-6:<\/b><\/span><\/p>\n<p style=\"margin: 0.0px 0.0px 0.0px 0.0px; font: 16.0px Helvetica\"><span style=\"letter-spacing: 0.0px\"><b>&nbsp;&nbsp; &nbsp; &nbsp; <\/b><i>&ldquo;Kristus n&aacute;s oslobodil k slobode. Stojte teda a nedajte sa zapriahnu\u0165 zase do jarma slu\u017eby. (2) Ajh\u013ea, ja Pavel v&aacute;m hovor&iacute;m: ak sa d&aacute;vate obreza\u0165, Kristus v&aacute;m ni\u010d neprospeje. (3) A znovu osved\u010dujem ka\u017ed&eacute;mu obrezan&eacute;mu, \u017ee je povinn&yacute; plni\u0165 cel&yacute; z&aacute;kon. (4) &Uacute;plne ste odl&uacute;\u010den&iacute; od Krista, ktor&iacute;ko\u013evek chcete by\u0165 ospravedlnen&iacute; zo z&aacute;kona, vypadli ste z milosti. (5) Lebo my pomocou Ducha z viery o\u010dak&aacute;vame n&aacute;dej spravodlivosti. (6) V Kristu Je\u017ei&scaron;i toti\u017e ani obriezka, ani neobriezka nem&aacute; moci, ale viera \u010dinn&aacute; skrze l&aacute;sku. Amen<\/i><\/span><\/p>\n<p style=\"margin: 0.0px 0.0px 0.0px 0.0px; font: 16.0px Helvetica; min-height: 19.0px\">&nbsp;<\/p>\n<p style=\"margin: 0.0px 0.0px 0.0px 0.0px; font: 16.0px Helvetica\"><span style=\"letter-spacing: 0.0px\"><i>&nbsp; &nbsp; &nbsp; Bohumil&iacute; kres\u0165ania!<\/i><\/span><\/p>\n<p style=\"margin: 0.0px 0.0px 0.0px 0.0px; font: 16.0px Helvetica; min-height: 19.0px\">&nbsp;<\/p>\n<p style=\"margin: 0.0px 0.0px 0.0px 0.0px; font: 16.0px Helvetica\"><span style=\"letter-spacing: 0.0px\">&nbsp;&nbsp; &nbsp; &nbsp; Dnes si na&scaron;a Evanjelick&aacute; cirkev A.V. a v&scaron;etci vern&iacute; evanjelici&nbsp; po celom svete pripom&iacute;na <b>494<\/b>. v&yacute;ro\u010die za\u010diatku reforma\u010dn&eacute; diela Dr.M.Luthera vo Wittenbergu. <b>31.okt&oacute;ber 1517<\/b> a po\u010din mlad&eacute;ho mn&iacute;cha, k\u0148aza a profesora teol&oacute;gie, zverejnenie jeho 95 v&yacute;poved&iacute; proti odpustkovej praxi stredovekej crkvi rezonuje s&uacute;\u010dasne aj v mysliach mnoh&yacute;ch in&yacute;ch kres\u0165anov, ktor&iacute; dnes nie s&uacute; &ldquo;luter&aacute;nmi&rdquo;, toti\u017e evanjelikmi pod\u013ea A.V. a pod\u013ea ostatn&yacute;ch <b>Symbolick&yacute;ch kn&iacute;h <\/b>obsiahnut&yacute;ch v <b>Knihe&nbsp; svornosti. &nbsp; &nbsp; &nbsp;<\/b><\/span><\/p>\n<p style=\"margin: 0.0px 0.0px 0.0px 0.0px; font: 16.0px Helvetica; min-height: 19.0px\">&nbsp;<\/p>\n<p style=\"margin: 0.0px 0.0px 0.0px 0.0px; font: 16.0px Helvetica\"><span style=\"letter-spacing: 0.0px\">&nbsp; &nbsp; &nbsp; Jedni vzhiadaj&uacute; k tomuto po\u010dinu so sympatiami, in&iacute; s nev&ocirc;\u013eou. T&iacute; prv&iacute; si uvedomuj&uacute;, \u017ee nie objavenie Ameriky v r.1492 K.Kolumbom je <b>za\u010diatok obdobia nov&eacute;ho veku v dejin&aacute;ch Eur&oacute;py<\/b> &#8211; ale je to duchovn&eacute; dielo a nov&yacute; duchovn&yacute; pr&uacute;d slobody, ktor&yacute; sa via\u017ee na Lutherov po\u010din a cel&eacute; n&aacute;sledn&eacute; dielo reform&aacute;cie,<i> &ldquo;obnovy cirkvi v hlave i &uacute;doch&rdquo;<\/i>. Pritom ne&scaron;lo a nejde ani dnes len o osobu a a osobn&eacute; dielo samotn&eacute;ho M. Luthera, ale v&scaron;etk&yacute;ch, ktor&iacute; pochopili jeho z&aacute;mer a st&aacute;li na jeho strane. Je pravdou, \u017ee napr. aj K.Kolumbus objavil Ameriku d&ocirc;veruj&uacute;c Biblii, P&iacute;smu sv&auml;t&eacute;mu a najnov&scaron;&iacute;m sk&uacute;senostiam vtedaj&scaron;&iacute;ch moreplavcov a u\u010dencov. <b>Lutherove ponorenie sa do pravdy Bo\u017eieho slova v&scaron;ak bolo omnoho hlb&scaron;ie<\/b> a malo dosah na v&scaron;etky oblasti \u017eivota jeho osobn&eacute;ho, ale aj \u017eivoty t&yacute;ch, ktor&iacute; chceli ma\u0165 cirkev op&auml;\u0165 mlad&uacute;, bez &ldquo;<i>po&scaron;kvrhy a vr&aacute;sky a \u010dohoko\u013evek podobn&eacute;ho&rdquo;.(Ef&nbsp; 5,27)<\/i><\/span><\/p>\n<p style=\"margin: 0.0px 0.0px 0.0px 0.0px; font: 16.0px Helvetica\"><span style=\"letter-spacing: 0.0px\"><i>&nbsp;&nbsp; &nbsp; &nbsp; <\/i><b>V Cirkvi sa u\u017e vy&scaron;e pol tis&iacute;cro\u010dia volalo po obnove, po reforme, <\/b>ale snahy o reformu, niekedy ve\u013emi &uacute;primn&eacute;, inokedy sk&ocirc;r predstieran&eacute;, boli pozna\u010den&eacute; viacer&yacute;mi nedostatkami. Napr&iacute;klad: v&auml;\u010d&scaron;ou \u010di men&scaron;ou naivitou, spo\u010d&iacute;vaj&uacute;cou na zakladan&iacute; si na \u010dloveku. Niekedy v spoliehan&iacute; sa na u\u010denos\u0165, t.j. \u013eudsk&uacute; m&uacute;dros\u0165 a filozofiu, inokedy na \u013eudsk&uacute; silu a mocensk&eacute; p&aacute;ky.&nbsp;<\/span><\/p>\n<p style=\"margin: 0.0px 0.0px 0.0px 0.0px; font: 16.0px Helvetica; min-height: 19.0px\"><span style=\"letter-spacing: 0.0px\">&nbsp; &nbsp; &nbsp;<\/span><\/p>\n<p style=\"margin: 0.0px 0.0px 0.0px 0.0px; font: 16.0px Helvetica\"><span style=\"letter-spacing: 0.0px\">&nbsp;&nbsp; &nbsp; Cirkev, ako spolo\u010denstvo veriacich mala v&yacute;nimo\u010dn&eacute; a privilegovan&eacute; postavenie, ale na druhej strane<b> od r.1054 u\u017e niesla aj navonok znaky &uacute;padku v schizme, v rozdelen&iacute;.<\/b> <b>Rozdelenie bolo v&scaron;ak u\u017e nieko\u013eko storo\u010d&iacute; predt&yacute;m zjavn&eacute; <\/b>v nebratskom, nel&aacute;skavom spoluna\u017e&iacute;van&iacute; najm&auml; predstavite\u013eov cirkevnej moci, <b>bolo realitou vo vz\u0165ahoch Z&aacute;padnej a V&yacute;chodn&yacute;ch cirkv&iacute;.<\/b><\/span><\/p>\n<p style=\"margin: 0.0px 0.0px 0.0px 0.0px; font: 16.0px Helvetica\"><span style=\"letter-spacing: 0.0px\">&nbsp; &nbsp; &nbsp; Od p&aacute;pe\u017esk&yacute;ch uznesen&iacute;, ba ani koncilov Luther a in&iacute; u\u017e neo\u010dak&aacute;vali pr&iacute;li&scaron; mnoho, lebo spoznal ich omylnos\u0165 a mno\u017estvo chybn&yacute;ch uznesen&iacute;. D&ocirc;vod bol ten, \u017ee videl a spoznal <b>opustenie<\/b> <b>jedin&eacute;ho prame\u0148a viery a pravidla \u017eivota P&iacute;sma Sv&auml;t&eacute;ho, ako \u017eiv&eacute;ho Slova Bo\u017eieho.<\/b> Centrom a hlavn&yacute;m obsahom P&iacute;sem SZ i NZ sa stal pre Luthera <b>Je\u017ei&scaron; Kristus. Jeho &uacute;rad je jedin&yacute; prav&yacute; a skuto\u010dn&yacute; <\/b>prorock&yacute;, k\u0148azsk&yacute; a kr&aacute;\u013eovsk&yacute; &uacute;rad, ktor&yacute; je nutn&eacute; a potrebn&eacute; re&scaron;pektova\u0165, prij&iacute;ma\u0165 a mu d&ocirc;verova\u0165.&nbsp;<\/span><\/p>\n<p style=\"margin: 0.0px 0.0px 0.0px 0.0px; font: 16.0px Helvetica; min-height: 19.0px\"><span style=\"letter-spacing: 0.0px\">&nbsp;&nbsp; &nbsp; &nbsp; &nbsp;<\/span><\/p>\n<p style=\"margin: 0.0px 0.0px 0.0px 0.0px; font: 16.0px Helvetica\"><span style=\"letter-spacing: 0.0px\">&nbsp;&nbsp; &nbsp; Luther s&aacute;m svoj objav a cestu zhrnul do dvoch t&eacute;z a my&scaron;lienok, pokia\u013e ide o <b>spr&aacute;vne ch&aacute;pan&uacute; slobodu kres\u0165ana.<\/b> Vyjadril to nasledovne: <i>&ldquo;Kres\u0165an je slobodn&yacute;m p&aacute;nom nad v&scaron;etk&yacute;m a nie je&nbsp; poddan&yacute;.&rdquo; &ldquo; Kres\u0165an je pon&iacute;\u017een&yacute;m slu\u017eobn&iacute;kom v&scaron;etk&eacute;ho a ka\u017ed&eacute;mu poddan&yacute; &rdquo;. \/Pod\u013ea 1 Kor 9,19 a R 13,8 a pod.\/&nbsp;<\/i><\/span><\/p>\n<p style=\"margin: 0.0px 0.0px 0.0px 0.0px; font: 16.0px Helvetica\"><span style=\"letter-spacing: 0.0px\">V&scaron;etky neskor&scaron;ie \u0165a\u017ekosti a probl&eacute;my v samotnom reforma\u010dnom hnut&iacute; a v obnovenej cirkvi pramenili a pramenia z nespr&aacute;vne &#8211; tj. <b>jednostranne<\/b> pochopen&eacute;ho odkazu Dr.M.Luthera.<\/span><\/p>\n<p style=\"margin: 0.0px 0.0px 0.0px 0.0px; font: 16.0px Helvetica; min-height: 19.0px\"><span style=\"letter-spacing: 0.0px\">&nbsp; &nbsp; &nbsp;<\/span><\/p>\n<p style=\"margin: 0.0px 0.0px 0.0px 0.0px; font: 16.0px Helvetica\"><span style=\"letter-spacing: 0.0px\">Na jednej strane plat&iacute; teda to, \u010do u\u017e ap.Pavel nap&iacute;sal: <b>&rdquo;Kristus n&aacute;s k slobode oslobodil. Stojte teda a nedajte sa znova zapriahn&uacute;\u0165 do jarma otroctva&rdquo;.<\/b><\/span><\/p>\n<p style=\"margin: 0.0px 0.0px 0.0px 0.0px; font: 16.0px Helvetica\"><span style=\"letter-spacing: 0.0px\"><b>&nbsp;&nbsp; &nbsp; &nbsp; <\/b>Pre galatsk&yacute;ch kres\u0165anov a v&ocirc;bec pre prvotn&uacute; kres\u0165ansk&uacute; cirkev znamenalo toto slovo &uacute;pln&yacute; duchovn&yacute; prevrat v postoji a v&nbsp; pochopen&iacute; Moj\u017ei&scaron;ovho z&aacute;kona. Iste\u017ee Moj\u017ei&scaron;ov z&aacute;kon bol a je&nbsp; Bo\u017e&iacute;m slovom a pr&iacute;kazom pre \u010dloveka. Pre Izrael bolo z&aacute;v&auml;zn&eacute; aj pravidlo o obriezke, ktor&eacute; vlastne znameno uvedenie \u010dloveka do spolo\u010denstva \u013eudu SZ, ktor&yacute; bol a aj zost&aacute;va \u013eudom Bo\u017e&iacute;m. Mnoh&iacute; kres\u0165ania a to i vo ved&uacute;cich &uacute;radoch to ch&aacute;pali tak, \u017ee ka\u017ed&yacute; \u010dlovek, nielen \u017did, ale aj Gr&eacute;k, \u010di ktoko\u013evek in&yacute; z pohansk&yacute;ch n&aacute;rodov poch&aacute;dzaj&uacute;ci, m&aacute; sa sta\u0165 najsk&ocirc;r \u017didom, aby sa v&ocirc;bec mohol sta\u0165 kres\u0165anom.<b> Mus&iacute; teda prija\u0165 obriezku a \u017ei\u0165 pr&iacute;sne pod\u013ea Desatora.<\/b><\/span><\/p>\n<p style=\"margin: 0.0px 0.0px 0.0px 0.0px; font: 16.0px Helvetica; min-height: 19.0px\"><span style=\"letter-spacing: 0.0px\">&nbsp;&nbsp; &nbsp;<\/span><\/p>\n<p style=\"margin: 0.0px 0.0px 0.0px 0.0px; font: 16.0px Helvetica\"><span style=\"letter-spacing: 0.0px\">Apo&scaron;tolovia, Peter, Pavel a ostatn&iacute; s nimi, ukazovali na to, \u017ee P&aacute;n Je\u017ei&scaron; ako Syn Bo\u017e&iacute; a skuto\u010dn&yacute; Z&aacute;konodarca, prin&aacute;&scaron;a nov&uacute; cestu a nov&uacute; mo\u017enos\u0165 sp&aacute;sy pre hrie&scaron;nika. Z&aacute;kon &#8211; hovoril Pavel,-&nbsp; &ldquo;<i>sa stal vychov&aacute;vate\u013eom po Krista&rdquo;.<\/i> Ale v Je\u017ei&scaron;ovi, ako v novom a dokonalom vyjaven&iacute; Boha a v Jeho pr&iacute;klone k svetu sa plnia najstar&scaron;ie Bo\u017eie s\u013euby a za\u010d&iacute;na <b>doba milosti<\/b>. <b>Preto \u010dlovek smie d&uacute;fa\u0165, \u017ee spasen&yacute; je a bude nie zo skutkov z&aacute;kona, ani zo svojich tzv. dobr&yacute;ch skutkov, <\/b>ktor&yacute;mi sa stali napr.-&nbsp; mn&iacute;&scaron;stvo, p&uacute;te, p&ocirc;sty a odriekania, t&yacute;m menej neprav&eacute; pok&aacute;nie a odpustky &#8211; ale <b>z milosti<\/b> samotn&eacute;ho mocn&eacute;ho a sv&auml;t&eacute;ho P&aacute;na Boha. T&aacute;to milos\u0165 sa prejavila<b> v diele a kr&iacute;\u017ei P&aacute;na Je\u017ei&scaron;a Krista, ako jedinej dokonalej obete za hriech sveta<\/b>. Preto aj istota spasenia je n&aacute;m dan&aacute; skrze z&aacute;sluhy Je\u017ei&scaron;a Krista. Tomuto dielu smieme d&ocirc;verova\u0165, <b>a t&uacute;to d&ocirc;veru d&aacute;va \u010dloveku op&auml;\u0165 len Boh, skrze Ducha Sv&auml;t&eacute;ho. &#8211; <\/b>Nie je to nie\u010do, k \u010domu dospeje \u010dlovek na z&aacute;klade vlastn&eacute;ho rozumu, alebo vlastnej sily (MK)- ale je to&nbsp; pr&aacute;ca a dielo \u017eiv&eacute;ho Boha.<\/span><\/p>\n<p style=\"margin: 0.0px 0.0px 0.0px 0.0px; font: 16.0px Helvetica; min-height: 19.0px\"><span style=\"letter-spacing: 0.0px\">&nbsp;&nbsp;<\/span><\/p>\n<p style=\"margin: 0.0px 0.0px 0.0px 0.0px; font: 16.0px Helvetica\"><span style=\"letter-spacing: 0.0px\">&nbsp; &nbsp; &nbsp; Bratia a sestry!<\/span><\/p>\n<p style=\"margin: 0.0px 0.0px 0.0px 0.0px; font: 16.0px Helvetica\"><span style=\"letter-spacing: 0.0px\">&nbsp; &nbsp; &nbsp; A\u017e potia\u013eto sa slovo o milosti po\u010d&uacute;va naozaj dobre,&nbsp; a zd&aacute; sa, \u017ee ide o t&uacute; naj\u013eah&scaron;iu vec. Niekomu sa t&aacute;to cesta vid&iacute; tak \u013eahk&aacute; a lacn&aacute;, \u017ee si ju v&ocirc;bec nev&aacute;\u017ei a neuvedomuje si, \u017ee : &ldquo;<i>ve\u013emi draho sme boli k&uacute;pen&iacute;&rdquo;.<\/i><\/span><\/p>\n<p style=\"margin: 0.0px 0.0px 0.0px 0.0px; font: 16.0px Helvetica\"><span style=\"letter-spacing: 0.0px\">&nbsp;&nbsp; Luther&nbsp; v&scaron;ak v\u017edy hovoril, \u017ee<b> s&uacute;\u010dasne s prvou, plat&iacute; aj t&eacute;za druh&aacute;<\/b>: &rdquo;Kres\u0165an je&nbsp; s&iacute;ce dobrovo\u013en&yacute;- ale&nbsp; jednako Kristov sluha.<b> Za dar milosti sme povinn&yacute; \u010fakova\u0165 a \u017ei\u0165 pod\u013ea v&ocirc;le nov&eacute;ho P&aacute;na.&nbsp;<\/b> Toho P&aacute;na, ktor&yacute; n&aacute;s zbavil a zbavuje otroctva hriechu, otroctva smrti a diabla a vedie k trvalej a nemennej snahe kona\u0165 dobr&eacute; skutky. Nie s&uacute; to v&scaron;ak viac z&aacute;slu\u017en&eacute; skutky, zasluhuj&uacute;ce milos\u0165, lebo<b> t&yacute;m je skutok a dielo Kristovo!<\/b>&nbsp;<b> Ale s&uacute; a maj&uacute; by\u0165 v\u017edy ako jasn&eacute;, zrejm&eacute; a povinn&eacute; doklady pravej a novej poslu&scaron;nosti P&aacute;novi, ktor&yacute; je L&aacute;ska!<\/b><\/span><\/p>\n<p style=\"margin: 0.0px 0.0px 0.0px 0.0px; font: 16.0px Helvetica; min-height: 19.0px\"><span style=\"letter-spacing: 0.0px\"><b>&nbsp;&nbsp; &nbsp; &nbsp;<\/b><\/span><\/p>\n<p style=\"margin: 0.0px 0.0px 0.0px 0.0px; font: 16.0px Helvetica\"><span style=\"letter-spacing: 0.0px\">&nbsp; &nbsp; Mil&iacute; bratia a sestry !<\/span><\/p>\n<p style=\"margin: 0.0px 0.0px 0.0px 0.0px; font: 16.0px Helvetica\"><span style=\"letter-spacing: 0.0px\">&nbsp; &nbsp; Tak ako ap.Pavol spoznal a vyznal : <i>&ldquo;Lebo my pomocou Ducha&nbsp;<\/i><\/span><\/p>\n<p style=\"margin: 0.0px 0.0px 0.0px 0.0px; font: 16.0px Helvetica\"><span style=\"letter-spacing: 0.0px\"><i>&nbsp;\/Sv&auml;t&eacute;ho \/&nbsp; z viery o\u010dak&aacute;vame n&aacute;dej spravodlivosti <\/i>&ldquo; &#8211; tak&nbsp; poznal pravdu o vyk&uacute;pen&iacute; hrie&scaron;neho, zatraten&eacute;ho a zlore\u010den&eacute;ho \u010dloveka pred P&aacute;nom Bohom aj Luther.<\/span><\/p>\n<p style=\"margin: 0.0px 0.0px 0.0px 0.0px; font: 16.0px Helvetica\"><span style=\"letter-spacing: 0.0px\">&nbsp; &nbsp; &nbsp; Tu v&scaron;ak nar&aacute;\u017eali mnoh&iacute; a neraz aj my sami, dne&scaron;n&iacute; evanjelick&iacute; kres\u0165ania nar&aacute;\u017eame na &ldquo;Charibdu&rdquo; &#8211; t&uacute; druh&uacute; skalu cesty k sp&aacute;se.<\/span><\/p>\n<p style=\"margin: 0.0px 0.0px 0.0px 0.0px; font: 16.0px Helvetica\"><span style=\"letter-spacing: 0.0px\">Ak by sme pri&scaron;li v poznan&iacute; milostiv&eacute;ho P&aacute;na Boha iba potia\u013e, \u017ee n&aacute;s oslobodil k slobode &#8211; a \u017ee u\u017e nie sme nik&yacute;m a ni\u010d&iacute;m viazan&iacute;-&nbsp; ve\u013emi \u013eahko, pre svoju hrie&scaron;nu podstatu sk\u013azneme k<b> svojv&ocirc;li<\/b>. <b>Ale sloboda v Kristu nebola, nie je a nesmie by\u0165 svojv&ocirc;\u013eou. <\/b>Preto Dr.M.Luther v\u017edy zd&ocirc;raz\u0148oval aj to druh&eacute;:<b> &ldquo;kres\u0165an je Kristov otrok&rdquo;<\/b>! &nbsp;<\/span><\/p>\n<p style=\"margin: 0.0px 0.0px 0.0px 0.0px; font: 16.0px Helvetica; min-height: 19.0px\"><span style=\"letter-spacing: 0.0px\">&nbsp; &nbsp;<\/span><\/p>\n<p style=\"margin: 0.0px 0.0px 0.0px 0.0px; font: 16.0px Helvetica\"><span style=\"letter-spacing: 0.0px\">&nbsp;&nbsp; &nbsp; Nespr&aacute;vne&nbsp; a nepr&aacute;vom sa n&aacute;&scaron;mu vieorvyznaniu vy\u010d&iacute;ta cesta svojv&ocirc;le, mo\u017enos\u0165 kona\u0165 a robi\u0165 si \u010doko\u013evek, \u010do sa \u010dloveku zap&aacute;\u010di.<\/span><\/p>\n<p style=\"margin: 0.0px 0.0px 0.0px 0.0px; font: 16.0px Helvetica\"><span style=\"letter-spacing: 0.0px\">Kres\u0165an, ako Kristov zotro\u010denec &#8211; za nekone\u010dne ve\u013ek&yacute; dar ve\u010dn&eacute;ho \u017eivota a spasenia je v \u010dasnom \u017eivote povinn&yacute;&nbsp; Bohu sl&uacute;\u017ei\u0165, Jeho posl&uacute;cha\u0165. Ak sme zbaven&iacute; moci hriechu, diabla a smrti, nem&ocirc;\u017eeme im viac otro\u010di\u0165. Kto tak rob&iacute;, je diablov a nie Kristov.&nbsp;<\/span><\/p>\n<p style=\"margin: 0.0px 0.0px 0.0px 0.0px; font: 16.0px Helvetica; min-height: 19.0px\"><span style=\"letter-spacing: 0.0px\">&nbsp;&nbsp; &nbsp;<\/span><\/p>\n<p style=\"margin: 0.0px 0.0px 0.0px 0.0px; font: 16.0px Helvetica\"><span style=\"letter-spacing: 0.0px\">&nbsp; &nbsp; Kto v&scaron;ak \u017eije v Kristu a vyzn&aacute;va \u017ee: &rdquo;<b>Je\u017ei&scaron; je moj&iacute;m P&aacute;nom&rdquo;, kon&aacute; Jeho v&ocirc;\u013eu a skutky .<\/b> Tie s&uacute; potom svedectvom o Tom, komu patr&iacute;me! <b>Tak m&aacute;me kona\u0165 v osobnom, man\u017eelskom, rodinnom, cirkevnom i spolo\u010denskom \u017eivote. \u017diadna oblas\u0165 nie je vy\u0148at&aacute; spod vl&aacute;dy a s&uacute;du P&aacute;na Je\u017ei&scaron;a Krista. <\/b>Opakujeme znova, \u017ee sloboda kres\u0165ana nie je, nem&ocirc;\u017ee by\u0165 a nesmie by\u0165&nbsp; svojv&ocirc;\u013eou \u010dloveka! Lebo \u013eudsk&aacute; v&ocirc;\u013ea je egoistick&aacute;.&nbsp; \u013dudsk&aacute; l&aacute;ska je sebal&aacute;ska, \u013eudsk&yacute; poriadok je n&aacute;siln&iacute;cky, \u013eudsk&eacute; z&aacute;kony s&uacute; nedokonal&eacute;, \u013eudsk&eacute; videnie je v\u017edy kr&aacute;tkozrak&eacute;. <b>Ale v Kristu Je\u017ei&scaron;i m&aacute; moc viera, \u010dinn&aacute; skrze l&aacute;sku!<\/b><\/span><\/p>\n<p style=\"margin: 0.0px 0.0px 0.0px 0.0px; font: 16.0px Helvetica; min-height: 19.0px\"><span style=\"letter-spacing: 0.0px\">&nbsp;&nbsp; &nbsp;<\/span><\/p>\n<p style=\"margin: 0.0px 0.0px 0.0px 0.0px; font: 16.0px Helvetica\"><span style=\"letter-spacing: 0.0px\">&nbsp;&nbsp; Sv&auml;t&iacute;me dnes <b>Pamiatku reform&aacute;cie<\/b>, <b>de\u0148 nov&eacute;ho za\u010diatku v pochopen&iacute; pravej slobody. <\/b>Reform&aacute;cia otvorila cestu k oslobodeniu na viacer&yacute;ch frontoch \u017eivota kres\u0165anov a cirkvi v Eur&oacute;pe a v&scaron;ade tam, kde \u017eij&uacute;. Ale reform&aacute;cia bola, je a zost&aacute;va v\u017edy aj <b>odmietnut&iacute;m ka\u017edej svojv&ocirc;le a zlej v&ocirc;le \u010dloveka<\/b>. <b>Reform&aacute;cia vedie ku Kristu, ako k najv&auml;\u010d&scaron;iemu daru Bo\u017eej milosti.<\/b><\/span><\/p>\n<p style=\"margin: 0.0px 0.0px 0.0px 0.0px; font: 16.0px Helvetica; min-height: 19.0px\"><span style=\"letter-spacing: 0.0px\">&nbsp;&nbsp; &nbsp; &nbsp; &nbsp;<\/span><\/p>\n<p style=\"margin: 0.0px 0.0px 0.0px 0.0px; font: 16.0px Helvetica\"><span style=\"letter-spacing: 0.0px\">Preto sa n&aacute;s p&yacute;ta: kde si \u010dlovek? Kde si a kde ste luter&aacute;ni? Kde ste slu\u017eobn&iacute;ci&nbsp; PJ v slobode&nbsp; a v radosti? Kde ste vy, ktor&iacute; Mu sl&uacute;\u017eite v novej a pravej poslu&scaron;nosnosti?&nbsp; <b>Sme naozaj &ldquo;luter&aacute;ni&rdquo;, ak otro\u010d&iacute;me hriechu? Ak slepo posl&uacute;chame \u013eud&iacute; a ver&iacute;me \u013eu\u010fom viac ako Bohu?<\/b> Sme slobodn&iacute;, ak satan v akomko\u013evek prestrojen&iacute; vl&aacute;dne v srdciach a mysliach \u013eud&iacute;?&nbsp;<b> Mnoh&iacute; reform&aacute;ciu Dr.M.Luthera pochopili zle a mnoh&iacute; ju e&scaron;te v&ocirc;bec nepochopili!&nbsp;<\/b><\/span><\/p>\n<p style=\"margin: 0.0px 0.0px 0.0px 0.0px; font: 16.0px Helvetica; min-height: 19.0px\"><span style=\"letter-spacing: 0.0px\">&nbsp;&nbsp; &nbsp; &nbsp;<\/span><\/p>\n<p style=\"margin: 0.0px 0.0px 0.0px 0.0px; font: 16.0px Helvetica\"><span style=\"letter-spacing: 0.0px\">&nbsp; &nbsp; &nbsp; Niektor&iacute; si vzali od Luthera slovo o slobode, ale nevzali a neprijali druh&uacute; \u010das\u0165 \u010das\u0165! Slovo o v\u010fa\u010dnej, radostnej a slobodnej d&ocirc;vere v Krista a Jeho nasledovan&iacute;. A to je cesta do pekla rovnako, ako predch&aacute;dzaj&uacute;ca poviazanos\u0165 nekres\u0165ansk&yacute;mi autoritami a my&scaron;lienkami, alebo deformovan&yacute;mi kres\u0165ansk&yacute;mi autoritami! Dne&scaron;n&yacute; sviatok n&aacute;s nanovo vol&aacute; k tomu, aby sme mali &uacute;\u010das\u0165 na diele P&aacute;na Je\u017ei&scaron;a Krista, na Jeho &uacute;rade najvy&scaron;&scaron;ieho Proroka, K\u0148aza a Kr&aacute;\u013ea. Jemu patr&iacute; v&scaron;etka moc, \u010des\u0165&nbsp; a sl&aacute;va naveky! Amen .<\/span><\/p>\n<p style=\"margin: 0.0px 0.0px 0.0px 0.0px; font: 16.0px Helvetica; min-height: 19.0px\">&nbsp;<\/p>\n<p style=\"margin: 0.0px 0.0px 0.0px 0.0px; font: 12.0px Helvetica\"><span style=\"font: 16.0px Helvetica; letter-spacing: 0.0px\">&nbsp; &nbsp; &nbsp; &nbsp; &nbsp; &nbsp; &nbsp; &nbsp; &nbsp; &nbsp; &nbsp; &nbsp; &nbsp; &nbsp; &nbsp; &nbsp; &nbsp; &nbsp; &nbsp; &nbsp; &nbsp; &nbsp; &nbsp; &nbsp; &nbsp; &nbsp; &nbsp;&nbsp;<\/span><span style=\"letter-spacing: 0.0px\">Rovensko a Soboti&scaron;te &#8211;<b> 31.X.2011<\/b> &#8211; \u013d.Batka st.<\/span><\/p>\n","protected":false},"excerpt":{"rendered":"<p>&nbsp;&nbsp; &nbsp; &nbsp; &nbsp; &nbsp; &nbsp; &nbsp; &nbsp; &nbsp; &nbsp; &nbsp; &nbsp; &nbsp; &nbsp; &nbsp; &nbsp; &nbsp; &nbsp; &nbsp; &nbsp; &nbsp; &nbsp; &nbsp; &nbsp; &nbsp; &nbsp; &nbsp; &nbsp; &nbsp; &nbsp; &nbsp; &nbsp; O kres\u0165anskej slobode Gal 5,1-6: &nbsp;&nbsp; &nbsp; &nbsp; &ldquo;Kristus n&aacute;s oslobodil k slobode. Stojte teda a nedajte sa zapriahnu\u0165 zase do jarma slu\u017eby. &#8230; <a title=\"O kres\u0165anskej slobode\" class=\"read-more\" href=\"https:\/\/www.e-anjelik.sk\/index.php\/2011\/11\/16\/o-krestanskej-slobode\/\" aria-label=\"Pre\u010d\u00edtajte si viac o O kres\u0165anskej slobode\">\u010c\u00edta\u0165 viac<\/a><\/p>\n","protected":false},"author":4,"featured_media":0,"comment_status":"open","ping_status":"open","sticky":false,"template":"","format":"standard","meta":{"footnotes":""},"categories":[121,26,95],"tags":[192],"class_list":["post-3913","post","type-post","status-publish","format-standard","hentry","category-kazne","category-pamiatka-reformacie","category-sobotiste","tag-kazen"],"_links":{"self":[{"href":"https:\/\/www.e-anjelik.sk\/index.php\/wp-json\/wp\/v2\/posts\/3913","targetHints":{"allow":["GET"]}}],"collection":[{"href":"https:\/\/www.e-anjelik.sk\/index.php\/wp-json\/wp\/v2\/posts"}],"about":[{"href":"https:\/\/www.e-anjelik.sk\/index.php\/wp-json\/wp\/v2\/types\/post"}],"author":[{"embeddable":true,"href":"https:\/\/www.e-anjelik.sk\/index.php\/wp-json\/wp\/v2\/users\/4"}],"replies":[{"embeddable":true,"href":"https:\/\/www.e-anjelik.sk\/index.php\/wp-json\/wp\/v2\/comments?post=3913"}],"version-history":[{"count":0,"href":"https:\/\/www.e-anjelik.sk\/index.php\/wp-json\/wp\/v2\/posts\/3913\/revisions"}],"wp:attachment":[{"href":"https:\/\/www.e-anjelik.sk\/index.php\/wp-json\/wp\/v2\/media?parent=3913"}],"wp:term":[{"taxonomy":"category","embeddable":true,"href":"https:\/\/www.e-anjelik.sk\/index.php\/wp-json\/wp\/v2\/categories?post=3913"},{"taxonomy":"post_tag","embeddable":true,"href":"https:\/\/www.e-anjelik.sk\/index.php\/wp-json\/wp\/v2\/tags?post=3913"}],"curies":[{"name":"wp","href":"https:\/\/api.w.org\/{rel}","templated":true}]}}