{"id":3914,"date":"2011-11-18T02:46:51","date_gmt":"2011-11-18T02:46:51","guid":{"rendered":"http:\/\/e-anjelik.sk\/?p=3914"},"modified":"2011-11-18T02:46:51","modified_gmt":"2011-11-18T02:46:51","slug":"madarsky-biskup-j-szemerei-navstivil-gen-biskupa-ecav","status":"publish","type":"post","link":"https:\/\/www.e-anjelik.sk\/index.php\/2011\/11\/18\/madarsky-biskup-j-szemerei-navstivil-gen-biskupa-ecav\/","title":{"rendered":"Ma\u010farsk\u00fd biskup J.Szemerei nav\u0161t\u00edvil gen. biskupa ECAV"},"content":{"rendered":"<p>11. novembra t.r. nav&scaron;t&iacute;vil biskup susedn&eacute;ho Z&aacute;padn&eacute;ho di&scaron;triktu Evanjelickej cirkvi Ma\u010farska J&aacute;nos Szemerei na GB&Uacute; gen. biskupa Evanjelickej cirkvi a.v. na Slovensku Milo&scaron;a Kl&aacute;tika. Hos\u0165a sprev&aacute;dzal K&aacute;kay Istv&aacute;n, riadite\u013e &uacute;strednej kancel&aacute;rie. Na rozhovoroch bol pr&iacute;tomn&yacute; aj riadite\u013e GB&Uacute; Du&scaron;an Vagask&yacute;. Cie\u013eom priate\u013esk&eacute;ho stretnutia bola v&yacute;mena n&aacute;zorov o \u010fal&scaron;ej spolupr&aacute;ci&nbsp; a o pr&iacute;prave podp&iacute;sania novej dohody oboch cirkv&iacute;. K tejto t&eacute;me sa u\u017e 25. novembra 2011 stretn&uacute; op&auml;\u0165 na rokovan&iacute; ,tentoraz v Budape&scaron;ti.<\/p>\n<p>(<a href=\"http:\/\/www.evangelikus.hu\">www.evangelikus.hu<\/a>)<\/p>\n","protected":false},"excerpt":{"rendered":"<p>11. novembra t.r. nav&scaron;t&iacute;vil biskup susedn&eacute;ho Z&aacute;padn&eacute;ho di&scaron;triktu Evanjelickej cirkvi Ma\u010farska J&aacute;nos Szemerei na GB&Uacute; gen. biskupa Evanjelickej cirkvi a.v. na Slovensku Milo&scaron;a Kl&aacute;tika. Hos\u0165a sprev&aacute;dzal K&aacute;kay Istv&aacute;n, riadite\u013e &uacute;strednej kancel&aacute;rie. Na rozhovoroch bol pr&iacute;tomn&yacute; aj riadite\u013e GB&Uacute; Du&scaron;an Vagask&yacute;. Cie\u013eom priate\u013esk&eacute;ho stretnutia bola v&yacute;mena n&aacute;zorov o \u010fal&scaron;ej spolupr&aacute;ci&nbsp; a o pr&iacute;prave podp&iacute;sania novej dohody &#8230; <a title=\"Ma\u010farsk\u00fd biskup J.Szemerei nav\u0161t\u00edvil gen. biskupa ECAV\" class=\"read-more\" href=\"https:\/\/www.e-anjelik.sk\/index.php\/2011\/11\/18\/madarsky-biskup-j-szemerei-navstivil-gen-biskupa-ecav\/\" aria-label=\"Pre\u010d\u00edtajte si viac o Ma\u010farsk\u00fd biskup J.Szemerei nav\u0161t\u00edvil gen. biskupa ECAV\">\u010c\u00edta\u0165 viac<\/a><\/p>\n","protected":false},"author":22,"featured_media":0,"comment_status":"open","ping_status":"open","sticky":false,"template":"","format":"standard","meta":{"footnotes":""},"categories":[9,10],"tags":[],"class_list":["post-3914","post","type-post","status-publish","format-standard","hentry","category-europa","category-zo-sveta"],"_links":{"self":[{"href":"https:\/\/www.e-anjelik.sk\/index.php\/wp-json\/wp\/v2\/posts\/3914","targetHints":{"allow":["GET"]}}],"collection":[{"href":"https:\/\/www.e-anjelik.sk\/index.php\/wp-json\/wp\/v2\/posts"}],"about":[{"href":"https:\/\/www.e-anjelik.sk\/index.php\/wp-json\/wp\/v2\/types\/post"}],"author":[{"embeddable":true,"href":"https:\/\/www.e-anjelik.sk\/index.php\/wp-json\/wp\/v2\/users\/22"}],"replies":[{"embeddable":true,"href":"https:\/\/www.e-anjelik.sk\/index.php\/wp-json\/wp\/v2\/comments?post=3914"}],"version-history":[{"count":0,"href":"https:\/\/www.e-anjelik.sk\/index.php\/wp-json\/wp\/v2\/posts\/3914\/revisions"}],"wp:attachment":[{"href":"https:\/\/www.e-anjelik.sk\/index.php\/wp-json\/wp\/v2\/media?parent=3914"}],"wp:term":[{"taxonomy":"category","embeddable":true,"href":"https:\/\/www.e-anjelik.sk\/index.php\/wp-json\/wp\/v2\/categories?post=3914"},{"taxonomy":"post_tag","embeddable":true,"href":"https:\/\/www.e-anjelik.sk\/index.php\/wp-json\/wp\/v2\/tags?post=3914"}],"curies":[{"name":"wp","href":"https:\/\/api.w.org\/{rel}","templated":true}]}}