{"id":3915,"date":"2011-11-18T03:27:56","date_gmt":"2011-11-18T03:27:56","guid":{"rendered":"http:\/\/e-anjelik.sk\/?p=3915"},"modified":"2011-11-18T03:27:56","modified_gmt":"2011-11-18T03:27:56","slug":"kaplanka-sa-vydala-za-moslima-bola-prepustena-zo-sluzby","status":"publish","type":"post","link":"https:\/\/www.e-anjelik.sk\/index.php\/2011\/11\/18\/kaplanka-sa-vydala-za-moslima-bola-prepustena-zo-sluzby\/","title":{"rendered":"Kapl\u00e1nka sa vydala za moslima &#8211; bola prepusten\u00e1 zo slu\u017eby"},"content":{"rendered":"<p>Kapl&aacute;nka Evanjelickej krajinskej cirkvi vo Wuerttembersku &nbsp;Carin H&auml;cker bola prepusten&aacute; zo slu\u017eby, nako\u013eko sa vydala za moslima z Banglad&eacute;&scaron;a. Cirkevn&yacute; z&aacute;kon o man\u017eelstve far&aacute;rov\/iek predpisuje, \u017ee parter\/ka mus&iacute; by\u0165 evanjelickej viery. Iba ojedinel&eacute; sa m&ocirc;\u017ee udeli\u0165&nbsp; v&yacute;nimka,ak ide o \u010dlena cirkvi z Pracovn&eacute;ho spolo\u010denstva kres\u0165ansk&yacute;ch cirkv&iacute; (obdoba na&scaron;ej ERC). Proti sa ozvali liber&aacute;lne cirkevn&eacute; kruhy, ktor&eacute; proti rozhodnutiu cirkevn&eacute;ho s&uacute;du protestuj&uacute; a kapl&aacute;nky sa zast&aacute;vaj&uacute;.<\/p>\n<p>(<a href=\"http:\/\/www.idea.de\">www.idea.de<\/a>)<\/p>\n","protected":false},"excerpt":{"rendered":"<p>Kapl&aacute;nka Evanjelickej krajinskej cirkvi vo Wuerttembersku &nbsp;Carin H&auml;cker bola prepusten&aacute; zo slu\u017eby, nako\u013eko sa vydala za moslima z Banglad&eacute;&scaron;a. Cirkevn&yacute; z&aacute;kon o man\u017eelstve far&aacute;rov\/iek predpisuje, \u017ee parter\/ka mus&iacute; by\u0165 evanjelickej viery. Iba ojedinel&eacute; sa m&ocirc;\u017ee udeli\u0165&nbsp; v&yacute;nimka,ak ide o \u010dlena cirkvi z Pracovn&eacute;ho spolo\u010denstva kres\u0165ansk&yacute;ch cirkv&iacute; (obdoba na&scaron;ej ERC). Proti sa ozvali liber&aacute;lne cirkevn&eacute; kruhy, &#8230; <a title=\"Kapl\u00e1nka sa vydala za moslima &#8211; bola prepusten\u00e1 zo slu\u017eby\" class=\"read-more\" href=\"https:\/\/www.e-anjelik.sk\/index.php\/2011\/11\/18\/kaplanka-sa-vydala-za-moslima-bola-prepustena-zo-sluzby\/\" aria-label=\"Pre\u010d\u00edtajte si viac o Kapl\u00e1nka sa vydala za moslima &#8211; bola prepusten\u00e1 zo slu\u017eby\">\u010c\u00edta\u0165 viac<\/a><\/p>\n","protected":false},"author":22,"featured_media":0,"comment_status":"open","ping_status":"open","sticky":false,"template":"","format":"standard","meta":{"footnotes":""},"categories":[9,10],"tags":[],"class_list":["post-3915","post","type-post","status-publish","format-standard","hentry","category-europa","category-zo-sveta"],"_links":{"self":[{"href":"https:\/\/www.e-anjelik.sk\/index.php\/wp-json\/wp\/v2\/posts\/3915","targetHints":{"allow":["GET"]}}],"collection":[{"href":"https:\/\/www.e-anjelik.sk\/index.php\/wp-json\/wp\/v2\/posts"}],"about":[{"href":"https:\/\/www.e-anjelik.sk\/index.php\/wp-json\/wp\/v2\/types\/post"}],"author":[{"embeddable":true,"href":"https:\/\/www.e-anjelik.sk\/index.php\/wp-json\/wp\/v2\/users\/22"}],"replies":[{"embeddable":true,"href":"https:\/\/www.e-anjelik.sk\/index.php\/wp-json\/wp\/v2\/comments?post=3915"}],"version-history":[{"count":0,"href":"https:\/\/www.e-anjelik.sk\/index.php\/wp-json\/wp\/v2\/posts\/3915\/revisions"}],"wp:attachment":[{"href":"https:\/\/www.e-anjelik.sk\/index.php\/wp-json\/wp\/v2\/media?parent=3915"}],"wp:term":[{"taxonomy":"category","embeddable":true,"href":"https:\/\/www.e-anjelik.sk\/index.php\/wp-json\/wp\/v2\/categories?post=3915"},{"taxonomy":"post_tag","embeddable":true,"href":"https:\/\/www.e-anjelik.sk\/index.php\/wp-json\/wp\/v2\/tags?post=3915"}],"curies":[{"name":"wp","href":"https:\/\/api.w.org\/{rel}","templated":true}]}}