{"id":3917,"date":"2011-11-21T09:51:48","date_gmt":"2011-11-21T09:51:48","guid":{"rendered":"http:\/\/e-anjelik.sk\/?p=3917"},"modified":"2011-11-21T09:51:48","modified_gmt":"2011-11-21T09:51:48","slug":"zasadania-gremii-slz-v-budapesti","status":"publish","type":"post","link":"https:\/\/www.e-anjelik.sk\/index.php\/2011\/11\/21\/zasadania-gremii-slz-v-budapesti\/","title":{"rendered":"Zasadania gr\u00e9mi\u00ed SLZ v Budape\u0161ti"},"content":{"rendered":"<p>14. a 15. novembra t.r. sa v Budape&scaron;ti pred zasadan&iacute;m v&yacute;konn&eacute;ho v&yacute;boru SLZ konalo prv&eacute; pracovn&eacute; stretnutie v&yacute;boru SLZ pre koordinovanie osl&aacute;v 500. v&yacute;ro\u010dia Reform&aacute;cie. V&yacute;bor tvor&iacute; minim&aacute;lne 9 \u010dlenov.Na jeho \u010dele je far&aacute;r Walter Altmann z Braz&iacute;lie. \u010ealej je tam sedem z&aacute;stupcov z ka\u017ed&eacute;ho regi&oacute;nu SLZ a dvaja z&aacute;stupcovia v&yacute;konn&eacute;ho v&yacute;boru SLZ. Pod\u013ea slov gen. tajomn&iacute;ka SLZ M.Junga, oslavy Reform&aacute;cie maj&uacute; glob&aacute;lne oslovi\u0165 v&scaron;etk&yacute;ch obyvate\u013eov, maj&uacute; sa nies\u0165 v duchu ekum&eacute;ny a ich centrom m&aacute; by\u0165 zvestovanie evanjelia. \u010clenovia v&yacute;boru sa uzniesli , \u017ee popri&nbsp;n&aacute;vrhoch osl&aacute;v z&nbsp;&uacute;stredia, mo\u017eno si osvoji\u0165 i niektor&eacute; dobr&eacute; programy z \u010dlensk&yacute;ch cirkv&iacute;.<\/p>\n<p>(<a href=\"http:\/\/www.evangelikus.hu\">www.evangelikus.hu<\/a>)<\/p>\n","protected":false},"excerpt":{"rendered":"<p>14. a 15. novembra t.r. sa v Budape&scaron;ti pred zasadan&iacute;m v&yacute;konn&eacute;ho v&yacute;boru SLZ konalo prv&eacute; pracovn&eacute; stretnutie v&yacute;boru SLZ pre koordinovanie osl&aacute;v 500. v&yacute;ro\u010dia Reform&aacute;cie. V&yacute;bor tvor&iacute; minim&aacute;lne 9 \u010dlenov.Na jeho \u010dele je far&aacute;r Walter Altmann z Braz&iacute;lie. \u010ealej je tam sedem z&aacute;stupcov z ka\u017ed&eacute;ho regi&oacute;nu SLZ a dvaja z&aacute;stupcovia v&yacute;konn&eacute;ho v&yacute;boru SLZ. Pod\u013ea slov &#8230; <a title=\"Zasadania gr\u00e9mi\u00ed SLZ v Budape\u0161ti\" class=\"read-more\" href=\"https:\/\/www.e-anjelik.sk\/index.php\/2011\/11\/21\/zasadania-gremii-slz-v-budapesti\/\" aria-label=\"Pre\u010d\u00edtajte si viac o Zasadania gr\u00e9mi\u00ed SLZ v Budape\u0161ti\">\u010c\u00edta\u0165 viac<\/a><\/p>\n","protected":false},"author":22,"featured_media":0,"comment_status":"open","ping_status":"open","sticky":false,"template":"","format":"standard","meta":{"footnotes":""},"categories":[1],"tags":[234],"class_list":["post-3917","post","type-post","status-publish","format-standard","hentry","category-adventna-modlitba","tag-zdruzenia-a-skupiny"],"_links":{"self":[{"href":"https:\/\/www.e-anjelik.sk\/index.php\/wp-json\/wp\/v2\/posts\/3917","targetHints":{"allow":["GET"]}}],"collection":[{"href":"https:\/\/www.e-anjelik.sk\/index.php\/wp-json\/wp\/v2\/posts"}],"about":[{"href":"https:\/\/www.e-anjelik.sk\/index.php\/wp-json\/wp\/v2\/types\/post"}],"author":[{"embeddable":true,"href":"https:\/\/www.e-anjelik.sk\/index.php\/wp-json\/wp\/v2\/users\/22"}],"replies":[{"embeddable":true,"href":"https:\/\/www.e-anjelik.sk\/index.php\/wp-json\/wp\/v2\/comments?post=3917"}],"version-history":[{"count":0,"href":"https:\/\/www.e-anjelik.sk\/index.php\/wp-json\/wp\/v2\/posts\/3917\/revisions"}],"wp:attachment":[{"href":"https:\/\/www.e-anjelik.sk\/index.php\/wp-json\/wp\/v2\/media?parent=3917"}],"wp:term":[{"taxonomy":"category","embeddable":true,"href":"https:\/\/www.e-anjelik.sk\/index.php\/wp-json\/wp\/v2\/categories?post=3917"},{"taxonomy":"post_tag","embeddable":true,"href":"https:\/\/www.e-anjelik.sk\/index.php\/wp-json\/wp\/v2\/tags?post=3917"}],"curies":[{"name":"wp","href":"https:\/\/api.w.org\/{rel}","templated":true}]}}