{"id":3919,"date":"2011-11-22T14:48:10","date_gmt":"2011-11-22T14:48:10","guid":{"rendered":"http:\/\/e-anjelik.sk\/?p=3919"},"modified":"2011-11-22T14:48:10","modified_gmt":"2011-11-22T14:48:10","slug":"nova-fara-v-dolnych-salibach","status":"publish","type":"post","link":"https:\/\/www.e-anjelik.sk\/index.php\/2011\/11\/22\/nova-fara-v-dolnych-salibach\/","title":{"rendered":"Nov\u00e1 fara v Doln\u00fdch Salib\u00e1ch"},"content":{"rendered":"<p>5. novembra 2011 sa v cirkevnom zbore Doln&eacute; Saliby, BA senior&aacute;t ECAV, konali sl&aacute;vnostn&eacute; slu\u017eby Bo\u017eie , v r&aacute;mci ktor&yacute;ch&nbsp; bola posv&auml;ten&aacute; budova novej fary. Slovo Bo\u017eie&nbsp; zvestoval biskup ZD&nbsp;ECAV M.Krivda a v ma\u010far\u010dine biskup Severn&eacute;ho di&scaron;triktu EC&nbsp;MR Fab&iacute;ny Tam&aacute;s. Faru za\u010dali stava\u0165 r. 2010 .Finan\u010dn&eacute; prostriedky poskytlli dom&aacute;ci viery, obecn&eacute; zastupite\u013estvo, Evanjelick&aacute; krajinsk&aacute; cirkev vo Wuerttembersku, Evanjelick&aacute; cirkev v MR a ministerstv&aacute; vl&aacute;dy MR.Na dokon\u010denie si zbor vzal p&ocirc;\u017ei\u010dku. V&scaron;etk&yacute;m darcom ako aj stavite\u013eom za pr&iacute;kladn&uacute; obetavos\u0165 sa po\u010fakoval senior BAS B.Mi&scaron;ina.<\/p>\n<p>(<a href=\"http:\/\/www.evangelikus.hu\">www.evangelikus.hu<\/a>)<\/p>\n","protected":false},"excerpt":{"rendered":"<p>5. novembra 2011 sa v cirkevnom zbore Doln&eacute; Saliby, BA senior&aacute;t ECAV, konali sl&aacute;vnostn&eacute; slu\u017eby Bo\u017eie , v r&aacute;mci ktor&yacute;ch&nbsp; bola posv&auml;ten&aacute; budova novej fary. Slovo Bo\u017eie&nbsp; zvestoval biskup ZD&nbsp;ECAV M.Krivda a v ma\u010far\u010dine biskup Severn&eacute;ho di&scaron;triktu EC&nbsp;MR Fab&iacute;ny Tam&aacute;s. Faru za\u010dali stava\u0165 r. 2010 .Finan\u010dn&eacute; prostriedky poskytlli dom&aacute;ci viery, obecn&eacute; zastupite\u013estvo, Evanjelick&aacute; krajinsk&aacute; cirkev &#8230; <a title=\"Nov\u00e1 fara v Doln\u00fdch Salib\u00e1ch\" class=\"read-more\" href=\"https:\/\/www.e-anjelik.sk\/index.php\/2011\/11\/22\/nova-fara-v-dolnych-salibach\/\" aria-label=\"Pre\u010d\u00edtajte si viac o Nov\u00e1 fara v Doln\u00fdch Salib\u00e1ch\">\u010c\u00edta\u0165 viac<\/a><\/p>\n","protected":false},"author":22,"featured_media":0,"comment_status":"open","ping_status":"open","sticky":false,"template":"","format":"standard","meta":{"footnotes":""},"categories":[1],"tags":[242],"class_list":["post-3919","post","type-post","status-publish","format-standard","hentry","category-adventna-modlitba","tag-slavnosti"],"_links":{"self":[{"href":"https:\/\/www.e-anjelik.sk\/index.php\/wp-json\/wp\/v2\/posts\/3919","targetHints":{"allow":["GET"]}}],"collection":[{"href":"https:\/\/www.e-anjelik.sk\/index.php\/wp-json\/wp\/v2\/posts"}],"about":[{"href":"https:\/\/www.e-anjelik.sk\/index.php\/wp-json\/wp\/v2\/types\/post"}],"author":[{"embeddable":true,"href":"https:\/\/www.e-anjelik.sk\/index.php\/wp-json\/wp\/v2\/users\/22"}],"replies":[{"embeddable":true,"href":"https:\/\/www.e-anjelik.sk\/index.php\/wp-json\/wp\/v2\/comments?post=3919"}],"version-history":[{"count":0,"href":"https:\/\/www.e-anjelik.sk\/index.php\/wp-json\/wp\/v2\/posts\/3919\/revisions"}],"wp:attachment":[{"href":"https:\/\/www.e-anjelik.sk\/index.php\/wp-json\/wp\/v2\/media?parent=3919"}],"wp:term":[{"taxonomy":"category","embeddable":true,"href":"https:\/\/www.e-anjelik.sk\/index.php\/wp-json\/wp\/v2\/categories?post=3919"},{"taxonomy":"post_tag","embeddable":true,"href":"https:\/\/www.e-anjelik.sk\/index.php\/wp-json\/wp\/v2\/tags?post=3919"}],"curies":[{"name":"wp","href":"https:\/\/api.w.org\/{rel}","templated":true}]}}