{"id":3921,"date":"2011-11-22T22:49:00","date_gmt":"2011-11-22T22:49:00","guid":{"rendered":"http:\/\/e-anjelik.sk\/?p=3921"},"modified":"2011-11-22T22:49:00","modified_gmt":"2011-11-22T22:49:00","slug":"syn-pride-najde-vieru","status":"publish","type":"post","link":"https:\/\/www.e-anjelik.sk\/index.php\/2011\/11\/22\/syn-pride-najde-vieru\/","title":{"rendered":"Syn pr\u00edde! N\u00e1jde vieru?"},"content":{"rendered":"<p>&nbsp;<span class=\"Apple-style-span\" style=\"font-family: Helvetica; font-size: 16px; line-height: normal; \"><b>&nbsp; &nbsp; &nbsp; &nbsp; &nbsp; &nbsp; &nbsp; &nbsp; &nbsp; &nbsp; &nbsp; &nbsp; &nbsp; &nbsp; &nbsp; &nbsp; &nbsp; &nbsp; &nbsp; &nbsp; &nbsp; &nbsp; &nbsp; &nbsp; &nbsp; &nbsp; &nbsp; &nbsp; &nbsp; &nbsp; &nbsp;Syn pr&iacute;de! N&aacute;jde vieru?<\/b><\/span><\/p>\n<p style=\"margin: 0.0px 0.0px 0.0px 0.0px; font: 16.0px Helvetica\"><span style=\"letter-spacing: 0.0px\"><b>Lk 18, 1- 8:<\/b><\/span><\/p>\n<p style=\"margin: 0.0px 0.0px 0.0px 0.0px; font: 16.0px Helvetica\"><span style=\"letter-spacing: 0.0px\"><i>&rdquo;A povedal im aj podobenstvo, ako sa im treba v\u017edy modli\u0165 a neochabova\u0165. (2) Hovoril: V ktoromsi meste bol sudca, Boha sa neb&aacute;l a \u010dloveka nehanbil. (3) A bola v tom meste vdova, ktor&aacute; chodila k nemu a prosila ho: Zasta\u0148 sa ma oproti m&ocirc;jmu protivn&iacute;kovi! (4) Ale&nbsp; on dlho nechcel. Potom si v&scaron;ak povedal: \u010co sa aj Boha neboj&iacute;m ani \u010dloveka nehanb&iacute;m, (5), ale \u017ee ma t&aacute;to vdova ob\u0165a\u017euje, zastanem sa jej, aby nakoniec nepri&scaron;la a nedokali\u010dila ma.(6) A P&aacute;n dodal: Po\u010dujte, \u010do vrav&iacute; nespravodliv&yacute; sudca. (7) \u010ci by sa Boh sn&aacute;\u010f nezastal svojich vyvolen&yacute;ch, ktor&iacute; d\u0148om i nocou volaj&uacute; k Nemu? \u010ci me&scaron;k&aacute; s ich vysly&scaron;an&iacute;m?&nbsp; (8) Hovor&iacute;m v&aacute;m: Skoro sa ich zastane. Ale ke\u010f pr&iacute;de Syn \u010dloveka, \u010di n&aacute;jde vieru na zemi?&rdquo; Amen<\/i><\/span><\/p>\n<p style=\"margin: 0.0px 0.0px 0.0px 0.0px; font: 16.0px Helvetica; min-height: 19.0px\"><span style=\"letter-spacing: 0.0px\">&nbsp;&nbsp; &nbsp; &nbsp;<\/span><\/p>\n<p style=\"margin: 0.0px 0.0px 0.0px 0.0px; font: 16.0px Helvetica\"><span style=\"letter-spacing: 0.0px\">&nbsp;&nbsp; &nbsp; &nbsp; Mil&iacute; bratia a sestry P&aacute;novi!<\/span><\/p>\n<p style=\"margin: 0.0px 0.0px 0.0px 0.0px; font: 16.0px Helvetica; min-height: 19.0px\"><span style=\"letter-spacing: 0.0px\">&nbsp;&nbsp; &nbsp; &nbsp;<\/span><\/p>\n<p style=\"margin: 0.0px 0.0px 0.0px 0.0px; font: 16.0px Helvetica\"><span style=\"letter-spacing: 0.0px\"><b>&nbsp; &nbsp; &nbsp;<\/b> <b>Cirkevn&yacute; rok sa bl&iacute;\u017ei ku koncu<\/b>. E&scaron;te dve nedele a m&ocirc;\u017eeme bilancova\u0165. Najd&ocirc;le\u017eitej&scaron;iu ot&aacute;zku, na ktor&uacute; by se namali nikdy zabudn&uacute;\u0165 n&aacute;m pripom&iacute;na Je\u017ei&scaron; Kristus: &ldquo;<b>Ale ke\u010f pr&iacute;de Syn \u010dloveka, \u010di n&aacute;jde vieru na zemi?&rdquo;<\/b>&nbsp; &#8211; Ka\u017ed&yacute; z n&aacute;s je osobne zodpovedn&yacute; za odpove\u010f na t&uacute;to ot&aacute;zku. Viera rozhodne, ako to s&nbsp; nami bude na konci tohoto sveta a na za\u010diatku sveta nov&eacute;ho. Ako kres\u0165ania m&aacute;me ur\u010dit&uacute; v&yacute;hodu, \u017ee t&uacute;to ot&aacute;zku po\u010dujeme v roku viackr&aacute;t. Nemala by n&aacute;s zasko\u010di\u0165, ani zarm&uacute;\u0165, ale &#8211; <b>povzbudi\u0165<\/b>! Aj pominul&aacute; Pamiatka zosnul&yacute;ch navodila t&uacute;to v&aacute;\u017enu ot&aacute;zku v na&scaron;ich mysliach. Ako je to s na&scaron;ou vierou?&nbsp;<\/span><\/p>\n<p style=\"margin: 0.0px 0.0px 0.0px 0.0px; font: 16.0px Helvetica\"><span style=\"letter-spacing: 0.0px\">&nbsp;&nbsp; &nbsp; Je skuto\u010dnou d&ocirc;verou v \u017eiv&eacute;ho a osl&aacute;ven&eacute;ho P&aacute;na Je\u017ei&scaron;a Krista, ktor&yacute; <i>&ldquo;pr&iacute;de s&uacute;di\u0165 \u017eiv&yacute;ch i m\u0155tvych&rdquo;<\/i>? Dne&scaron;n&eacute; evanjelium n&aacute;m pripom&iacute;na to, \u010do patr&iacute; k pevnej istote veriaceho kres\u0165ana: <b>P&aacute;n Je\u017ei&scaron; ur\u010dite pr&iacute;de ako Sudca a P&aacute;n.<\/b> Jeho pr&iacute;chod je nevypo\u010ditate\u013en&yacute; a bude n&aacute;hly. Pre v&scaron;etk&yacute;ch bude prekvapuj&uacute;ci, ale u\u017e dnes ide o to, aby na&scaron;e prekvapenie bolo <b>prekvapen&iacute;m pr&iacute;jemn&yacute;m a radostn&yacute;m<\/b> a nie smutn&yacute;m a \u017ealostn&yacute;m. Ke\u010f nastane de\u0148 posledn&eacute;h s&uacute;du, zlo, nespravodlivos\u0165 a \u013eudsk&eacute; sebectvo skon\u010d&iacute;. Bude ods&uacute;den&eacute; a odstr&aacute;nen&eacute;. Odstr&aacute;nen&yacute; bude aj p&ocirc;vodca hriechu a zla vo svete.<\/span><\/p>\n<p style=\"margin: 0.0px 0.0px 0.0px 0.0px; font: 16.0px Helvetica; min-height: 19.0px\"><span style=\"letter-spacing: 0.0px\">&nbsp;&nbsp; &nbsp; &nbsp;<\/span><\/p>\n<p style=\"margin: 0.0px 0.0px 0.0px 0.0px; font: 16.0px Helvetica\"><span style=\"letter-spacing: 0.0px\">&nbsp; &nbsp; &nbsp; <b>Ver&iacute;me<\/b> tomuto slovu? <b>Ver&iacute;me tomuto zas\u013e&uacute;beniu P&aacute;novmu,<\/b> a&nbsp; Jeho s\u013eubu o &ldquo;<i>novom nebi a zemi&rdquo;<\/i>? O nov&yacute;ch vz\u0165ahoch medzi nebom a zemou a Jeho ve\u010dnom kr&aacute;\u013eovstve?&nbsp; To je viera, na ktor&uacute; sa p&yacute;ta a bude p&yacute;ta\u0165. Viera, ktor&aacute; ospravedln&iacute; a zachr&aacute;ni \u010dloveka. Ide o vieru v Toho, ktor&yacute; bol s&iacute;ce trpiacim Bar&aacute;nkom, a predsa je V&iacute;\u0165azom.<\/span><\/p>\n<p style=\"margin: 0.0px 0.0px 0.0px 0.0px; font: 16.0px Helvetica; min-height: 19.0px\"><span style=\"letter-spacing: 0.0px\">&nbsp; &nbsp; &nbsp;<\/span><\/p>\n<p style=\"margin: 0.0px 0.0px 0.0px 0.0px; font: 16.0px Helvetica\"><span style=\"letter-spacing: 0.0px\">&nbsp;&nbsp; Veriaci kres\u0165ania si maj&uacute; v&scaron;imn&uacute;\u0165 ur\u010dit&eacute; zamenia konca vekov. Ka\u017ed&aacute; gene&aacute;cia kres\u0165anov tie znamenia m&ocirc;\u017ee vidie\u0165 a pozorova\u0165. Je ich viacero a nemusia by\u0165 v\u017edy rovnak&eacute;ho druhu. Ale s&uacute; tak&eacute;, ktor&eacute; sa t&yacute;kaj&uacute; ka\u017edej gener&aacute;cie, ka\u017ed&eacute;ho pokolenia. &#8211; Ak sa tieto znamenia dej&uacute;, \u013eudi sa p&yacute;taj&uacute;:&nbsp; pre\u010do? Pre\u010do trp&iacute;m, pre\u010do sa deje to\u013eko v&scaron;elijak&eacute;ho zla? Kde je Boh? Pre\u010do nekon&aacute; a nezasiahne?<\/span><\/p>\n<p style=\"margin: 0.0px 0.0px 0.0px 0.0px; font: 16.0px Helvetica\"><span style=\"letter-spacing: 0.0px\">Nespravodliv&iacute;, ale aj tzv. dobr&iacute; a spravodliv&iacute; sa stretaj&uacute; s <b>mnoh&yacute;mi prejavmi zla.<\/b> P&aacute;n Je\u017ei&scaron; predpovedal, \u017ee ku koncu vekov: &rdquo;<i>ochladne l&aacute;ska mnoh&yacute;ch&rdquo;<\/i>. Znamen&aacute; to, \u017ee nejak&yacute; mas&iacute;vny n&aacute;rast cirkvi a jej vonkaj&scaron;ia sl&aacute;va sa ned&aacute; o\u010dak&aacute;va\u0165. &#8211; Opak je sk&ocirc;r pravdou. &nbsp;<\/span><\/p>\n<p style=\"margin: 0.0px 0.0px 0.0px 0.0px; font: 16.0px Helvetica; min-height: 19.0px\"><span style=\"letter-spacing: 0.0px\">&nbsp; &nbsp;<\/span><\/p>\n<p style=\"margin: 0.0px 0.0px 0.0px 0.0px; font: 16.0px Helvetica\"><span style=\"letter-spacing: 0.0px\">&nbsp; &nbsp; Pravdou je aj to, \u017ee pr&aacute;ve cirkev a jej vern&iacute; bud&uacute; s bl&iacute;\u017eiacim sa koncom vekom vystaven&iacute; ve\u013ek&eacute;mu<b> tlaku a utrpeniu<\/b>. Tieto dve znamenia spom&iacute;nam preto, lebo m&ocirc;\u017eu ohrozi\u0165 d&ocirc;veru \u010dloveka &#8211; kres\u0165ana v Bo\u017eiu vernos\u0165, moc a spravodlivos\u0165.&nbsp;<\/span><\/p>\n<p style=\"margin: 0.0px 0.0px 0.0px 0.0px; font: 16.0px Helvetica; min-height: 19.0px\"><span style=\"letter-spacing: 0.0px\">&nbsp; &nbsp; &nbsp; &nbsp;<\/span><\/p>\n<p style=\"margin: 0.0px 0.0px 0.0px 0.0px; font: 16.0px Helvetica\"><span style=\"letter-spacing: 0.0px\">&nbsp; &nbsp; Tlak na cirkev bol zo strany sveta od sam&eacute;ho po\u010diatku enormn&yacute; . Niekedy niesol a m&ocirc;\u017ee nies\u0165 a\u017e satansk&eacute; prvky, ako ich pozn&aacute;me z obrazov J&aacute;novej Apokalypsy.<b> <\/b>Nepriate\u013estvo a nen&aacute;vis\u0165 vo\u010di Bo\u017e&iacute;m de\u0165om a P&aacute;nov&yacute;m vern&yacute;m je nebezpe\u010dn&aacute; preto, \u017ee m&ocirc;\u017ee sp&ocirc;sobova\u0165 <b>zl&eacute; reakcie a odpovede.&nbsp;<\/b><\/span><\/p>\n<p style=\"margin: 0.0px 0.0px 0.0px 0.0px; font: 16.0px Helvetica; min-height: 19.0px\"><span style=\"letter-spacing: 0.0px\">&nbsp;&nbsp; &nbsp;<\/span><\/p>\n<p style=\"margin: 0.0px 0.0px 0.0px 0.0px; font: 16.0px Helvetica\"><span style=\"letter-spacing: 0.0px\">&nbsp; &nbsp; <b>Takou<\/b> <b>je<\/b> napr. <b>snaha o pomstu<\/b>. Ak by sa tak dialo, \u017ee kres\u0165ania sa <b>mstia, <\/b>\u017ee odpovedaj&uacute; rovnako a rovnak&yacute;mi sp&ocirc;sobmi, diabol dosiahne svoj cie\u013e. Znamen&aacute; to ob&iacute;denie Je\u017ei&scaron;ovej v&ocirc;le&#8230;<b>In&yacute;m<\/b> zl&yacute;m rie&scaron;en&iacute;m je, \u017ee sa kres\u0165ania nechaj&uacute; odradi\u0165, <b>\u017ee sa daj&uacute; zlomi\u0165 a prestan&uacute; veri\u0165 vo v&iacute;\u0165aztvo Bo\u017eej a Kristovej veci v tomto svete<\/b>. Pod\u013eahnutie pasivite a &ldquo;vypustenie dovolen&yacute;ch zbran&iacute; z r&uacute;k&rdquo; je podobne, hoci paradoxne, znakom malej viery, \u010di dokonca nevery.<\/span><\/p>\n<p style=\"margin: 0.0px 0.0px 0.0px 0.0px; font: 16.0px Helvetica; min-height: 19.0px\">&nbsp;<\/p>\n<p style=\"margin: 0.0px 0.0px 0.0px 0.0px; font: 16.0px Helvetica\"><span style=\"letter-spacing: 0.0px\">&nbsp; &nbsp; &nbsp; Preto sa mus&iacute;me p&yacute;ta\u0165- <b>ak&eacute; s&uacute; teda na&scaron;e mo\u017enosti?<\/b> Vtedy, ke\u010f ochlad&aacute; l&aacute;ska mnoh&yacute;ch? Ke\u010f nepriate\u013emi veriaceho se neraz stan&uacute; jeho dom&aacute;ci &#8211; teda t&iacute; najbli\u017e&scaron;&iacute;? Ke\u010f sa stretneme s i&scaron;kariotizmom vo vlastnej rodine? Alebo v spolo\u010denstve cirkevn&eacute;ho zboru, ako sa to prorocky uk&aacute;zalo u\u017e v kruhu dvan&aacute;stich P&aacute;nov&yacute;ch u\u010den&iacute;kov?!&nbsp;<\/span><\/p>\n<p style=\"margin: 0.0px 0.0px 0.0px 0.0px; font: 16.0px Helvetica; min-height: 19.0px\">&nbsp;<\/p>\n<p style=\"margin: 0.0px 0.0px 0.0px 0.0px; font: 16.0px Helvetica\"><span style=\"letter-spacing: 0.0px\">&nbsp;&nbsp; &nbsp; &nbsp; Ako sa zachova\u0165, ako bojova\u0165 a pritom &ldquo;neby\u0165 ako oni &ldquo; ukazuje P&aacute;n Je\u017ei&scaron; v dne&scaron;nom podobenstve. <i>&ldquo;V ktoromsi meste bol<\/i><b><i> sudca, Boha sa neb&aacute;l a \u010dloveka nehanbil<\/i>&rdquo;.<\/b> Chodila na n&iacute;m vdova s prosbou: <i>&rdquo;Zasta\u0148 sa ma oproti m&ocirc;jmu protivn&iacute;kovi<\/i>.<i> Ale on dlho nechcel. Potom si v&scaron;ak povedal: \u010co sa aj Boha neboj&iacute;m ani \u010dloveka nehanb&iacute;m, ale \u017ee ma t&aacute;to vdova ob\u0165a\u017euje, zastanem sa jej, aby nakoniec nepri&scaron;la a nedokali\u010dili ma&rdquo;<\/i>. &#8211; P&aacute;n Je\u017ei&scaron; k tomu dodal: &ldquo;<i>Po\u010dujte, \u010do hovor&iacute; nespravodliv&yacute; sudca. \u010ci by sa Boh sn&aacute;\u010f nezastal svojich vyvolen&yacute;ch, ktor&iacute; d\u0148om nocou volaj&uacute; k Nemu? \u010ci me&scaron;k&aacute; s ich vysly&scaron;an&iacute;m? Hovor&iacute;m v&aacute;m: Skoro sa ich zastane.<\/i>&rdquo;<\/span><\/p>\n<p style=\"margin: 0.0px 0.0px 0.0px 0.0px; font: 16.0px Helvetica; min-height: 19.0px\"><span style=\"letter-spacing: 0.0px\">&nbsp; &nbsp; &nbsp;<\/span><\/p>\n<p style=\"margin: 0.0px 0.0px 0.0px 0.0px; font: 16.0px Helvetica\"><span style=\"letter-spacing: 0.0px\">&nbsp;&nbsp; &nbsp; &nbsp; Bratia a sestry v P&aacute;novi!<\/span><\/p>\n<p style=\"margin: 0.0px 0.0px 0.0px 0.0px; font: 16.0px Helvetica\"><span style=\"letter-spacing: 0.0px\">&nbsp;&nbsp; &nbsp; &nbsp; <b>Cirkev Kristova je a m&aacute; by\u0165 spolo\u010denstvom ustavi\u010dnej modlitby.<\/b> Takej modlitby, ktor&aacute; je prejavom d&ocirc;very v Bo\u017eiu pomoc, Bo\u017eiu milos\u0165 a spravodlivos\u0165. Cirkev a kres\u0165ania v nej sa nesm&uacute; presta\u0165 modli\u0165 ! Najm&auml; nie v sk&uacute;&scaron;kach \u017eivota a v z&aacute;pase s mnoh&yacute;m zlom.&nbsp;<\/span><\/p>\n<p style=\"margin: 0.0px 0.0px 0.0px 0.0px; font: 16.0px Helvetica\"><span style=\"letter-spacing: 0.0px\">Nespravodliv&yacute;ch sudcov a p&aacute;nov, ktor&iacute; sa Boha neboja a \u013eud&iacute;&nbsp; nehanbia bolo, je bude v\u017edy dos\u0165. <b>Pozn&aacute; ich aj na&scaron;a krajina, pozn&aacute;me ich mnoh&iacute; z n&aacute;s.<\/b> O tom sa nemus&iacute;me navz&aacute;jom presvied\u010da\u0165. Ot&aacute;zkou je, \u010di na&scaron;e veci, \u0165a\u017ekosti a probl&eacute;my por&uacute;\u010dame d\u0148om &#8211; nocou, t.j. neprestajne P&aacute;nu Bohu<b>. \u010ci ver&iacute;me, \u017ee napokon On bude ma\u0165 posledn&eacute; slovo vo v&scaron;etkom!<\/b> Posledn&eacute; slovo zo\u010di-vo\u010di zjavnej nespravodlivosti, ale aj zo\u010di &#8211; vo\u010di utrpeniu a \u010dasnej smrti!&nbsp; &nbsp;<\/span><\/p>\n<p style=\"margin: 0.0px 0.0px 0.0px 0.0px; font: 16.0px Helvetica\"><span style=\"letter-spacing: 0.0px\">Zastane sa n&aacute;s, \u010di nezastane? Vytrhne n&aacute;s z jej moci a odstr&aacute;ni napokon jej moc? Zlom&iacute; put&aacute; ka\u017ed&eacute;ho zla? Ak sa modl&iacute;me o to, d&aacute;vame najavo, \u017ee Mu d&ocirc;verujeme, \u017ee <b>toto v&scaron;etko je aj Jeho &ldquo;vec&rdquo;, a \u017ee napokon s N&iacute;m zv&iacute;\u0165az&iacute;me.<\/b><\/span><\/p>\n<p style=\"margin: 0.0px 0.0px 0.0px 0.0px; font: 16.0px Helvetica; min-height: 19.0px\">&nbsp;<\/p>\n<p style=\"margin: 0.0px 0.0px 0.0px 0.0px; font: 16.0px Helvetica\"><span style=\"letter-spacing: 0.0px\">&nbsp; &nbsp; &nbsp; Pokia\u013e ide o mocn&yacute;ch a nespravodliv&yacute;ch, mnoho raz sa u\u017e uk&aacute;zalo &#8211; a v\u017edy znova sa ukazje, \u017ee &ldquo;\u017eiaden strom do neba nerastie&rdquo;. <i>&ldquo;Mocn&yacute;ch zhadzuje z tr&oacute;nov a poni\u017euje py&scaron;n&yacute;ch. &ldquo;&nbsp; &nbsp;<\/i><\/span><\/p>\n<p style=\"margin: 0.0px 0.0px 0.0px 0.0px; font: 16.0px Helvetica; min-height: 19.0px\"><span style=\"letter-spacing: 0.0px\"><i>&nbsp; &nbsp; &nbsp;<\/i><\/span><\/p>\n<p style=\"margin: 0.0px 0.0px 0.0px 0.0px; font: 16.0px Helvetica\"><span style=\"letter-spacing: 0.0px\">&nbsp;&nbsp; &nbsp; O s&uacute;\u010dasnom prenasledovan&iacute; a utl&aacute;\u010dan&iacute; kres\u0165anov vo svete vl&aacute;dami, &scaron;t&aacute;tmi, alebo skupinami \u013eud&iacute;, pravdivo nap&iacute;sal v tomto roku (2011) BERNARD HENRY<b> L&Eacute;VY,<\/b> riadite\u013e par&iacute;\u017eskeho vydavte\u013estva B.GRASSET a &scaron;&eacute;fredaktor Le Regle du Jeu, pre &scaron;panielsku tla\u010dov&uacute; agent&uacute;ru Efe: <i>&rdquo; V dne&scaron;n&yacute;ch \u010dasoch je na&scaron;ou povinnos\u0165ou br&aacute;ni\u0165 kres\u0165anov , preto\u017ee s&uacute; dnes najsystematickej&scaron;ie prenasledovan&yacute;m spolo\u010denstvom na svete a ich prenasledovatelia sa te&scaron;ia tot&aacute;lnej beztresnosti.&rdquo;&nbsp; Takto Izraelita br&aacute;ni kres\u0165anov! Opr&aacute;vnene. <\/i>Mohli by sme tu menova\u0165 najm&auml; mnoh&eacute; islamsk&eacute; &scaron;t&aacute;ty, ale aj in&eacute;. Pokia\u013e ide o Slovensko, nejde u n&aacute;s iste\u017ee o nejak&eacute; brut&aacute;lne \u010diny vo\u010di kres\u0165anom a z toho plyn&uacute;ce utrpenie. Ale <b>nespravodlivos\u0165 vid&iacute;me <\/b>napr. v sp&ocirc;sobe financovania cirkevn&eacute;ho &scaron;kolstva a cirkevnej diakonie \/charity\/, v nedorie&scaron;enom vz\u0165ahu &scaron;t&aacute;tu a cirkvi. Preto m&aacute;me ve\u013ea d&ocirc;vodov, osobn&yacute;ch i spolo\u010dn&yacute;ch modli\u0165 <b>a neochabova\u0165.&nbsp;<\/b><\/span><\/p>\n<p style=\"margin: 0.0px 0.0px 0.0px 0.0px; font: 16.0px Helvetica; min-height: 19.0px\"><span style=\"letter-spacing: 0.0px\">&nbsp;&nbsp; &nbsp;<\/span><\/p>\n<p style=\"margin: 0.0px 0.0px 0.0px 0.0px; font: 16.0px Helvetica\"><span style=\"letter-spacing: 0.0px\">&nbsp;&nbsp; &nbsp; Spolo\u010dn&eacute; volanie o pomoc Bo\u017eiu v osobn&yacute;ch sk&uacute;&scaron;kach, i prosby&nbsp; o dary Ducha Sv&auml;t&eacute;ho n&aacute;m napokon pom&ocirc;\u017eu zachova\u0165 d&ocirc;veru v Bo\u017eiu spravodlivos\u0165, v milos\u0165 n&aacute;&scaron;ho P&aacute;na, v dary a &uacute;\u010dastenstvo Ducha Sv&auml;t&eacute;ho. Vieru, o ktorej hovor&iacute; P&aacute;n Je\u017ei&scaron; :<i> &rdquo;Ale ke\u010f pr&iacute;de Syn \u010dloveka, \u010di n&aacute;jde vieru na zemi?&rdquo;<\/i><\/span><\/p>\n<p style=\"margin: 0.0px 0.0px 0.0px 0.0px; font: 16.0px Helvetica; min-height: 19.0px\"><span style=\"letter-spacing: 0.0px\">&nbsp; &nbsp; &nbsp;<\/span><\/p>\n<p style=\"margin: 0.0px 0.0px 0.0px 0.0px; font: 16.0px Helvetica\"><span style=\"letter-spacing: 0.0px\">S k\u0148azom a b&aacute;snikom <b>V. Bla\u017ekom<\/b> vyznajme aj my:<\/span><\/p>\n<p style=\"margin: 0.0px 0.0px 0.0px 0.0px; font: 16.0px Helvetica; min-height: 19.0px\">&nbsp;<\/p>\n<p style=\"margin: 0.0px 0.0px 0.0px 0.0px; font: 16.0px Helvetica\"><span style=\"letter-spacing: 0.0px\">&ldquo;Svet speje k z&aacute;niku, i mne u\u017e slabne krok,<\/span><\/p>\n<p style=\"margin: 0.0px 0.0px 0.0px 0.0px; font: 16.0px Helvetica\"><span style=\"letter-spacing: 0.0px\">pred Bohom tis&iacute;c liet je ako jeden rok.<\/span><\/p>\n<p style=\"margin: 0.0px 0.0px 0.0px 0.0px; font: 16.0px Helvetica; min-height: 19.0px\">&nbsp;<\/p>\n<p style=\"margin: 0.0px 0.0px 0.0px 0.0px; font: 16.0px Helvetica\"><span style=\"letter-spacing: 0.0px\">Prebu\u010f sa, priate\u013e m&ocirc;j! Ak na modlitb&aacute;ch bdie&scaron;,<\/span><\/p>\n<p style=\"margin: 0.0px 0.0px 0.0px 0.0px; font: 16.0px Helvetica\"><span style=\"letter-spacing: 0.0px\">aj zlobu aj peklo vo viere prem&ocirc;\u017ee&scaron;.<\/span><\/p>\n<p style=\"margin: 0.0px 0.0px 0.0px 0.0px; font: 16.0px Helvetica; min-height: 19.0px\">&nbsp;<\/p>\n<p style=\"margin: 0.0px 0.0px 0.0px 0.0px; font: 16.0px Helvetica\"><span style=\"letter-spacing: 0.0px\">Pred nami sl&aacute;vny cie\u013e &#8211; Niekto n&aacute;s vol&aacute; vpred!<\/span><\/p>\n<p style=\"margin: 0.0px 0.0px 0.0px 0.0px; font: 16.0px Helvetica\"><span style=\"letter-spacing: 0.0px\">Tam s Kristom m&aacute;me \u017ei\u0165 &#8211; ak pr&iacute;de \u010dasom mrie\u0165&rdquo;.&nbsp;<\/span><\/p>\n<p style=\"margin: 0.0px 0.0px 0.0px 0.0px; font: 16.0px Helvetica\"><span style=\"letter-spacing: 0.0px\">\/<b>Vyznanie seniora<\/b>\/ &nbsp; &nbsp; &nbsp; &nbsp; &nbsp; &nbsp; &nbsp; &nbsp; &nbsp; &nbsp; &nbsp; &nbsp; &nbsp; &nbsp; &nbsp; &nbsp; &nbsp; &nbsp; &nbsp; &nbsp; &nbsp; &nbsp; &nbsp; &nbsp; Amen.<\/span><\/p>\n<p style=\"margin: 0.0px 0.0px 0.0px 0.0px; font: 16.0px Helvetica; min-height: 19.0px\">&nbsp;<\/p>\n<p style=\"margin: 0.0px 0.0px 0.0px 0.0px; font: 12.0px Helvetica\"><span style=\"font: 16.0px Helvetica; letter-spacing: 0.0px\">&nbsp;&nbsp; &nbsp; &nbsp; &nbsp; &nbsp; &nbsp; &nbsp;<\/span><span style=\"letter-spacing: 0.0px\">&nbsp; &nbsp; &nbsp; &nbsp; &nbsp; &nbsp; &nbsp; &nbsp; &nbsp; &nbsp; &nbsp; &nbsp; &nbsp; &nbsp; &nbsp; &nbsp; &nbsp; &nbsp; &nbsp; &nbsp; &nbsp; &nbsp; &nbsp;Rovensko a Soboti&scaron;te &#8211; 20.N.po Sv.Tr.- 6.XI.11-&nbsp; \u013d.Batka st.<\/span><\/p>\n<p style=\"margin: 0.0px 0.0px 0.0px 0.0px; font: 16.0px Helvetica; min-height: 19.0px\"><span style=\"letter-spacing: 0.0px\">&nbsp;&nbsp; &nbsp; &nbsp; &nbsp;<\/span><\/p>\n<p style=\"margin: 0.0px 0.0px 0.0px 0.0px; font: 16.0px Helvetica; min-height: 19.0px\"><span style=\"letter-spacing: 0.0px\">&nbsp; &nbsp; &nbsp;<\/span><\/p>\n","protected":false},"excerpt":{"rendered":"<p>&nbsp;&nbsp; &nbsp; &nbsp; &nbsp; &nbsp; &nbsp; &nbsp; &nbsp; &nbsp; &nbsp; &nbsp; &nbsp; &nbsp; &nbsp; &nbsp; &nbsp; &nbsp; &nbsp; &nbsp; &nbsp; &nbsp; &nbsp; &nbsp; &nbsp; &nbsp; &nbsp; &nbsp; &nbsp; &nbsp; &nbsp; &nbsp;Syn pr&iacute;de! N&aacute;jde vieru? Lk 18, 1- 8: &rdquo;A povedal im aj podobenstvo, ako sa im treba v\u017edy modli\u0165 a neochabova\u0165. (2) Hovoril: V ktoromsi &#8230; <a title=\"Syn pr\u00edde! N\u00e1jde vieru?\" class=\"read-more\" href=\"https:\/\/www.e-anjelik.sk\/index.php\/2011\/11\/22\/syn-pride-najde-vieru\/\" aria-label=\"Pre\u010d\u00edtajte si viac o Syn pr\u00edde! N\u00e1jde vieru?\">\u010c\u00edta\u0165 viac<\/a><\/p>\n","protected":false},"author":4,"featured_media":0,"comment_status":"open","ping_status":"open","sticky":false,"template":"","format":"standard","meta":{"footnotes":""},"categories":[119,121,95],"tags":[],"class_list":["post-3921","post","type-post","status-publish","format-standard","hentry","category-obdobie-po-sv-trojici","category-kazne","category-sobotiste"],"_links":{"self":[{"href":"https:\/\/www.e-anjelik.sk\/index.php\/wp-json\/wp\/v2\/posts\/3921","targetHints":{"allow":["GET"]}}],"collection":[{"href":"https:\/\/www.e-anjelik.sk\/index.php\/wp-json\/wp\/v2\/posts"}],"about":[{"href":"https:\/\/www.e-anjelik.sk\/index.php\/wp-json\/wp\/v2\/types\/post"}],"author":[{"embeddable":true,"href":"https:\/\/www.e-anjelik.sk\/index.php\/wp-json\/wp\/v2\/users\/4"}],"replies":[{"embeddable":true,"href":"https:\/\/www.e-anjelik.sk\/index.php\/wp-json\/wp\/v2\/comments?post=3921"}],"version-history":[{"count":0,"href":"https:\/\/www.e-anjelik.sk\/index.php\/wp-json\/wp\/v2\/posts\/3921\/revisions"}],"wp:attachment":[{"href":"https:\/\/www.e-anjelik.sk\/index.php\/wp-json\/wp\/v2\/media?parent=3921"}],"wp:term":[{"taxonomy":"category","embeddable":true,"href":"https:\/\/www.e-anjelik.sk\/index.php\/wp-json\/wp\/v2\/categories?post=3921"},{"taxonomy":"post_tag","embeddable":true,"href":"https:\/\/www.e-anjelik.sk\/index.php\/wp-json\/wp\/v2\/tags?post=3921"}],"curies":[{"name":"wp","href":"https:\/\/api.w.org\/{rel}","templated":true}]}}