{"id":3922,"date":"2011-11-23T08:38:37","date_gmt":"2011-11-23T08:38:37","guid":{"rendered":"http:\/\/e-anjelik.sk\/?p=3922"},"modified":"2011-11-23T08:38:37","modified_gmt":"2011-11-23T08:38:37","slug":"sluzby-bozie-v-centre-cirkvi","status":"publish","type":"post","link":"https:\/\/www.e-anjelik.sk\/index.php\/2011\/11\/23\/sluzby-bozie-v-centre-cirkvi\/","title":{"rendered":"Slu\u017eby Bo\u017eie v centre cirkvi"},"content":{"rendered":"<p>V pondelok 21. novembra t.r. sa v &Scaron;tuttgarte za\u010dalo jesenn&eacute; zasadnutie synody Evanjelickej krajinskej cirkvi Wuerttemberska otv&aacute;rac&iacute;mi slu\u017ebami Bo\u017e&iacute;mi. Po nich predniesol spr&aacute;vu krajinsk&yacute; biskup Frank O. July. V jeho spr&aacute;ve boli centrom slu\u017eby Bo\u017eie. &quot;Slu\u017eby Bo\u017eie s&uacute; tepom srdca a \u017eivotn&yacute;m rytmom cirkevn&eacute;ho zboru. Diktat&uacute;ry v&scaron;etk&yacute;ch odtie\u0148ov to vedeli dobre, preto ich zakazovali, ru&scaron;ili alebo obmedzovali. Ony s&uacute; lie\u010div&yacute;m preru&scaron;en&iacute;m v&scaron;edn&yacute;ch dn&iacute;. Tu ni\u010d nemus&iacute;me kona\u0165 alebo zdokona\u013eova\u0165, oslovuje n&aacute;s Bo\u017eia podpora.&quot; Na druh&yacute; de\u0148 zasadnutia rokovali synod&aacute;li o osobnom pl&aacute;novan&iacute; a o rozpo\u010dte. S&uacute;\u010das\u0165ou synody bude aj ude\u013eovanie ceny Slu\u017eieb Bo\u017e&iacute;ch za rok 2011. Na 1. adventn&uacute; nede\u013eu bude v r&aacute;mci slu\u017eieb Bo\u017e&iacute;ch v Ulmskom Muensteri otvorenie &quot;Roka Slu\u017eieb Bo\u017e&iacute;ch&quot;.&quot; M&aacute; to by\u0165 rok radosti na SB a nebude to rok nov&yacute;ch potrieb a po\u017eiadaviek.&quot; povedal&nbsp; biskup July.&nbsp;V tejto cirkvi je celoro\u010dn&yacute; priemer n&aacute;v&scaron;tevnosti SB \u010dlenmi 4%. Synoda sa skon\u010d&iacute; vo &scaron;tvrtok 24. nov. 2011.<\/p>\n<p>(<a href=\"http:\/\/www.elk-wue.de\">www.elk-wue.de<\/a>)<\/p>\n","protected":false},"excerpt":{"rendered":"<p>V pondelok 21. novembra t.r. sa v &Scaron;tuttgarte za\u010dalo jesenn&eacute; zasadnutie synody Evanjelickej krajinskej cirkvi Wuerttemberska otv&aacute;rac&iacute;mi slu\u017ebami Bo\u017e&iacute;mi. Po nich predniesol spr&aacute;vu krajinsk&yacute; biskup Frank O. July. V jeho spr&aacute;ve boli centrom slu\u017eby Bo\u017eie. &quot;Slu\u017eby Bo\u017eie s&uacute; tepom srdca a \u017eivotn&yacute;m rytmom cirkevn&eacute;ho zboru. Diktat&uacute;ry v&scaron;etk&yacute;ch odtie\u0148ov to vedeli dobre, preto ich zakazovali, ru&scaron;ili &#8230; <a title=\"Slu\u017eby Bo\u017eie v centre cirkvi\" class=\"read-more\" href=\"https:\/\/www.e-anjelik.sk\/index.php\/2011\/11\/23\/sluzby-bozie-v-centre-cirkvi\/\" aria-label=\"Pre\u010d\u00edtajte si viac o Slu\u017eby Bo\u017eie v centre cirkvi\">\u010c\u00edta\u0165 viac<\/a><\/p>\n","protected":false},"author":22,"featured_media":0,"comment_status":"open","ping_status":"open","sticky":false,"template":"","format":"standard","meta":{"footnotes":""},"categories":[9,10],"tags":[],"class_list":["post-3922","post","type-post","status-publish","format-standard","hentry","category-europa","category-zo-sveta"],"_links":{"self":[{"href":"https:\/\/www.e-anjelik.sk\/index.php\/wp-json\/wp\/v2\/posts\/3922","targetHints":{"allow":["GET"]}}],"collection":[{"href":"https:\/\/www.e-anjelik.sk\/index.php\/wp-json\/wp\/v2\/posts"}],"about":[{"href":"https:\/\/www.e-anjelik.sk\/index.php\/wp-json\/wp\/v2\/types\/post"}],"author":[{"embeddable":true,"href":"https:\/\/www.e-anjelik.sk\/index.php\/wp-json\/wp\/v2\/users\/22"}],"replies":[{"embeddable":true,"href":"https:\/\/www.e-anjelik.sk\/index.php\/wp-json\/wp\/v2\/comments?post=3922"}],"version-history":[{"count":0,"href":"https:\/\/www.e-anjelik.sk\/index.php\/wp-json\/wp\/v2\/posts\/3922\/revisions"}],"wp:attachment":[{"href":"https:\/\/www.e-anjelik.sk\/index.php\/wp-json\/wp\/v2\/media?parent=3922"}],"wp:term":[{"taxonomy":"category","embeddable":true,"href":"https:\/\/www.e-anjelik.sk\/index.php\/wp-json\/wp\/v2\/categories?post=3922"},{"taxonomy":"post_tag","embeddable":true,"href":"https:\/\/www.e-anjelik.sk\/index.php\/wp-json\/wp\/v2\/tags?post=3922"}],"curies":[{"name":"wp","href":"https:\/\/api.w.org\/{rel}","templated":true}]}}