{"id":3925,"date":"2011-11-23T22:03:29","date_gmt":"2011-11-23T22:03:29","guid":{"rendered":"http:\/\/e-anjelik.sk\/?p=3925"},"modified":"2011-11-23T22:03:29","modified_gmt":"2011-11-23T22:03:29","slug":"ake-su-mile-tvoje-pribytky","status":"publish","type":"post","link":"https:\/\/www.e-anjelik.sk\/index.php\/2011\/11\/23\/ake-su-mile-tvoje-pribytky\/","title":{"rendered":"Ak\u00e9 s\u00fa mil\u00e9 Tvoje pr\u00edbytky&#8230;"},"content":{"rendered":"<p>&nbsp;<span class=\"Apple-style-span\" style=\"font-family: Helvetica; font-size: 16px; line-height: normal; \"><b>&nbsp; &nbsp; &nbsp; &nbsp; &nbsp; &nbsp; &nbsp; &nbsp; &nbsp; &nbsp; &nbsp; &nbsp; &nbsp; &nbsp; &nbsp; &nbsp; &nbsp; &nbsp; &nbsp; &nbsp; &nbsp; &nbsp; &nbsp; &nbsp; &nbsp; &nbsp; &nbsp; Ak&eacute; s&uacute; mil&eacute; Tvoje pr&iacute;bytky&#8230;<\/b><\/span><\/p>\n<p style=\"margin: 0.0px 0.0px 0.0px 0.0px; font: 16.0px Helvetica\"><span style=\"letter-spacing: 0.0px\"><b>\u017dalm 84<\/b><\/span><\/p>\n<p style=\"margin: 0.0px 0.0px 0.0px 0.0px; font: 16.0px Helvetica; min-height: 19.0px\"><span style=\"letter-spacing: 0.0px\">&nbsp; &nbsp; &nbsp; &nbsp;<\/span><\/p>\n<p style=\"margin: 0.0px 0.0px 0.0px 0.0px; font: 16.0px Helvetica\"><span style=\"letter-spacing: 0.0px\">&nbsp; &nbsp; Bohumil&iacute; kres\u0165ania, bratia a sestry v P&aacute;novi Je\u017ei&scaron;ovi Kristovi!<\/span><\/p>\n<p style=\"margin: 0.0px 0.0px 0.0px 0.0px; font: 16.0px Helvetica; min-height: 19.0px\"><span style=\"letter-spacing: 0.0px\">&nbsp;&nbsp; &nbsp;<\/span><\/p>\n<p style=\"margin: 0.0px 0.0px 0.0px 0.0px; font: 16.0px Helvetica\"><span style=\"letter-spacing: 0.0px\">&nbsp;&nbsp; &nbsp; Dnes sl&aacute;vi n&aacute;&scaron; CZ Soboti&scaron;te v&yacute;znamn&yacute; sviatok a pam&auml;tn&yacute; de\u0148,&nbsp; <b>Pamiatku posv&auml;tenia chr&aacute;mu<\/b> <b>Bo\u017eieho.<\/b> Sviatok, ktor&yacute; je poukazom a pripomenut&iacute;m si Bo\u017eieho konania v udelen&iacute; darov milosti v minul&yacute;ch \u010dasoch na&scaron;im predkom. Pripom&iacute;name si t&uacute;to pamiatku, aby sme nezabudli, \u017ee Boh je Bohom \u017eiv&yacute;m &#8211; a \u017eiv&yacute;ch. Ten, ktor&yacute; je&nbsp; v\u017edy s nami &#8211; bol i s na&scaron;imi otcami. Aj v minulosti konkr&eacute;tnymi \u010dinmi konal pre svoj \u013eud. Na&scaron;i predkovia na z&aacute;klade tejto sk&uacute;senosti hovorievali:<i> &rdquo;Ke\u010f je n&uacute;dza najv&auml;\u010d&scaron;ia, pomoc Bo\u017eia najbli\u017e&scaron;ia&rdquo;<\/i>.<\/span><\/p>\n<p style=\"margin: 0.0px 0.0px 0.0px 0.0px; font: 16.0px Helvetica\"><span style=\"letter-spacing: 0.0px\">&nbsp; &nbsp; &nbsp; V duchu sa teda vraciame do minulosti. Do situ&aacute;cie, ke\u010f navonok n&aacute;&scaron; cirekvn&yacute; zbor neexistoval. Ke\u010f sa neprejavoval verejne, lebo pod n&aacute;tlakom a neprajnos\u0165ou \u013eud&iacute; zanikol. Pri&scaron;iel o svoj chr&aacute;m, &scaron;kolu, faru a majetok. Pri&scaron;iel o svojich slu\u017eobn&iacute;kov, ktor&yacute;m bolo znemo\u017enen&eacute; verejne u\u010di\u0165, zvestova\u0165 Slovo Bo\u017eie a prisluhova\u0165 sviatosti. Cirkevn&iacute;ci zostali ako porozh&aacute;\u0148an&eacute; st&aacute;do oviec bez pastiera. Trpeli t&yacute;m, \u017ee museli prij&iacute;ma\u0165 povinnosti, ktor&eacute; nechceli, ale aj slu\u017ebu, ktor&uacute; nechceli. I&scaron;lo o protireforma\u010dn&yacute; tlak, ktor&yacute; svetsk&aacute; a duchovn&aacute; moc a vrchnos\u0165 naz&yacute;vala &#8211; a mnoh&iacute; naz&yacute;vaj&uacute; decentne dodnes- rekatoliz&aacute;ciou. Z evanjelick&yacute;ch katol&iacute;kov chceli za ka\u017ed&uacute; cenu urobi\u0165 r&iacute;mskych katol&iacute;kov. Nesk&ocirc;r sa uk&aacute;zalo, \u017ee sa tento n&aacute;siln&yacute; tlak skon\u010dil ne&uacute;spechom. Hoci, mus&iacute;me pripusti\u0165, \u017ee sa evanjelick&aacute; cirkev dodnes z tohoto &uacute;tlaku celkom nespam&auml;tala. Utrpela straty v ka\u017edej oblasti. V rovine \u013eudskej, materi&aacute;lnej, ale aj duchovnej. Je pravou, \u017ee jednotlivci odolali, ale v situ&aacute;cii, ke\u010f stratili chr&aacute;m a skr&yacute;vaj&uacute;c sa, trpiac neust&aacute;lym n&aacute;tlakom, zabudli na&nbsp; mnoh&eacute;, \u010do napr.charakterizovalo na&scaron;e Slu\u017eby Bo\u017eei a \u010do k nim patr&iacute;. Zabudlo sa aj na to, \u010do patr&iacute; k z&aacute;kladom vierovyznania. Utrpel aj n&aacute;bo\u017en&yacute; spev, &ldquo;p&yacute;cha&rdquo; a ba&scaron;ta evanjelickej cirkvi. Spieva\u0165 spolu a verejne sa nedalo. Nebolo spolo\u010dn&eacute;ho &ldquo;domu modlitby&rdquo;, ani slu\u017eby odborn&eacute;ho sprievodu s organom a &scaron;kolen&yacute;m kantorom. Dodnes z&aacute;pas&iacute;me o umiestnenie sviatosti Ve\u010dere P&aacute;novej a Krstu sv&auml;t&eacute;ho do r&aacute;mca SLB. N&aacute;vrat na straten&eacute; a rozrumen&eacute; hradby je pomal&yacute; a \u0165a\u017ek&yacute;. Ale najsmutnej&scaron;ie je, \u017ee ke\u010f sa oslabilala prav&aacute; viera, ochladla l&aacute;ska mnoh&yacute;ch rod&iacute;n i jednotlivcov. Cudzie modely s&iacute;ce neprijali, ostal v&scaron;ak iba vzdor, niekedy nevra\u017eivos\u0165, ale nie radosnt&eacute; vyznava\u010dstvo. Treba otvorene poveda\u0165, \u017ee to je m&aacute;lo. Nesta\u010d&iacute; &ldquo;by\u0165 protestantom&rdquo;, treba sa sta\u0165 veriacim v evanjelium P&aacute;na Je\u017ei&scaron;a Krista. <b>Evanjelikom <\/b>v plnom zmysle slova.<\/span><\/p>\n<p style=\"margin: 0.0px 0.0px 0.0px 0.0px; font: 16.0px Helvetica; min-height: 19.0px\"><span style=\"letter-spacing: 0.0px\">&nbsp;&nbsp; &nbsp; &nbsp;<\/span><\/p>\n<p style=\"margin: 0.0px 0.0px 0.0px 0.0px; font: 16.0px Helvetica\"><span style=\"letter-spacing: 0.0px\">&nbsp;&nbsp; &nbsp; Mil&iacute; bratia a sestry v P&aacute;novi!<\/span><\/p>\n<p style=\"margin: 0.0px 0.0px 0.0px 0.0px; font: 16.0px Helvetica\"><span style=\"letter-spacing: 0.0px\">&nbsp;&nbsp; &nbsp; Po dlhom obdob&iacute; z&aacute;pasov a &uacute;padku, poprial P&aacute;n Boh nov&eacute; \u010dasy a mo\u017enosti. Vr&aacute;\u0165me sa k nim aspo\u0148 v kr&aacute;tkosti. <b>Pred 230. rokmi bol vydan&yacute; Toleran\u010dn&yacute; patent cis&aacute;ra Jozefa II., <\/b>na z&aacute;klade ktor&eacute;ho sa mohla nanovo zriadi\u0165 zdecimovan&aacute; a zni\u010den&aacute;&nbsp; Evanjelick&aacute; cirkev a v jej r&aacute;mci aj n&aacute;&scaron; cirkevn&yacute; zbor. Patent bol v Nitrianskej stolici r&ocirc;znymi ob&scaron;trukciami &scaron;okovan&yacute;ch neprajn&iacute;kov ofici&aacute;lne publikovan&yacute; a\u017e v j&uacute;ni r.1783. Ale hne\u010f, ako sa o \u0148om tunaj&scaron;&iacute; evanjelici dozvedeli, okam\u017eite sa aktivizovali. Ako prv&yacute; krok bol uroben&yacute; popis du&scaron;&iacute;. Podmienkou stavby kostola pod\u013ea Toleran\u010dn&eacute;ho patentu bolo, aby sa na&scaron;lo najmenej 1OO evanjelick&yacute;ch rod&iacute;n(alebo 500 du&scaron;&iacute;). V&yacute;sledok s\u010d&iacute;tania mnoh&yacute;ch prekvapil.<b> V Soboti&scaron;ti<\/b>,v meste\u010dku, sa prihl&aacute;silo: 176 rod&iacute;n, tj. 1O64 du&scaron;&iacute;. <b>V Javorci a Chvojnici:<\/b> 57 rod&iacute;n, tj. 390 du&scaron;&iacute;, na <b>Nov&yacute;ch Lazoch<\/b> 40 rod&iacute;n tj. 221 du&scaron;&iacute;,&nbsp; <b>na Podbran\u010di <\/b>134 evanj. rod&iacute;n, tj.1123 du&scaron;&iacute;, <b>v Rovensku<\/b> 7O rod&iacute;n, tj. 252 du&scaron;&iacute; a <b>v \u010castkove<\/b>: 113 rod&iacute;n, tj. 6O2 du&scaron;&iacute;. <b>Spolu: 590 rod&iacute;n, tj. 3652 du&scaron;&iacute;!<\/b><\/span><\/p>\n<p style=\"margin: 0.0px 0.0px 0.0px 0.0px; font: 16.0px Helvetica; min-height: 19.0px\"><span style=\"letter-spacing: 0.0px\">&nbsp; &nbsp; &nbsp;<\/span><\/p>\n<p style=\"margin: 0.0px 0.0px 0.0px 0.0px; font: 16.0px Helvetica\"><span style=\"letter-spacing: 0.0px\">&nbsp;&nbsp; &nbsp; <b>19. marca 1783<\/b> bola vyslan&aacute; deput&aacute;cia na stoli\u010dn&yacute; &uacute;rad so \u017eiados\u0165ou o s&uacute;hlas povola\u0165 svojho k\u0148aza. <b>16.7. 1783<\/b> bolo \u017eiadosti vyhoven&eacute;. Prv&yacute;m k\u0148azom po vydan&iacute; Tol.patentu bol <b>Pavol Je\u017eovi\u010d z Prietr\u017ee.<\/b> Pod jeho veden&iacute;m, za s&uacute;\u010dinnosti bar&oacute;na Pavla Jesen&aacute;ka, prv&eacute;ho in&scaron;pektora <b>Pavla Pe\u0165ku<\/b> a horliv&eacute;ho kur&aacute;tora <b>Le&scaron;tjana <\/b>sa zbor chystal na stavbu nov&eacute;ho kostola. Nezav&aacute;\u017eili ani prek&aacute;\u017eky. Stavebn&yacute; pozemok bol schv&aacute;len&yacute; gr&oacute;fkou <b>Ter&eacute;ziou Ny&aacute;ry<\/b> a bol ur\u010den&yacute; na z&aacute;hrad&aacute;ch<b> Juraja Benku&nbsp; a J&aacute;na Sl&aacute;de\u010dka<\/b>. <b>So stavbou kostola sa za\u010dalo 27.okt&oacute;bra 1783 a v 24. nede\u013eu po Sv.Trojici nasleduj&uacute;ceho roku \/1784\/, bol kostol posv&auml;ten&yacute;. Odvtedy uplynulo 227 rokov.<\/b><\/span><\/p>\n<p style=\"margin: 0.0px 0.0px 0.0px 0.0px; font: 16.0px Helvetica; min-height: 19.0px\"><span style=\"letter-spacing: 0.0px\">&nbsp;&nbsp; &nbsp; &nbsp;<\/span><\/p>\n<p style=\"margin: 0.0px 0.0px 0.0px 0.0px; font: 16.0px Helvetica\"><span style=\"letter-spacing: 0.0px\">&nbsp;&nbsp; &nbsp; Mil&iacute; bratia a sestry!<\/span><\/p>\n<p style=\"margin: 0.0px 0.0px 0.0px 0.0px; font: 16.0px Helvetica\"><span style=\"letter-spacing: 0.0px\">&nbsp; &nbsp; Vr&aacute;\u0165me sa nakr&aacute;tko aj do star&scaron;ej doby, ke\u010f sa rodila evanj. cirkev v Soboti&scaron;ti. <b>Prv&yacute;m zn&aacute;mym evanj.k\u0148azom tu bol<\/b> <b>v r.1560 ist&yacute; JURAJ \/Georg\/ .<\/b>&nbsp; Rkc. vizit&aacute;tor o \u0148om nap&iacute;sal, \u017ee &ldquo;j<b>e u\u017e star&scaron;&iacute;, ale m&aacute; mlad&uacute; \u017eenu<\/b>! Tvrdil o sebe, \u017ee je katol&iacute;k, ale listy p&aacute;na arcidiakona ne\u010d&iacute;tal, ani na ne neodpovedal&rdquo;. Je pravdepodobn&eacute;, \u017ee tu v reforma\u010dnom duchu p&ocirc;sobil u\u017e dlh&scaron;&iacute; \u010das. K reform&aacute;cii sa priklonil aj vtedaj&scaron;&iacute; zemep&aacute;n, gr&oacute;f <b>Franti&scaron;ek Ny&aacute;ri I.<\/b> Z hab&aacute;nskej kroniky je z&aacute;znam o pr&iacute;chode a usaden&iacute; sa prv&yacute;ch <b>hab&aacute;nov, t.j. anabaptistov v Soboti&scaron;ti v <\/b>.<b>r.1546<\/b>. Bolo to v \u010dase, ke\u010f u\u017e boli vydan&eacute; tvrd&eacute; protireforma\u010dn&eacute; z&aacute;kony v Uhorsku a len reform&aacute;cii naklonen&yacute; F.Ny&aacute;ry mohol ich pozva\u0165 na svoje statky.&nbsp;<\/span><\/p>\n<p style=\"margin: 0.0px 0.0px 0.0px 0.0px; font: 16.0px Helvetica\"><span style=\"letter-spacing: 0.0px\">&nbsp;&nbsp; <b>&nbsp; V r.1636\/7 stavali evanjelici v Soboti&scaron;ti nov&yacute; kostol,<\/b> ke\u010f zo star&eacute;ho zostala iba ve\u017ea. K\u0148azom bol vedy <b>evanjelick&yacute; far&aacute;r Ondrej Lucae Rybo&scaron;i <\/b>a evanjelick&yacute;m fund&aacute;torom a obrancom gr&oacute;f <b>\u013dudov&iacute;t Ny&aacute;ri s man\u017eelkou Annou r. Vizkelety.<\/b> Pred <b>320 rokmi<\/b> vy&scaron;li v&scaron;ak postupne <b>4 cis&aacute;rske rozkazy,<\/b> <b>tzv. intim&aacute;ty a<\/b> tunaj&scaron;&iacute; evanjelici&nbsp; boli n&uacute;ten&iacute; kostol, faru, &scaron;kolu i majetok opusti\u0165, ke\u010f grof Kri&scaron;tof Erdo&rdquo;dy s ve\u013ekou skupinou vojska vyn&uacute;til ich vydanie. Potom sa<b> za\u010dal sa s&uacute;d <\/b>so v&scaron;etk&yacute;mi, ktor&iacute; odporovali. Cis&aacute;r <b>Leopold I. <\/b>spolu s nitrianskym biskupom <b>Jaklinom <\/b>pou\u017eili v&scaron;etky n&aacute;siln&eacute; prostriedky. Vtedaj&scaron;iu gr&oacute;fku<b> \u017dofiou Ny&aacute;ri<\/b> \/r.To&rdquo;k.\/ <b>ods&uacute;dili na trest smrti a stratu majetku<\/b>. Po dvoch rokoch \u017eal&aacute;rovania podp&iacute;sala prestup. Rycht&aacute;r meste\u010dka a ev.far&aacute;r <b>J&aacute;n Str&aacute;nsky <\/b>boli ods&uacute;den&iacute; na trest smrti. Viacer&iacute; evanjelici na r&ocirc;zne \u0165a\u017ek&eacute; tresty. J&aacute;n Str&aacute;nsky u&scaron;iel a sk&yacute;val sa po hor&aacute;ch a stodol&aacute;ch, kde vybavoval SLB. Napokon zomrel v mojej&nbsp; rodnej obci na Ko&scaron;arisk&aacute;ch. Do n&aacute;silne odobrat&eacute;ho kostola bol&nbsp; uvedne&yacute; rkc.far&aacute;r <b>Juraj Strakov&yacute;ch 12.9.1697.<\/b><\/span><\/p>\n<p style=\"margin: 0.0px 0.0px 0.0px 0.0px; font: 16.0px Helvetica\"><span style=\"letter-spacing: 0.0px\"><b>&nbsp; &nbsp; &nbsp; <\/b>Na kr&aacute;tky \u010das, po\u010das povstania <b>Fr.R&aacute;kociho II.<\/b> &#8211; evanjelici kostol op&auml;\u0165 u\u017e&iacute;vali, ale po por&aacute;\u017eke jeho povstania ho definit&iacute;vne stratili. Na SLB chodili do okolit&yacute;ch zborov a nesk&ocirc;r, <b>od r.1733<\/b> <b>do prietr\u017esk&eacute;ho artikul&aacute;rneho chr&aacute;mu.<\/b> T&uacute;\u017eba po chr&aacute;me a slobodne vyzn&aacute;vanej viere zost&aacute;vala aj po\u010das dlh&yacute;ch 5O rokov a preto evanjelici Toleran\u010dn&yacute; patent priv&iacute;tali s nad&scaron;en&iacute;m.<\/span><\/p>\n<p style=\"margin: 0.0px 0.0px 0.0px 0.0px; font: 16.0px Helvetica; min-height: 19.0px\"><span style=\"letter-spacing: 0.0px\">&nbsp; &nbsp; &nbsp;<\/span><\/p>\n<p style=\"margin: 0.0px 0.0px 0.0px 0.0px; font: 16.0px Helvetica\"><span style=\"letter-spacing: 0.0px\">&nbsp; Tak sa prejavila viera, n&aacute;dej a l&aacute;ska v \u017eivote na&scaron;ich predkov v duchu slov<i> 84 \u017dalmu: &rdquo; Ak&eacute; s&uacute; mil&eacute; Tvoje pr&iacute;bytky, &oacute;, Hospodine vojov! Du&scaron;a mi t&uacute;\u017eia, priam prahne po sie\u0148ach Hospodinov&yacute;ch, srdce a telo mi ples&aacute; v &uacute;strety Bohu \u017eiv&eacute;mu&rdquo;!<\/i><\/span><\/p>\n<p style=\"margin: 0.0px 0.0px 0.0px 0.0px; font: 16.0px Helvetica; min-height: 19.0px\"><span style=\"letter-spacing: 0.0px\"><i>&nbsp;&nbsp; &nbsp;<\/i><\/span><\/p>\n<p style=\"margin: 0.0px 0.0px 0.0px 0.0px; font: 16.0px Helvetica\"><span style=\"letter-spacing: 0.0px\">&nbsp; &nbsp; Dnes sa v&scaron;ak p&yacute;tajme nielen na vieru otcov, ale na na&scaron;u vieru! Na na&scaron;u l&aacute;sku a na&scaron;e t&uacute;\u017eby. \u010ci a nako\u013eko n&aacute;m srdcia t&uacute;\u017eia a prahn&uacute; po sie\u0148ach Hospodinov&yacute;ch?!&nbsp; \u010ci na&scaron;e telo a srdce ples&aacute;, z dne&scaron;n&eacute;ho daru slobody a mo\u017enosti &#8211;&nbsp; &iacute;s\u0165 do spolo\u010denstva s P&aacute;nom Bohom v Jeho chr&aacute;me?<\/span><\/p>\n<p style=\"margin: 0.0px 0.0px 0.0px 0.0px; font: 16.0px Helvetica; min-height: 19.0px\"><span style=\"letter-spacing: 0.0px\">&nbsp; &nbsp; <b>&nbsp;<\/b><\/span><\/p>\n<p style=\"margin: 0.0px 0.0px 0.0px 0.0px; font: 16.0px Helvetica\"><span style=\"letter-spacing: 0.0px\"><b>Je toto miesto aj n&aacute;&scaron; chr&aacute;m? Je toto&nbsp; posv&auml;ten&eacute; a oddelen&eacute; miesto pre slu\u017ebu P&aacute;na Boha n&aacute;m a na&scaron;u slu\u017ebu P&aacute;nu Bohu miestom mil&yacute;m a vz&aacute;cnym?<\/b> Je n&aacute;&scaron; chr&aacute;m<b> <\/b>&#8211; s nemal&yacute;m &uacute;sil&yacute;m a obe\u0165ami vybudovan&yacute;, nesk&ocirc;r opravovan&yacute;, postupne zaria\u010fovan&yacute;-lebo nebol hne\u010f tak zariaden&yacute; , ako je dnes &#8211; &nbsp; pre n&aacute;s miestom stretania sa s P&aacute;nom v Jeho slove a v Jeho sviatostiach?!&nbsp;<\/span><\/p>\n<p style=\"margin: 0.0px 0.0px 0.0px 0.0px; font: 16.0px Helvetica; min-height: 19.0px\">&nbsp;<\/p>\n<p style=\"margin: 0.0px 0.0px 0.0px 0.0px; font: 16.0px Helvetica\"><span style=\"letter-spacing: 0.0px\">Akoko\u013evek bola t&aacute;to stavba vyk&uacute;pen&aacute; potom a vystaven&aacute; slan&yacute;mi slzami v z&aacute;pase s neprajn&iacute;kmi, jeho hodnota nie je ani v pohnutej hist&oacute;rii, ani v architekt&uacute;re, ani v modenom zariaden&iacute;, ale len vo vedom&iacute;, \u017ee ide o <b>dom Bo\u017e&iacute;!<\/b> Miestom, kde k n&aacute;m hovor&iacute; Ten, ktor&yacute; b&yacute;va v nebesiach, a ktor&eacute;ho nebo a zem nem&ocirc;\u017eu obsiahn&uacute;\u0165. Tu je s nami Ten, s ktor&yacute;m sa radi veselia z&aacute;stupy anjelov a v ktor&eacute;ho n&aacute;ru\u010d&iacute; odpo\u010d&iacute;vaj&uacute; mnoh&iacute; na&scaron;i predkovia, ktor&iacute; n&aacute;s predi&scaron;li na ve\u010dnos\u0165!<\/span><\/p>\n<p style=\"margin: 0.0px 0.0px 0.0px 0.0px; font: 16.0px Helvetica; min-height: 19.0px\">&nbsp;<\/p>\n<p style=\"margin: 0.0px 0.0px 0.0px 0.0px; font: 16.0px Helvetica\"><span style=\"letter-spacing: 0.0px\">Nie architekt&uacute;ra, nie starobylos\u0165 m&uacute;rov, nie modernos\u0165 zariadenia, alebo pohodln&eacute; lavice a vykurovanie robia toto miesto <b>mil&yacute;m a vz&aacute;cnym! <\/b>Zmysel a hodnota tohoto miesta a dne&scaron;n&eacute;ho sviatku je iba<b> v bohoslu\u017ebe.<\/b> V tom, \u017ee P&aacute;n n&aacute;m tu sl&uacute;\u017ei slovom <b>z&aacute;kona a evanjelia. Z&aacute;konom<\/b> n&aacute;s chr&aacute;ni pred zlobou a hriechom a u\u010d&iacute; n&aacute;s ne&scaron;kodi\u0165 bl&iacute;\u017enym. A plnos\u0165ou z&aacute;kon je l&aacute;ska, ktor&aacute; bl&iacute;\u017enemu zle nerob&iacute;! Tam, kde zlyh&aacute;vame a pre hriech sa dok&aacute;\u017eeme ako slab&iacute; a klesaj&uacute;ci, n&aacute;m <i>v\u017edy nanovo hriechy odp&uacute;&scaron;\u0165a a pripravuje n&aacute;s k \u017eivotu s N&iacute;m vo ve\u010dnosti!<\/i><\/span><\/p>\n<p style=\"margin: 0.0px 0.0px 0.0px 0.0px; font: 16.0px Helvetica; min-height: 19.0px\"><span style=\"letter-spacing: 0.0px\">&nbsp;&nbsp; &nbsp;<\/span><\/p>\n<p style=\"margin: 0.0px 0.0px 0.0px 0.0px; font: 16.0px Helvetica\"><span style=\"letter-spacing: 0.0px\">Toto je ponuka &ldquo;kostola&rdquo; pre n&aacute;s, pre na&scaron;e deti a na&scaron;ich potomkov. Tak, ako v jeruzalemskom chr&aacute;me si na&scaron;li svoje miesta na hniezdenie aj vt&aacute;\u010dat&aacute;, kde si lastovi\u010dka po n&aacute;vrate zo severu ulo\u017eila svoju mla\u010f, tak m&aacute; by\u0165 miestom aj pre na&scaron;e mlad&eacute; n&aacute;deje a v&yacute;honky cirkvi. Rodi\u010dia by deti nemali: <b>posiela\u0165 do kostola<\/b>,<b> ale priv&aacute;dza\u0165!<\/b> To je toti\u017e podstatn&yacute; rozdiel. Je rozdiel, \u010di povieme: Cho\u010f! &#8211; a nech&aacute;me die\u0165a sam&eacute;, alebo povieme: Po\u010f!- syn, dc&eacute;ra moja &#8211; ideme po\u010fakova\u0165 P&aacute;nu Bohu za dar l&aacute;sky, za dar chleba, za na&scaron;u rodinu, spolu s in&yacute;mi!&nbsp; Tu sa streneme s bratmi a sestrami vo viere, aby sme videli, \u017ee P&aacute;n Boh m&aacute; dos\u0165 po\u017eehnania aj pre in&yacute;ch.<\/span><\/p>\n<p style=\"margin: 0.0px 0.0px 0.0px 0.0px; font: 16.0px Helvetica; min-height: 19.0px\"><span style=\"letter-spacing: 0.0px\">&nbsp; &nbsp; &nbsp;<\/span><\/p>\n<p style=\"margin: 0.0px 0.0px 0.0px 0.0px; font: 16.0px Helvetica\"><span style=\"letter-spacing: 0.0px\">&nbsp;&nbsp; &nbsp; V chr&aacute;me m&ocirc;\u017ee ka\u017ed&yacute;, aj ten, kto si dnes mysl&iacute;, \u017ee je dos\u0165 siln&yacute;, odoln&yacute; a nezdolate\u013en&yacute; &#8211; n&aacute;js\u0165 nov&uacute; silu. A ke\u010f mu za\u010dn&uacute; s rokmi sily ub&uacute;da\u0165, ke\u010f sa zdravie premen&iacute; na &ldquo;paru&rdquo;(Jakub), ktor&aacute; unik&aacute; &#8211; je tu Ten, ktor&yacute; n&aacute;s podopiera a pote&scaron;uje. S poh\u013eadom hore a dopredu upret&yacute;m, <i>&ldquo;s prib&uacute;daj&uacute;cou silou&rdquo;<\/i> smieme kr&aacute;\u010da\u0165 k otvoren&yacute;m br&aacute;nam neba.<\/span><\/p>\n<p style=\"margin: 0.0px 0.0px 0.0px 0.0px; font: 16.0px Helvetica\"><span style=\"letter-spacing: 0.0px\">&nbsp; &nbsp; Nie je to dos\u0165 na to, aby sme si v&aacute;\u017eili chr&aacute;m Bo\u017e&iacute;? Aby sme nezapreli a neobi&scaron;li toto miesto, ktor&eacute; n&aacute;m pripom&iacute;na dar spasenia v<b> P&aacute;novi Je\u017ei&scaron;ovi Kristovi<\/b>? Kristus P&aacute;n, <b>Pomazan&yacute; Hospodinov, <\/b>&nbsp; s&aacute;m nazval svoje<b> sv&auml;t&eacute; telo chr&aacute;mom<\/b>, ke\u010f povedal: <i>&rdquo; Zborte tento chr&aacute;m a za tri dni ho vystav&iacute;m!&rdquo; <\/i>On zas\u013e&uacute;bil, \u017ee zre&scaron;tauruje, obnov&iacute; a premen&iacute; na sl&aacute;vny pr&iacute;bytok na&scaron;ej du&scaron;e <b>aj na&scaron;e smrte\u013en&eacute; tel&aacute;.<\/b> Preto tu v\u017edy vyzn&aacute;vame radostne: &ldquo;Ver&iacute;m v tela z m\u0155tvych vzkriesenie a v \u017eivot ve\u010dn&yacute;&rdquo;!<\/span><\/p>\n<p style=\"margin: 0.0px 0.0px 0.0px 0.0px; font: 16.0px Helvetica; min-height: 19.0px\"><span style=\"letter-spacing: 0.0px\">&nbsp;&nbsp; &nbsp;<\/span><\/p>\n<p style=\"margin: 0.0px 0.0px 0.0px 0.0px; font: 16.0px Helvetica\"><span style=\"letter-spacing: 0.0px\">&nbsp; &nbsp; Pre toto v&scaron;etko a pre spolo\u010denstvo s bratmi, sestrami&nbsp; je &#8211; \u010do len <i>&ldquo;de\u0148, alebo hodina v chr&aacute;me lep&scaron;ou, ako inde tis&iacute;c&rdquo;<\/i>. T&yacute;m nechceme poveda\u0165, \u017ee by P&aacute;n Boh ned&aacute;val svoje po\u017eehnanie svojim de\u0165om aj doma, aj v pr&aacute;ci, i na ka\u017edom mieste. S&uacute;\u010dasne v&scaron;ak plat&iacute; aj to, \u017ee ur\u010dite <b>s&uacute; aj tak&eacute; miesta<\/b>, pred ktor&yacute;mi n&aacute;s a na&scaron;e deti P&aacute;n Boh aj varuje a vystr&iacute;ha! Ak by sme iba na tak&eacute; miesta chodili, strat&iacute;me Bo\u017eiu milos\u0165, po\u017eehnnie a odpustenie. &nbsp;<\/span><\/p>\n<p style=\"margin: 0.0px 0.0px 0.0px 0.0px; font: 16.0px Helvetica\"><span style=\"letter-spacing: 0.0px\">&nbsp; &nbsp; &nbsp; Naopak, ak chr&aacute;m &#8211; a Slovo Bo\u017eie, ktor&uacute; tu zneje, <b>d&aacute;me na prv&eacute; miesto <\/b>v na&scaron;om \u017eivote, n&aacute;jdeme spr&aacute;vny vz\u0165ah k man\u017eelsk&eacute;mu partnerovi, k rodine, aj k susedom, priate\u013eom a k bl&iacute;\u017enym. <i>&ldquo;Hospodin neodoprie blaha t&yacute;m, \u010do chodia bez &uacute;hony. On &#8211; milos\u0165&nbsp; a sl&aacute;vu ude\u013euje&rdquo;.<\/i><\/span><\/p>\n<p style=\"margin: 0.0px 0.0px 0.0px 0.0px; font: 16.0px Helvetica; min-height: 19.0px\">&nbsp;<\/p>\n<p style=\"margin: 0.0px 0.0px 0.0px 0.0px; font: 16.0px Helvetica\"><span style=\"letter-spacing: 0.0px\">&nbsp;&nbsp; &nbsp; Preto, mil&iacute; bratia a sestry, je tento dne&scaron;n&yacute; de\u0148 vz&aacute;cny! Je d\u0148om radosti, hrdosti i d\u0148om svetla a n&aacute;deje.&rdquo;<b> Blahoslaven&iacute; t&iacute;, \u010do maj&uacute; na mysli cesty do chr&aacute;mu<\/b>&rdquo;. &ldquo;<i>Blahoslaven&iacute;, ktor&iacute; preb&yacute;vaj&uacute; v Tvojom dome, ktor&iacute; Boha st&aacute;le chv&aacute;lia&rdquo;<\/i>! <i>Blahoslaven&yacute; \u010dlovek, ktor&yacute; d&uacute;fa v Boha&rdquo;. Kto<\/i> miluje Bo\u017eie cesty a pr&iacute;bytky, koho <i>du&scaron;a t&uacute;\u017ei, priam prahne po sie\u0148ach Hospodinov&yacute;ch! Amen.<\/i><\/span><\/p>\n<p style=\"margin: 0.0px 0.0px 0.0px 0.0px; font: 16.0px Helvetica; min-height: 19.0px\">&nbsp;<\/p>\n<p style=\"margin: 0.0px 0.0px 0.0px 0.0px; font: 12.0px Helvetica\"><span style=\"font: 16.0px Helvetica; letter-spacing: 0.0px\"><i>&nbsp; &nbsp; &nbsp; &nbsp; &nbsp; &nbsp; &nbsp; &nbsp; &nbsp; &nbsp; &nbsp; &nbsp; &nbsp; &nbsp;<\/i><\/span><span style=\"letter-spacing: 0.0px\"><i>Soboti&scaron;te &#8211; 21.N.po Sv.Tr.- 13.XI.2011- Pamiatka posv&auml;tenia chr&aacute;mu &#8211; \u013d.Batka st.<\/i><\/span><\/p>\n<p style=\"margin: 0.0px 0.0px 0.0px 0.0px; font: 12.0px Helvetica; min-height: 14.0px\"><span style=\"letter-spacing: 0.0px\"><i>&nbsp; &nbsp; &nbsp; &nbsp;&nbsp;<\/i><\/span><\/p>\n","protected":false},"excerpt":{"rendered":"<p>&nbsp;&nbsp; &nbsp; &nbsp; &nbsp; &nbsp; &nbsp; &nbsp; &nbsp; &nbsp; &nbsp; &nbsp; &nbsp; &nbsp; &nbsp; &nbsp; &nbsp; &nbsp; &nbsp; &nbsp; &nbsp; &nbsp; &nbsp; &nbsp; &nbsp; &nbsp; &nbsp; &nbsp; Ak&eacute; s&uacute; mil&eacute; Tvoje pr&iacute;bytky&#8230; \u017dalm 84 &nbsp; &nbsp; &nbsp; &nbsp; &nbsp; &nbsp; Bohumil&iacute; kres\u0165ania, bratia a sestry v P&aacute;novi Je\u017ei&scaron;ovi Kristovi! &nbsp;&nbsp; &nbsp; &nbsp;&nbsp; &nbsp; Dnes sl&aacute;vi &#8230; <a title=\"Ak\u00e9 s\u00fa mil\u00e9 Tvoje pr\u00edbytky&#8230;\" class=\"read-more\" href=\"https:\/\/www.e-anjelik.sk\/index.php\/2011\/11\/23\/ake-su-mile-tvoje-pribytky\/\" aria-label=\"Pre\u010d\u00edtajte si viac o Ak\u00e9 s\u00fa mil\u00e9 Tvoje pr\u00edbytky&#8230;\">\u010c\u00edta\u0165 viac<\/a><\/p>\n","protected":false},"author":4,"featured_media":0,"comment_status":"open","ping_status":"open","sticky":false,"template":"","format":"standard","meta":{"footnotes":""},"categories":[121,124,95],"tags":[],"class_list":["post-3925","post","type-post","status-publish","format-standard","hentry","category-kazne","category-pamiatka-posvatenia-chramu","category-sobotiste"],"_links":{"self":[{"href":"https:\/\/www.e-anjelik.sk\/index.php\/wp-json\/wp\/v2\/posts\/3925","targetHints":{"allow":["GET"]}}],"collection":[{"href":"https:\/\/www.e-anjelik.sk\/index.php\/wp-json\/wp\/v2\/posts"}],"about":[{"href":"https:\/\/www.e-anjelik.sk\/index.php\/wp-json\/wp\/v2\/types\/post"}],"author":[{"embeddable":true,"href":"https:\/\/www.e-anjelik.sk\/index.php\/wp-json\/wp\/v2\/users\/4"}],"replies":[{"embeddable":true,"href":"https:\/\/www.e-anjelik.sk\/index.php\/wp-json\/wp\/v2\/comments?post=3925"}],"version-history":[{"count":0,"href":"https:\/\/www.e-anjelik.sk\/index.php\/wp-json\/wp\/v2\/posts\/3925\/revisions"}],"wp:attachment":[{"href":"https:\/\/www.e-anjelik.sk\/index.php\/wp-json\/wp\/v2\/media?parent=3925"}],"wp:term":[{"taxonomy":"category","embeddable":true,"href":"https:\/\/www.e-anjelik.sk\/index.php\/wp-json\/wp\/v2\/categories?post=3925"},{"taxonomy":"post_tag","embeddable":true,"href":"https:\/\/www.e-anjelik.sk\/index.php\/wp-json\/wp\/v2\/tags?post=3925"}],"curies":[{"name":"wp","href":"https:\/\/api.w.org\/{rel}","templated":true}]}}