{"id":3926,"date":"2011-11-23T23:01:00","date_gmt":"2011-11-23T23:01:00","guid":{"rendered":"http:\/\/e-anjelik.sk\/?p=3926"},"modified":"2011-11-23T23:01:00","modified_gmt":"2011-11-23T23:01:00","slug":"podiel-verneho-a-rozumneho-safara","status":"publish","type":"post","link":"https:\/\/www.e-anjelik.sk\/index.php\/2011\/11\/23\/podiel-verneho-a-rozumneho-safara\/","title":{"rendered":"Podiel vern\u00e9ho a rozumn\u00e9ho \u0161af\u00e1ra"},"content":{"rendered":"<p>&nbsp;<b>&nbsp; &nbsp; &nbsp; &nbsp; &nbsp; &nbsp; &nbsp; &nbsp; &nbsp; &nbsp; &nbsp; &nbsp; &nbsp; &nbsp; &nbsp; &nbsp; &nbsp; &nbsp; &nbsp; &nbsp; &nbsp; &nbsp; &nbsp; &nbsp; &nbsp; &nbsp; &nbsp; &nbsp; Podiel vern&eacute;ho a rozumn&eacute;ho &scaron;af&aacute;ra<\/b><\/p>\n<p style=\"margin: 0.0px 0.0px 0.0px 0.0px; font: 16.0px Helvetica\"><span style=\"letter-spacing: 0.0px\"><b>Lk 12, 42 &#8211; 48:<\/b><\/span><\/p>\n<p style=\"margin: 0.0px 0.0px 0.0px 0.0px; font: 16.0px Helvetica\"><span style=\"letter-spacing: 0.0px\"><i>&rdquo;A P&aacute;n odpovedal: Kto je teda vern&yacute; a rozumn&yacute; &scaron;af&aacute;r, ktor&eacute;ho P&aacute;n ustanovil nad svojou \u010dela\u010fou, aby jej <\/i>na\u010das<i> d&aacute;val ur\u010den&uacute; stravu?(43) Blahoslaven&yacute; sluha, ktor&eacute;ho p&aacute;n, ke\u010f pr&iacute;de, n&aacute;jde tak robi\u0165. (44) Pravdu v&aacute;m hovor&iacute;m, \u017ee ho ustanov&iacute; nad cel&yacute;m svoj&iacute;m majetkom. (45) Keby si v&scaron;ak ten sluha myslel: M&ocirc;j p&aacute;n e&scaron;te nepr&iacute;de, a za\u010dal by sluhov a sl&uacute;\u017eky bi\u0165 a hodova\u0165, pi\u0165 a op&iacute;ja\u0165 sa, (46) pr&iacute;de p&aacute;n toho sluhu v de\u0148, ke\u010f sa nenazd&aacute;, a v hodinu, ktor&uacute; nezn&aacute;, rozpolt&iacute; ho a s nevern&yacute;mi ur\u010d&iacute; mu podiel. (47) Ale sluha, ktor&yacute; znal v&ocirc;\u013eu svojho p&aacute;na a nebol pripraven&yacute; a nekonal po jeho v&ocirc;li, bude ve\u013emi bit&yacute;.(48) Ten v&scaron;ak, \u010do neznal a sp&aacute;chal, \u010do je trestuhodn&eacute;, bude menej bit&yacute;. Lebo od ka\u017ed&eacute;ho, komu bolo mnoho dan&eacute;, bude sa mnoho poh\u013ead&aacute;va\u0165, a komu mnoho zverili, od toho bud&uacute; viac \u017eiada\u0165&rdquo;. Amen<\/i><\/span><\/p>\n<p style=\"margin: 0.0px 0.0px 0.0px 0.0px; font: 16.0px Helvetica; min-height: 19.0px\">&nbsp;<\/p>\n<p style=\"margin: 0.0px 0.0px 0.0px 0.0px; font: 16.0px Helvetica\"><span style=\"letter-spacing: 0.0px\">&nbsp; &nbsp; &nbsp; Bohumil&iacute; kres\u0165ania! Bratia a sestry v P&aacute;novi!<\/span><\/p>\n<p style=\"margin: 0.0px 0.0px 0.0px 0.0px; font: 16.0px Helvetica; min-height: 19.0px\">&nbsp;<\/p>\n<p style=\"margin: 0.0px 0.0px 0.0px 0.0px; font: 16.0px Helvetica\"><span style=\"letter-spacing: 0.0px\">&nbsp; &nbsp; &nbsp; Op&auml;\u0165 sme zastali v br&aacute;ne jedn&eacute;ho cirkevn&eacute;ho roku s ktor&yacute;m sa dnes l&uacute;\u010dime. Znamen&aacute; to mnoh&eacute; veci. Koniec jedn&eacute;ho obdobia n&aacute;m pripom&iacute;na t&uacute; pravdu, \u017ee aj n&aacute;&scaron; \u017eivot bude ma\u0165 svoj koniec . Raz bude aj koniec tohto sveta, a sp&ocirc;sobu jeho existencie. Z&aacute;konite sa naskyt&aacute; ot&aacute;zka: <b>\u010do bude potom?<\/b><\/span><\/p>\n<p style=\"margin: 0.0px 0.0px 0.0px 0.0px; font: 16.0px Helvetica; min-height: 19.0px\"><span style=\"letter-spacing: 0.0px\">&nbsp; &nbsp; &nbsp; &nbsp;<\/span><\/p>\n<p style=\"margin: 0.0px 0.0px 0.0px 0.0px; font: 16.0px Helvetica\"><span style=\"letter-spacing: 0.0px\">&nbsp;&nbsp; &nbsp; Zis\u0165ujeme v&scaron;ak, \u017ee \u013eudia si len ve\u013emi neradi a neochotne klad&uacute; tak&uacute;to, \u010di podobn&eacute; ot&aacute;zky. Niekomu sa jav&iacute; ako m&aacute;lo d&ocirc;le\u017eit&aacute;, in&yacute;m aj zbyto\u010dn&aacute;. Hovoria: pre\u010do by sme sa mali zaobera\u0165 ot&aacute;zkami, ktor&eacute; nie s&uacute; aktu&aacute;lne? Ve\u010f to n&aacute;s len odv&aacute;dza od na&scaron;ich konkr&eacute;tnych &uacute;loh, ktor&eacute; m&aacute;me a m&ocirc;\u017eeme vykona\u0165 dnes. Niektor&iacute; s&iacute;ce hovoria, \u017ee by bolo prinajmen&scaron;om <b>zauj&iacute;mav&eacute; vedie\u0165<\/b>, \u010do bude potom, a\u017e nastane posledn&yacute; de\u0148, ale myslia si, \u017ee o tom dni ni\u010d ur\u010dit&eacute; poveda\u0165 nevieme a nem&ocirc;\u017eeme.<\/span><\/p>\n<p style=\"margin: 0.0px 0.0px 0.0px 0.0px; font: 16.0px Helvetica; min-height: 19.0px\"><span style=\"letter-spacing: 0.0px\">&nbsp;&nbsp; &nbsp; &nbsp;<\/span><\/p>\n<p style=\"margin: 0.0px 0.0px 0.0px 0.0px; font: 16.0px Helvetica\"><span style=\"letter-spacing: 0.0px\">&nbsp;&nbsp; &nbsp; Na druhej strane je ve\u013ea \u013eud&iacute;, ktor&iacute; sa priam predh&aacute;\u0148aj&uacute; v katastrofick&yacute;ch scen&aacute;roch bud&uacute;cnosti a stavaj&uacute; sa do poz&iacute;cie v&scaron;eved&uacute;cich. Ned&aacute;vno sledovali masm&eacute;dia predpove\u010f ak&eacute;hosi mu\u017ea z USA, ktor&yacute; ohlasoval ist&yacute; koniec sveta. Nestalo sa tak a najbli\u017e&scaron;&iacute; zaru\u010den&yacute; koniec sveta je napl&aacute;novan&yacute; na rok 2012.<\/span><\/p>\n<p style=\"margin: 0.0px 0.0px 0.0px 0.0px; font: 16.0px Helvetica; min-height: 19.0px\"><span style=\"letter-spacing: 0.0px\">&nbsp;&nbsp; &nbsp;<\/span><\/p>\n<p style=\"margin: 0.0px 0.0px 0.0px 0.0px; font: 16.0px Helvetica\"><span style=\"letter-spacing: 0.0px\">&nbsp; &nbsp; &nbsp; Bo\u017eie posolstvo pre n&aacute;s je s&iacute;ce naliehav&eacute;, ale triezve. Koniec tohoto sveta ur\u010dite nastane, hoci jeho d&aacute;tum pod\u013ea na&scaron;ho kalend&aacute;ra nemo\u017eno ur\u010di\u0165 a vypo\u010d&iacute;ta\u0165. Je vecou a kompetenciou Toho, ktor&yacute; je Stvorite\u013eom a P&aacute;nom v&scaron;etk&eacute;ho, i \u010dasu. Ako ev. Luk&aacute;&scaron; zazna\u010dil: &rdquo;<i>Pr&iacute;de p&aacute;n toho sluhu v de\u0148 o ktorom sa nenazd&aacute;, a v hodinu, ktor&uacute; nezn&aacute;&rdquo;. (v.46)<\/i><\/span><\/p>\n<p style=\"margin: 0.0px 0.0px 0.0px 0.0px; font: 16.0px Helvetica\"><span style=\"letter-spacing: 0.0px\">&nbsp; &nbsp; &nbsp; Z Bo\u017eieho slova a posolstva \u010dloveku vieme aj \u010fal&scaron;ie veci. Vieme o tom, \u017ee <b>m&aacute;me v&aacute;\u017ene a bez pochybovania o\u010dak&aacute;va\u0165 druh&yacute; pr&iacute;chod P&aacute;na Je\u017ei&scaron;a Krista k posledn&eacute;mu s&uacute;du<\/b>. \u017de po osobnom s&uacute;de ka\u017ed&eacute;ho \u010dloveka, bude aj s&uacute;d definit&iacute;vny, kone\u010dn&yacute;. Tento s&uacute;d bude predch&aacute;dza\u0165 mocn&aacute; premena v&scaron;etk&eacute;ho stvoren&eacute;ho. <b>P&aacute;n Je\u017ei&scaron;&nbsp; vykon&aacute;<\/b> <b>vzkriesenie a premenu v&scaron;etk&yacute;ch \u013eud&iacute;. \u017div&yacute;ch i m\u0155tvych.<\/b> <b>A potom bude s&uacute;d.<\/b>&nbsp;<\/span><\/p>\n<p style=\"margin: 0.0px 0.0px 0.0px 0.0px; font: 16.0px Helvetica; min-height: 19.0px\">&nbsp;<\/p>\n<p style=\"margin: 0.0px 0.0px 0.0px 0.0px; font: 16.0px Helvetica\"><span style=\"letter-spacing: 0.0px\">&nbsp; &nbsp; <b>Kristov pr&iacute;chod <\/b>bude v kone\u010dnom d&ocirc;sledku znamena\u0165 nastolenie skuto\u010dnej a<b> plnej spravodlivosti.<\/b> Kristus P&aacute;n nebude s&uacute;di\u0165 pod\u013ea toho, \u010do bude po\u010du\u0165, alebo vidie\u0165, ale pod\u013ea pravdy. Po s&uacute;de Najvy&scaron;&scaron;ieho P&aacute;na bude nasledova\u0165 prijatie odmeny milosti, alebo trest, v podobe nezmenite\u013en&eacute;ho &uacute;delu. Jedni bud&uacute; zavrhnut&iacute; spred tv&aacute;re Bo\u017eej a zo spolo\u010denstva s Je\u017ei&scaron;om Kristom. Pokia\u013e v&scaron;ak ide o bud&uacute;cnos\u0165 omilosten&yacute;ch a ospravedlnen&yacute;ch, plat&iacute; s\u013eub Kristov, \u017ee <b>v Jeho ruk&aacute;ch je vz&aacute;cna odmena v podobe ve\u010dnej radosti, bla\u017eenosti a pokoja<\/b>.&nbsp;<\/span><\/p>\n<p style=\"margin: 0.0px 0.0px 0.0px 0.0px; font: 16.0px Helvetica\"><span style=\"letter-spacing: 0.0px\">&nbsp;&nbsp; &nbsp; Jej konkr&eacute;tne prejavy nie s&uacute; v P&iacute;sme dopodrobna op&iacute;san&eacute;, ale v&yacute;znamne hovor&iacute; o nich uistenie ap.Pavla, \u017ee <i>&ldquo;ani oko nevidelo, ani ucho nepo\u010dulo a do \u013eudsk&eacute;ho srdca nevst&uacute;pilo, \u010do Boh pripravil pre t&yacute;ch, ktor&iacute; ho miluj&uacute;.&rdquo;<\/i>&nbsp; <b>Vern&iacute; bud&uacute; zachr&aacute;nen&iacute; a bud&uacute; s P&aacute;nom naveky v nebeskom kr&aacute;\u013eovstve.<\/b> Okrem oslavy nebesk&eacute;ho Kr&aacute;\u013ea a Bar&aacute;nka Bo\u017eieho, bude <i>&ldquo;nov&eacute; nebo a nov&aacute; zem&rdquo;<\/i> aj spolo\u010denstvom s t&yacute;mi, ktor&iacute; u\u017e dnes v Bo\u017e&iacute;ch ruk&aacute;ch spo\u010d&iacute;vaj&uacute;. Budeme sa m&ocirc;c\u0165 &ldquo;zozn&aacute;mi\u0165&rdquo;&nbsp; s rytierstvo nebesk&yacute;m, ktor&eacute; spievalo pri naroden&iacute; P&aacute;na Je\u017ei&scaron;a na betlehemsk&yacute;ch poliach: <i>Sl&aacute;va na v&yacute;sostiach Bohu<\/i> a ktor&eacute; Bo\u017eiemu \u013eu\u010fom zvestovalo<i> pokoj<\/i>. Budeme aj s t&yacute;mi \u013eu\u010fmi, ktor&iacute; dosiahli z milosti veniec sl&aacute;vy.&nbsp;<\/span><\/p>\n<p style=\"margin: 0.0px 0.0px 0.0px 0.0px; font: 16.0px Helvetica; min-height: 19.0px\">&nbsp;<\/p>\n<p style=\"margin: 0.0px 0.0px 0.0px 0.0px; font: 16.0px Helvetica\"><span style=\"letter-spacing: 0.0px\">&nbsp;&nbsp; &nbsp; Podobenstvo, ktor&eacute; sme si pre\u010d&iacute;tali, je odpove\u010fou Je\u017ei&scaron;a Krista na ot&aacute;zku apo&scaron;tola Petra, \u010di sa P&aacute;nove slov&aacute; o poklade v nebi&nbsp; t&yacute;kaj&uacute; v&scaron;etk&yacute;ch \u013eud&iacute;, alebo len apo&scaron;tolov. Z Je\u017ei&scaron;ovej odpovede je zrejm&eacute;, \u017ee On pri&scaron;iel pozva\u0165 do nebies v&scaron;etk&yacute;ch. Z&aacute;chrana je v&scaron;ak pris\u013e&uacute;ben&aacute; iba t&yacute;m, ktor&iacute; Mu plne d&ocirc;veruj&uacute;.&nbsp;<\/span><\/p>\n<p style=\"margin: 0.0px 0.0px 0.0px 0.0px; font: 16.0px Helvetica\"><span style=\"letter-spacing: 0.0px\">&nbsp; &nbsp; &nbsp; <b>Stvorite\u013ek&yacute;m z&aacute;merom Bo\u017e&iacute;m bolo pozvanie \u010dloveka do trojak&eacute;ho postavenia.<\/b> S M.Lutherom ho ozna\u010dujeme najprv ako <b>stav cirkevn&yacute;, alebo k\u0148azsk&yacute;.<\/b> Ka\u017ed&yacute; \u010dlovek m&aacute; by\u0165 Bo\u017e&iacute;m k\u0148azom. <b>Druh&yacute; stav<\/b> \u010dloveka ur\u010den&yacute; P&aacute;nom Bohom u\u017e pri stvoren&iacute;, je<b> stav rodinn&yacute;<\/b> &#8211;&nbsp;<b> Stav Bo\u017eieho ekon&oacute;ma<\/b>, ako toho, ktor&yacute; sa star&aacute; o svojich najbli\u017e&scaron;&iacute;ch.<b>Tret&iacute; stav je stav verejnej slu\u017eby,<\/b>&nbsp; ktor&yacute; Luther nazval &ldquo;politia&rdquo;. Ak tu niekto po\u010duje slovo &ldquo;politika&rdquo;, po\u010duje dobre. <b>Lebo tu ide o spravovanie vec&iacute; verejn&yacute;ch<\/b>. O<b> stave <\/b>hovor&iacute;me preto, \u017ee ide o nie\u010do <b>\u010do sa stalo<\/b> a \u010do by nemalo by\u0165 nik&yacute;m zmenen&eacute;. P&aacute;d a hriech \u010dloveka sa v&scaron;ak na&scaron;e postavenie a stav zmenil a v&aacute;\u017ene naru&scaron;il.<\/span><\/p>\n<p style=\"margin: 0.0px 0.0px 0.0px 0.0px; font: 16.0px Helvetica\"><span style=\"letter-spacing: 0.0px\">&nbsp;&nbsp; &nbsp; <b>N&aacute;prava pri&scaron;la s prv&yacute;m pr&iacute;chodom P&aacute;na Je\u017ei&scaron;a Krista a s Jeho dielom!<\/b> Preto aj P&aacute;n Je\u017ei&scaron; prijal v&scaron;etky tri stavy, ako druh&yacute; Adam. On chce v&scaron;etk&yacute;ch \u013eud&iacute; uvies\u0165 do ich p&ocirc;vodn&eacute;ho poslania a postavenia. V tomto postaven&iacute; <b>je vyv&yacute;&scaron;enie<\/b> a d&ocirc;stojnos\u0165 ka\u017ed&eacute;ho \u010doveka a potom <b>aj pr&iacute;slu&scaron;n&aacute; zodpovednos\u0165<\/b>, kona\u0165 v\u017edy ako P&aacute;nom Bohom ustanoven&yacute; &scaron;af&aacute;r, spr&aacute;vca a slu\u017eobnk.<\/span><\/p>\n<p style=\"margin: 0.0px 0.0px 0.0px 0.0px; font: 16.0px Helvetica; min-height: 19.0px\"><span style=\"letter-spacing: 0.0px\">&nbsp; &nbsp; &nbsp;<\/span><\/p>\n<p style=\"margin: 0.0px 0.0px 0.0px 0.0px; font: 16.0px Helvetica\"><span style=\"letter-spacing: 0.0px\">&nbsp;&nbsp; &nbsp; Mil&iacute; bratia a sestry, v kon\u010diacom sa cirkevnom roku sme si najsk&ocirc;r pripom&iacute;nali Bo\u017eiu milos\u0165 a slu\u017ebu P&aacute;na Je\u017ei&scaron;a Krista, ktor&aacute; znamenala a <b>znamen&aacute; n&aacute;pravu naru&scaron;en&eacute;ho stavu(ov) \u013eud&iacute;<\/b>, ale aj pomoc a nov&eacute; poverenie pre ka\u017ed&eacute;ho \u010dloveka! Najm&auml; v druhej polovici cirkevn&eacute;ho roku sme viackr&aacute;t po\u010duli o oprave a re&scaron;ti&uacute;cii n&aacute;&scaron;ho poslania. Jednak v slu\u017ebe <b>v&scaron;eobecn&eacute;ho k\u0148azstva,<\/b> ale aj vo verejnej slu\u017ebe pre &scaron;ir&scaron;&iacute; okruh \u013eud&iacute;: <b>pre vlastn&uacute; rodinu, alebo pre rodinu cirkevn&eacute;ho zboru!<\/b><i>&nbsp;<\/i><\/span><\/p>\n<p style=\"margin: 0.0px 0.0px 0.0px 0.0px; font: 16.0px Helvetica; min-height: 19.0px\"><span style=\"letter-spacing: 0.0px\"><i>&nbsp;&nbsp; &nbsp;<\/i><\/span><\/p>\n<p style=\"margin: 0.0px 0.0px 0.0px 0.0px; font: 16.0px Helvetica\"><span style=\"letter-spacing: 0.0px\"><i>&nbsp;&nbsp; &nbsp; <\/i>Dne&scaron;n&aacute; nede\u013ea n&aacute;m pripom&iacute;na, \u017ee Je\u017ei&scaron;ovi &ldquo;<i>bola dan&aacute; v&scaron;etka moc na nebi i na zemi&rdquo;<\/i>, a teda aj<b> moc s&uacute;dna i kr&aacute;\u013eovsk&aacute;. <\/b>Bude s&uacute;di\u0165 s kone\u010dnou platnos\u0165ou a potom ve\u010dne panova\u0165! Aj na tejto slu\u017ebe Je\u017ei&scaron;a Krista v tom naj&scaron;ir&scaron;om mer&iacute;tku smieme ma\u0165 &uacute;\u010das\u0165. Ur\u010denie \u010doveka je panova\u0165 nad v&scaron;etk&yacute;m, \u010do P&aacute;n Boh stvoril. S&uacute;\u010dasne plat&iacute;, \u017ee na&scaron;e panstvo nie je najvy&scaron;&scaron;ie. Ani nie je bez kontroly &ldquo;zhora&rdquo;. <b>Nie sme ani neobmedzen&iacute; vl&aacute;dcovia pri spravovan&iacute; vec&iacute; verejn&yacute;ch, ktor&eacute; sa t&yacute;ka na prvom mieste hmotn&yacute;ch darov. O zodpovednosti<\/b>, ktor&uacute; m&aacute;me, ako <b>&scaron;af&aacute;ri Bo\u017e&iacute;, tj. Bo\u017e&iacute; ekon&oacute;movia<\/b> hovor&iacute; P&aacute;n Je\u017ei&scaron; aj v dne&scaron;nom&nbsp; evanjeliu. <i>&ldquo;Kto je teda vern&yacute; a rozumn&yacute; &scaron;af&aacute;r, ktor&eacute;ho P&aacute;n (Boh) ustanovil nad sovjou \u010de\u013ea\u010fou, aby jej na\u010das d&aacute;val ur\u010den&uacute; stravu? Blahoslaven&yacute; sluha, ktor&eacute;ho p&aacute;n, ke\u010f pr&iacute;de, n&aacute;jde tak robi\u0165!&rdquo;<\/i><\/span><\/p>\n<p style=\"margin: 0.0px 0.0px 0.0px 0.0px; font: 16.0px Helvetica; min-height: 19.0px\"><span style=\"letter-spacing: 0.0px\"><i>&nbsp; &nbsp;<\/i><\/span><\/p>\n<p style=\"margin: 0.0px 0.0px 0.0px 0.0px; font: 16.0px Helvetica\"><span style=\"letter-spacing: 0.0px\"><i>&nbsp;&nbsp; &nbsp; <\/i>V&scaron;imnime si pozorne, <b>dve krit&eacute;ri&aacute;<\/b>, ktor&eacute; spom&iacute;na P&aacute;n Je\u017ei&scaron;, ktor&eacute; s&uacute; predpokladom dobr&eacute;ho &scaron;af&aacute;rstva. <b>Na prvom mieste je to viera. <\/b>Viera &scaron;af&aacute;ra, ktor&yacute; nezabudol na jednu z&aacute;sadn&uacute; vec, ale s \u0148ou v\u017edy po\u010d&iacute;ta! \u010co je tou vecou, v ktor&uacute; ver&iacute; &scaron;af&aacute;r ktor&yacute; je spravodliv&yacute;? <b>Ktor&yacute; sa star&aacute; o zveren&yacute;ch \u013eud&iacute; a d&aacute;va im to, \u010do chce nebesk&yacute; Otec a P&aacute;n? Je to s\u013eub,<\/b> <b>o tom, \u017ee Bo\u017e&iacute; Syn pr&iacute;de !<\/b> Pr&iacute;de a bude \u017eiada\u0165 <i>&ldquo;vydanie po\u010dtu&rdquo;<\/i> zo &scaron;af&aacute;renia. Bude hodnoti\u0165, ako a \u010di v&ocirc;bec sa diala a konala Jeho v&ocirc;\u013ea tam, kde zveril a prepo\u017ei\u010dal svoje pr&aacute;vomoci \u010dloveku. Sluha, ktor&eacute;ho n&aacute;jde tak robi\u0165, ako On chce, a ako znej&uacute; Jeho pokyny a z&aacute;kony <b>bude&nbsp; blahoslaven&yacute;<\/b>. Bude &scaron;tastn&yacute;, lebo<b> bude odmenen&yacute;<\/b> &uacute;\u010das\u0165ou na spr&aacute;ve ve\u010dn&eacute;ho kr&aacute;\u013eovstva svojho P&aacute;na. Bude pov&yacute;&scaron;en&yacute;, preto\u017ee bral v&aacute;\u017ene Je\u017ei&scaron;ov s\u013eub, \u017ee On ur\u010dite pr&iacute;de, i ke\u010f neur\u010dil de\u0148, ani hodinu, ani rok. <b>Viera, ktor&aacute; tomuto s\u013eubu plne d&ocirc;verovala, p&ocirc;sobila ako trval&aacute; sila k zodpovednosti:<\/b> <b>da\u0165 \u010deladi, \u010do jej patr&iacute;! <\/b>Tam teda bude raz aj pochvala a pov&yacute;&scaron;enie. Podiel \u010dloveka na sudcovskej a kr&aacute;\u013eovskej moci Kristovej.<\/span><\/p>\n<p style=\"margin: 0.0px 0.0px 0.0px 0.0px; font: 16.0px Helvetica; min-height: 19.0px\"><span style=\"letter-spacing: 0.0px\">&nbsp;&nbsp; &nbsp;<\/span><\/p>\n<p style=\"margin: 0.0px 0.0px 0.0px 0.0px; font: 16.0px Helvetica\"><span style=\"letter-spacing: 0.0px\">&nbsp; &nbsp; Mo\u017eno si teraz povzdychneme: kie\u017e by sme mali v\u017edy tak&yacute;ch slu\u017ebn&iacute;kov, ktor&yacute;m je zveren&yacute; nejak&yacute; &uacute;rad a spravovanie vec&iacute; verejn&yacute;ch! Je to opr&aacute;vnen&aacute; t&uacute;\u017eba. Ak v&scaron;ak m&aacute;me mo\u017enos\u0165 nejak&yacute;m sp&ocirc;sobom odovzda\u0165 \u010das\u0165 na&scaron;ich kompetenci&iacute; pri spravovan&iacute; vec&iacute; verjen&eacute;ho blaha, daru chleba a v&scaron;etk&eacute;ho, \u010do k nemu patr&iacute;, <b>aj my sa v\u017edy p&yacute;tajme: M&aacute; ten \u010dovek povedomie o zodpovedonsti pred P&aacute;nom Bohom? Boj&iacute; sa Boha a m&aacute; r&aacute;d aj in&yacute;ch, alebo iba seba?<\/b> Ak sa \u013eudia niekedy mo\u017eno <b>zabudn&uacute; p&yacute;ta\u0165 na tento predpoklad viery, je to v&aacute;\u017ena chyba.<\/b>&nbsp;<\/span><\/p>\n<p style=\"margin: 0.0px 0.0px 0.0px 0.0px; font: 16.0px Helvetica; min-height: 19.0px\"><span style=\"letter-spacing: 0.0px\">&nbsp;&nbsp; &nbsp; &nbsp;<\/span><\/p>\n<p style=\"margin: 0.0px 0.0px 0.0px 0.0px; font: 16.0px Helvetica\"><span style=\"letter-spacing: 0.0px\">Je tu aj druh&yacute; predpoklad: <b>m&aacute; by\u0165 m&uacute;dry.<\/b> Schopn&yacute; vies\u0165, riadi\u0165, rozhodova\u0165 v d&ocirc;le\u017eit&yacute;ch situ&aacute;ciach a vo veciach v&scaron;eobecn&eacute;ho blaha a mieru! Mnoh&iacute; si dnes v&scaron;&iacute;maj&uacute; iba t&uacute;to druh&uacute; schopnos\u0165: m&uacute;dros\u0165.&nbsp; Je m&uacute;dry, je vzdelan&yacute;, kult&uacute;rny a kultivovan&yacute; \u010dlovek ten n&aacute;&scaron; &scaron;af&aacute;r?&nbsp;<\/span><\/p>\n<p style=\"margin: 0.0px 0.0px 0.0px 0.0px; font: 16.0px Helvetica; min-height: 19.0px\">&nbsp;<\/p>\n<p style=\"margin: 0.0px 0.0px 0.0px 0.0px; font: 16.0px Helvetica\"><span style=\"letter-spacing: 0.0px\">\u017dia\u013e, mnoh&yacute;m nevad&iacute; \u010dasto ani to, \u017ee je to neokr&ocirc;chanec&#8230;Alebo \u017ee je dokonca opilec, \u010di zh&yacute;ralec. Neraz priamo n&aacute;siln&iacute;k, ktor&yacute; nevyber&aacute; prostriedky. Mnoh&iacute; \u013eudia dnes tak&yacute;ch pova\u017euj&uacute; za &ldquo;spr&aacute;vnych chlapov&rdquo;. Imponuje im hrubos\u0165 a n&aacute;silie, lebo si myslia, \u017ee pr&aacute;ve takto treba rie&scaron;i\u0165 &uacute;lohy. Ale P&aacute;n Je\u017ei&scaron;, ako <b>najvy&scaron;&scaron;&iacute; Kr&aacute;\u013e<\/b>, o takom hovor&iacute; otvorene, \u017ee <i>&ldquo;s nevern&yacute;mi ur\u010d&iacute; mu podiel&rdquo;.<\/i>&nbsp;<\/span><\/p>\n<p style=\"margin: 0.0px 0.0px 0.0px 0.0px; font: 16.0px Helvetica; min-height: 19.0px\"><span style=\"letter-spacing: 0.0px\">&nbsp; &nbsp; &nbsp;<\/span><\/p>\n<p style=\"margin: 0.0px 0.0px 0.0px 0.0px; font: 16.0px Helvetica\"><span style=\"letter-spacing: 0.0px\">&nbsp; &nbsp; &nbsp; Bratia a sestry v P&aacute;nu!<\/span><\/p>\n<p style=\"margin: 0.0px 0.0px 0.0px 0.0px; font: 16.0px Helvetica\"><span style=\"letter-spacing: 0.0px\">&nbsp; &nbsp; &nbsp; Mnoh&iacute; \u013eudia u n&aacute;s s&uacute; bohat&iacute; a s&uacute; si sami sebe p&aacute;nmi. Neraz chc&uacute; st&aacute;\u0165 aj <b>nad<\/b> z&aacute;konmi a nesl&uacute;\u017eia nikomu. Hovoria si: &ldquo;<i>zbohatol som, nikoho nepotrebujem&rdquo;<\/i>&#8230;\u010casto sa st&aacute;va, \u017ee ich slovo o druhom pr&iacute;chode Krista k s&uacute;du nepr&iacute;jemene vyru&scaron;&iacute;. Lebo maj&uacute; v&scaron;etk&eacute;ho na mnoho rokov. Neraz nie na desiatky rokov, ale stovky rokov! Iba jedno nemaj&uacute; &#8211; moc zachova\u0165 si \u017eivot, moc pred\u013a\u017ei\u0165 si ho \u010do aj len o lake\u0165. S&uacute; smutn&iacute; a nerv&oacute;zni, ke\u010f po\u010duj&uacute; o s&uacute;de. Ak by polovicu majetku rozdali, ako biblick&yacute; Zacheus a vyrie&scaron;ili nejak&yacute; probl&eacute;m svojich bl&iacute;\u017enych, nech&yacute;balo by im. Tak&iacute; sa tie\u017e nete&scaron;ia sa na P&aacute;nov pr&iacute;chod a s&uacute;d. Poznaj&uacute; v&ocirc;\u013eu P&aacute;novu, poznaj&uacute; z&aacute;kon l&aacute;sky, ale nekonaj&uacute;. <i>Bud&uacute; ve\u013emi bit&yacute;&#8230;<\/i> hovor&iacute; Kristus P&aacute;n.&nbsp;<\/span><\/p>\n<p style=\"margin: 0.0px 0.0px 0.0px 0.0px; font: 16.0px Helvetica; min-height: 19.0px\"><span style=\"letter-spacing: 0.0px\">&nbsp; &nbsp; &nbsp;<\/span><\/p>\n<p style=\"margin: 0.0px 0.0px 0.0px 0.0px; font: 16.0px Helvetica\"><span style=\"letter-spacing: 0.0px\">&nbsp;&nbsp; &nbsp; Mil&iacute; bratia a sestry!<\/span><\/p>\n<p style=\"margin: 0.0px 0.0px 0.0px 0.0px; font: 16.0px Helvetica\"><span style=\"letter-spacing: 0.0px\">&nbsp;&nbsp; &nbsp; P&aacute;n Je\u017ei&scaron; je P&aacute;n v&scaron;evl&aacute;dny ! \/Pantokrator\/ Na s&uacute;d pred Neho pr&iacute;du napokon<b> aj tak&iacute;<\/b>, ktor&iacute; o \u0147om z nejak&eacute;ho d&ocirc;vodu nepo\u010duli. Ktor&iacute; nepoznaj&uacute; Jeho prik&aacute;zania tak, ako ich poznaj&uacute; \u017didia, alebo kres\u0165ania z Desatora. Bud&uacute; ospravedlnen&iacute;? Dostan&uacute; milos\u0165, ke\u010f meno Je\u017ei&scaron; nikdy nepo\u010duli? <b>P&aacute;n hovor&iacute;, \u017ee bud&uacute; s&uacute;den&iacute;!&nbsp; A to pod\u013ea z&aacute;konov v ich svedom&iacute;<\/b>, z&aacute;konov zap&iacute;san&yacute;ch na tabule ich srdca. &Aacute;no, aj pohania vedia, \u017ee plat&iacute;: nepokradne&scaron;, nezabije&scaron;! Maj&uacute; ur\u010dit&eacute; c&iacute;tenie soci&aacute;lne, rodinn&eacute;, man\u017eelsk&eacute;&#8230;Ak sa ktoko\u013evek spreneveril svojmu svedomiu, bude ods&uacute;den&yacute;, i ke\u010f vo ve\u010dnosti bude trpie\u0165 menej ako ten, ktor&eacute;mu bolo mnoho dan&eacute;.<\/span><\/p>\n<p style=\"margin: 0.0px 0.0px 0.0px 0.0px; font: 16.0px Helvetica; min-height: 19.0px\"><span style=\"letter-spacing: 0.0px\">&nbsp; &nbsp; &nbsp;<\/span><\/p>\n<p style=\"margin: 0.0px 0.0px 0.0px 0.0px; font: 16.0px Helvetica\"><span style=\"letter-spacing: 0.0px\">&nbsp; &nbsp; Bratia a sestry! Mnoho bolo dan&eacute; aj n&aacute;m! N&aacute;m, ktor&iacute; sme v Krste sv&auml;tom prijali odpustenie hriechov a s\u013eub o Bo\u017eom detinstve. Ktor&yacute;m bolo mnohokr&aacute;t odpusten&eacute; pri P&aacute;novom stole, alebo skrze slovo evanjelia. &ldquo;<i>Lebo od ka\u017ed&eacute;ho, komu bolo moho dan&eacute;, bude sa mnoh poh\u013ead&aacute;va<\/i>\u0165&rdquo;. Preto je dobre, \u017ee aj v dne&scaron;n&uacute; nede\u013eu, <b>posledn&uacute; v cirkevnom roku, <\/b>smeme prija\u0165<b> napomenutie<\/b> a varovane n&aacute;&scaron;ho P&aacute;na, <b>Kr&aacute;\u013ea vekov<\/b>. Ale <b>aj Jeho povzbudenie<\/b> <b>ako Darcu v&scaron;etk&yacute;ch dobr&yacute;ch darov a v kone\u010dnom d&ocirc;sledku aj Darcu ve\u010dnej bla\u017eenosti. Zosta\u0148me &scaron;af&aacute;rmi m&uacute;drymi, ale najm&auml; veriacimi! <\/b>\u013dudmi plne d&ocirc;verj&uacute;cimi, \u017ee n&aacute;&scaron; P&aacute;n pr&iacute;de a nebude me&scaron;ka\u0165. Nech je Jeho pr&iacute;chod radostn&yacute;m zv&iacute;tan&iacute;m sa a stretnut&iacute;m s N&iacute;m tv&aacute;rou v tv&aacute;r a z&aacute;rove\u0148 aj so v&scaron;etk&yacute;mi&nbsp; zachr&aacute;nen&yacute;mi v nebi. Amen.&nbsp;<\/span><\/p>\n<p style=\"margin: 0.0px 0.0px 0.0px 0.0px; font: 16.0px Helvetica; min-height: 19.0px\">&nbsp;<\/p>\n<p style=\"margin: 0.0px 0.0px 0.0px 0.0px; font: 12.0px Helvetica\"><span style=\"font: 16.0px Helvetica; letter-spacing: 0.0px\">&nbsp; &nbsp; &nbsp; &nbsp; &nbsp; &nbsp; &nbsp; &nbsp; &nbsp; &nbsp; &nbsp; &nbsp; &nbsp; &nbsp; &nbsp; &nbsp; &nbsp; &nbsp; &nbsp;<\/span><span style=\"letter-spacing: 0.0px\">22. N.po Sv.Tr. &#8211; 20.11.11 &#8211; Rovensko a Soboti&scaron;te &#8211; \u013d.Batka st. &nbsp;<\/span><\/p>\n<p style=\"margin: 0.0px 0.0px 0.0px 0.0px; font: 16.0px Helvetica; min-height: 19.0px\"><span style=\"letter-spacing: 0.0px\"><i>&nbsp;&nbsp; &nbsp;<\/i><\/span><\/p>\n<div><span style=\"letter-spacing: 0.0px\"><i><br \/>\n<\/i><\/span><\/div>\n","protected":false},"excerpt":{"rendered":"<p>&nbsp;&nbsp; &nbsp; &nbsp; &nbsp; &nbsp; &nbsp; &nbsp; &nbsp; &nbsp; &nbsp; &nbsp; &nbsp; &nbsp; &nbsp; &nbsp; &nbsp; &nbsp; &nbsp; &nbsp; &nbsp; &nbsp; &nbsp; &nbsp; &nbsp; &nbsp; &nbsp; &nbsp; &nbsp; Podiel vern&eacute;ho a rozumn&eacute;ho &scaron;af&aacute;ra Lk 12, 42 &#8211; 48: &rdquo;A P&aacute;n odpovedal: Kto je teda vern&yacute; a rozumn&yacute; &scaron;af&aacute;r, ktor&eacute;ho P&aacute;n ustanovil nad svojou \u010dela\u010fou, aby &#8230; <a title=\"Podiel vern\u00e9ho a rozumn\u00e9ho \u0161af\u00e1ra\" class=\"read-more\" href=\"https:\/\/www.e-anjelik.sk\/index.php\/2011\/11\/23\/podiel-verneho-a-rozumneho-safara\/\" aria-label=\"Pre\u010d\u00edtajte si viac o Podiel vern\u00e9ho a rozumn\u00e9ho \u0161af\u00e1ra\">\u010c\u00edta\u0165 viac<\/a><\/p>\n","protected":false},"author":4,"featured_media":0,"comment_status":"open","ping_status":"open","sticky":false,"template":"","format":"standard","meta":{"footnotes":""},"categories":[121,95],"tags":[235],"class_list":["post-3926","post","type-post","status-publish","format-standard","hentry","category-kazne","category-sobotiste","tag-nedela-vecnosti"],"_links":{"self":[{"href":"https:\/\/www.e-anjelik.sk\/index.php\/wp-json\/wp\/v2\/posts\/3926","targetHints":{"allow":["GET"]}}],"collection":[{"href":"https:\/\/www.e-anjelik.sk\/index.php\/wp-json\/wp\/v2\/posts"}],"about":[{"href":"https:\/\/www.e-anjelik.sk\/index.php\/wp-json\/wp\/v2\/types\/post"}],"author":[{"embeddable":true,"href":"https:\/\/www.e-anjelik.sk\/index.php\/wp-json\/wp\/v2\/users\/4"}],"replies":[{"embeddable":true,"href":"https:\/\/www.e-anjelik.sk\/index.php\/wp-json\/wp\/v2\/comments?post=3926"}],"version-history":[{"count":0,"href":"https:\/\/www.e-anjelik.sk\/index.php\/wp-json\/wp\/v2\/posts\/3926\/revisions"}],"wp:attachment":[{"href":"https:\/\/www.e-anjelik.sk\/index.php\/wp-json\/wp\/v2\/media?parent=3926"}],"wp:term":[{"taxonomy":"category","embeddable":true,"href":"https:\/\/www.e-anjelik.sk\/index.php\/wp-json\/wp\/v2\/categories?post=3926"},{"taxonomy":"post_tag","embeddable":true,"href":"https:\/\/www.e-anjelik.sk\/index.php\/wp-json\/wp\/v2\/tags?post=3926"}],"curies":[{"name":"wp","href":"https:\/\/api.w.org\/{rel}","templated":true}]}}