{"id":3927,"date":"2011-11-24T02:20:37","date_gmt":"2011-11-24T02:20:37","guid":{"rendered":"http:\/\/e-anjelik.sk\/?p=3927"},"modified":"2011-11-24T02:20:37","modified_gmt":"2011-11-24T02:20:37","slug":"katolici-kupili-sklenu-katedralu-v-usa","status":"publish","type":"post","link":"https:\/\/www.e-anjelik.sk\/index.php\/2011\/11\/24\/katolici-kupili-sklenu-katedralu-v-usa\/","title":{"rendered":"Katol\u00edci k\u00fapili Sklen\u00fa katedr\u00e1lu v USA"},"content":{"rendered":"<p>Svetozn&aacute;ma Sklen&aacute; katedr&aacute;la reformovanej cirkvi v Garden Grove,Kalifornia, bola predan&aacute; katol&iacute;ckej&nbsp;kalifornskej diec&eacute;ze Orange za sumu 57,4 mili&oacute;na USD. Katedr&aacute;lu posv&auml;tili roku 1980.Postavili ju pod\u013ea projektov architekta Philippa Johnsona z 12 tis&iacute;cok zrkadlov&yacute;ch skiel. Katedr&aacute;la pojme a\u017e 3 tis&iacute;cky \u013eud&iacute;. Vysielali sa z nej cez telev&iacute;znu rel&aacute;ciu slu\u017eby Bo\u017eie do cel&eacute;ho sveta s n&aacute;zvom &quot;Power Hour &#8211; Hodinka sily&quot;.Bohoslu\u017eby sledovalo a\u017e do 20 mili&oacute;nov \u013eud&iacute;.&nbsp;Viedol ich pastor Robert Schuller. Pr&iacute;\u010dinou predaja bola finan\u010dn&aacute; kr&iacute;za a krach spolo\u010dnosti R.Schullera.<\/p>\n<p>(<a href=\"http:\/\/www.byznica.info\">www.byznica.info<\/a>)<\/p>\n","protected":false},"excerpt":{"rendered":"<p>Svetozn&aacute;ma Sklen&aacute; katedr&aacute;la reformovanej cirkvi v Garden Grove,Kalifornia, bola predan&aacute; katol&iacute;ckej&nbsp;kalifornskej diec&eacute;ze Orange za sumu 57,4 mili&oacute;na USD. Katedr&aacute;lu posv&auml;tili roku 1980.Postavili ju pod\u013ea projektov architekta Philippa Johnsona z 12 tis&iacute;cok zrkadlov&yacute;ch skiel. Katedr&aacute;la pojme a\u017e 3 tis&iacute;cky \u013eud&iacute;. Vysielali sa z nej cez telev&iacute;znu rel&aacute;ciu slu\u017eby Bo\u017eie do cel&eacute;ho sveta s n&aacute;zvom &quot;Power Hour &#8230; <a title=\"Katol\u00edci k\u00fapili Sklen\u00fa katedr\u00e1lu v USA\" class=\"read-more\" href=\"https:\/\/www.e-anjelik.sk\/index.php\/2011\/11\/24\/katolici-kupili-sklenu-katedralu-v-usa\/\" aria-label=\"Pre\u010d\u00edtajte si viac o Katol\u00edci k\u00fapili Sklen\u00fa katedr\u00e1lu v USA\">\u010c\u00edta\u0165 viac<\/a><\/p>\n","protected":false},"author":22,"featured_media":0,"comment_status":"open","ping_status":"open","sticky":false,"template":"","format":"standard","meta":{"footnotes":""},"categories":[2],"tags":[],"class_list":["post-3927","post","type-post","status-publish","format-standard","hentry","category-ekumena"],"_links":{"self":[{"href":"https:\/\/www.e-anjelik.sk\/index.php\/wp-json\/wp\/v2\/posts\/3927","targetHints":{"allow":["GET"]}}],"collection":[{"href":"https:\/\/www.e-anjelik.sk\/index.php\/wp-json\/wp\/v2\/posts"}],"about":[{"href":"https:\/\/www.e-anjelik.sk\/index.php\/wp-json\/wp\/v2\/types\/post"}],"author":[{"embeddable":true,"href":"https:\/\/www.e-anjelik.sk\/index.php\/wp-json\/wp\/v2\/users\/22"}],"replies":[{"embeddable":true,"href":"https:\/\/www.e-anjelik.sk\/index.php\/wp-json\/wp\/v2\/comments?post=3927"}],"version-history":[{"count":0,"href":"https:\/\/www.e-anjelik.sk\/index.php\/wp-json\/wp\/v2\/posts\/3927\/revisions"}],"wp:attachment":[{"href":"https:\/\/www.e-anjelik.sk\/index.php\/wp-json\/wp\/v2\/media?parent=3927"}],"wp:term":[{"taxonomy":"category","embeddable":true,"href":"https:\/\/www.e-anjelik.sk\/index.php\/wp-json\/wp\/v2\/categories?post=3927"},{"taxonomy":"post_tag","embeddable":true,"href":"https:\/\/www.e-anjelik.sk\/index.php\/wp-json\/wp\/v2\/tags?post=3927"}],"curies":[{"name":"wp","href":"https:\/\/api.w.org\/{rel}","templated":true}]}}