{"id":3933,"date":"2011-11-28T10:01:16","date_gmt":"2011-11-28T10:01:16","guid":{"rendered":"http:\/\/e-anjelik.sk\/?p=3933"},"modified":"2022-12-11T18:39:36","modified_gmt":"2022-12-11T17:39:36","slug":"snazme-sa-poznat-hospodina","status":"publish","type":"post","link":"https:\/\/www.e-anjelik.sk\/index.php\/2011\/11\/28\/snazme-sa-poznat-hospodina\/","title":{"rendered":"Sna\u017eme sa pozna\u0165 Hospodina"},"content":{"rendered":"<p>&nbsp;<span class=\"Apple-style-span\" style=\"font-family: Helvetica; font-size: 16px; line-height: normal; \">&nbsp; &nbsp; &nbsp; &nbsp; &nbsp; &nbsp; &nbsp; &nbsp; &nbsp; &nbsp; &nbsp; &nbsp; &nbsp; &nbsp; &nbsp; &nbsp; &nbsp; &nbsp; &nbsp; &nbsp; &nbsp; &nbsp; &nbsp; &nbsp; &nbsp; &nbsp; &nbsp;<b>Sna\u017eme sa pozna\u0165 Hospodina!<\/b><\/span><\/p>\n<p style=\"margin: 0.0px 0.0px 0.0px 0.0px; font: 16.0px Helvetica\"><span style=\"letter-spacing: 0.0px\"><b>&nbsp; &nbsp; &nbsp; &nbsp; &nbsp; &nbsp; &nbsp; &nbsp; &nbsp; &nbsp; &nbsp; &nbsp; &nbsp; &nbsp; &nbsp;<\/b>Milos\u0165 v\u00e1m a pokoj od Toho, ktor\u00fd bol, ktor\u00fd je a ktor\u00fd pr\u00edde&#8230;!<\/span><\/p>\n<p style=\"margin: 0.0px 0.0px 0.0px 0.0px; font: 16.0px Helvetica\"><span style=\"letter-spacing: 0.0px\"><b>Oz 6,3:<\/b><\/span><\/p>\n<p style=\"margin: 0.0px 0.0px 0.0px 0.0px; font: 16.0px Helvetica\"><span style=\"letter-spacing: 0.0px\"><i>\u201cPozn\u00e1vajme, sna\u017eme sa pozna\u0165 Hospodina! Jeho pr\u00edchod je ist\u00fd ako rann\u00e1 zora, pr\u00edde k n\u00e1m ako d\u00e1\u017e\u010f, ako jarn\u00fd d\u00e1\u017e\u010f, \u010do zavla\u017euje zem\u201d. Amen.<\/i><\/span><\/p>\n<p style=\"margin: 0.0px 0.0px 0.0px 0.0px; font: 16.0px Helvetica; min-height: 19.0px\"><span style=\"letter-spacing: 0.0px\">&nbsp;&nbsp;<\/span><\/p>\n<p style=\"margin: 0.0px 0.0px 0.0px 0.0px; font: 16.0px Helvetica\"><span style=\"letter-spacing: 0.0px\">&nbsp;&nbsp; Bohumil\u00ed kres\u0165ania, bratia a sestry v Kristu!<\/span><\/p>\n<p style=\"margin: 0.0px 0.0px 0.0px 0.0px; font: 16.0px Helvetica; min-height: 19.0px\"><span style=\"letter-spacing: 0.0px\">&nbsp; &nbsp;<\/span><\/p>\n<p style=\"margin: 0.0px 0.0px 0.0px 0.0px; font: 16.0px Helvetica\"><span style=\"letter-spacing: 0.0px\">&nbsp;Z Bo\u017eej milosti je n\u00e1m dopriate spolo\u010dne za\u010da\u0165 <b>nov\u00fd cirkevn\u00fd rok. <\/b>Jeho \u00favod je obdob\u00edm, ktor\u00e9 odd\u00e1vna naz\u00fdvame<b> advent<\/b>, po slov.: <b>pr\u00edchod<\/b>. Advent je pre n\u00e1s kres\u0165anov dar. Je to nov\u00fd za\u010diatok a nov\u00e1 mo\u017enos\u0165 k duchovn\u00e9mu prebudeniu.\/ R 13\/&nbsp; Advent je pr\u00edhodn\u00fd \u010das na tich\u00e9 rozj\u00edmanie o sebe, o \u017eivote a o prav\u00fdch hodnot\u00e1ch. \u010cas, h\u013eada\u0165 a nach\u00e1dza\u0165 nov\u00fa v\u00edziu pre n\u00e1\u0161 \u017eivot. Je to \u010das, ke\u010f sa m\u00f4\u017eeme a m\u00e1me odp\u00fata\u0165 od&nbsp; stereotypov, do ktor\u00fdch sme strhnut\u00ed po\u010das roka mnoh\u00fdmi povinnos\u0165ami, zhonom, ve\u010dernou telev\u00edziiou, a zn\u00e1mym \u201ckoloto\u010dom\u201d v\u0161ednosti. Trp\u00edme na s\u00fastavn\u00fd nedostatok \u010dasu, najm\u00e4 pri h\u013eadan\u00ed kr\u00e1\u013eovstva Bo\u017eieho a jeho spravodlivosti.&nbsp;<\/span><\/p>\n<p style=\"margin: 0.0px 0.0px 0.0px 0.0px; font: 16.0px Helvetica\"><span style=\"letter-spacing: 0.0px\">&nbsp; &nbsp; &nbsp; &nbsp; Advent n\u00e1s tie\u017e upriamuje a vedie k viano\u010dn\u00fdm sviatkom. C\u00edtime, \u017ee n\u00e1\u0161 \u017eivot m\u00e1 ma\u0165 pln\u0161\u00ed a \u0161ir\u0161\u00ed rozmer, ktor\u00fd n\u00e1m neraz unik\u00e1. Preto je naz\u00fdvan\u00fd aj \u010dasom st\u00ed\u0161enia, upokojenia a h\u013eadania hlb\u0161ieho zmyslu \u017eivota. \u201c<i>Je \u010das prebudi\u0165 sa zo sna<\/i>\u201d a urobi\u0165 nov\u00e9 a e\u0161te pevnej\u0161ie rozhodnutie prija\u0165 ponuku sp\u00e1sy! Dar z\u00e1chrany a blahoslaven\u00e9ho \u017eivota vo ve\u010dnosoti. T\u00e1to ponuka z Bo\u017eej strany klope op\u00e4\u0165 v podobe adventn\u00e9ho a viano\u010dn\u00e9ho evanjelia na na\u0161e dvere. Vieme, \u017ee mnoh\u00ed si ju u\u017e nev\u0161\u00edmaj\u00fa a nev\u0161imn\u00fa. S\u00fa tak zah\u013eaden\u00ed do pr\u00edtomnosti, \u017ee im unik\u00e1 skuto\u010dnos\u0165, \u017ee naplnenie \u010dasu sp\u00e1sy pre n\u00e1s pokro\u010dilo&#8230;<\/span><\/p>\n<p style=\"margin: 0.0px 0.0px 0.0px 0.0px; font: 16.0px Helvetica; min-height: 19.0px\"><span style=\"letter-spacing: 0.0px\">&nbsp; &nbsp; &nbsp;<\/span><\/p>\n<p style=\"margin: 0.0px 0.0px 0.0px 0.0px; font: 16.0px Helvetica\"><span style=\"letter-spacing: 0.0px\">&nbsp;&nbsp; &nbsp; Advent sa v\u0161ak m\u00f4\u017ee sta\u0165 aj pre n\u00e1s \u010dasom, ktor\u00fd prem\u00e1rnime a \u201cpresp\u00edme\u201d. Mnoh\u00ed si mo\u017eno v duchu povedia: to\u013eko adventn\u00fdch \u0161tartov sme u\u017e absolovali a vlasne sa ni\u010d nemen\u00ed. Je to iba chodenie v kruhu &#8211; \u201c<i>ni\u010d nov\u00e9ho pod slnkom<\/i>\u201d! . Je to nebezpe\u010dn\u00fd poh\u013ead. Znamen\u00e1 n\u00e1vrat k star\u00e9mu pohanstvu, ktor\u00e9 nevid\u00ed a nepozn\u00e1 Bo\u017eie konanie v \u010dase pre n\u00e1s. \u017divot tak str\u00e1ca radostn\u00fd v\u00fdh\u013ead a dobr\u00fd cie\u013e.&nbsp; Tak\u00fdto poh\u013ead&nbsp; deprimuje a ni\u010d\u00ed mravn\u00e9 hodnoty. Lebo \u010dlovek a neraz aj cel\u00e1 spolo\u010dnos\u0165 nevid\u00ed potom d\u00f4vod \u201c<i>odlo\u017ei\u0165 skutky tmy<\/i>\u201d. Nevid\u00ed d\u00f4vod pre sejbu l\u00e1sky a pre nasledovanie Toho, ktor\u00fd n\u00e1s vedie nielen k sejbe &#8211; ale <b>aj k \u017eatve!<\/b> K zodpovednosti za ka\u017ed\u00fd de\u0148, ktor\u00fd je n\u00e1m dan\u00fd, ako mo\u017enos\u0165 kona\u0165 v\u00f4\u013eu nebesk\u00e9ho Otca.&nbsp;<\/span><\/p>\n<p style=\"margin: 0.0px 0.0px 0.0px 0.0px; font: 16.0px Helvetica; min-height: 19.0px\"><span style=\"letter-spacing: 0.0px\">&nbsp; &nbsp; &nbsp; &nbsp;<\/span><\/p>\n<p style=\"margin: 0.0px 0.0px 0.0px 0.0px; font: 16.0px Helvetica\"><span style=\"letter-spacing: 0.0px\">&nbsp; &nbsp; Dne\u0161n\u00fdm osloven\u00edm a vst\u00fapen\u00edm do n\u00e1\u0161ho vedomia a svedomia je slovo <b>proroka Oze\u00e1\u0161a,<\/b> ktor\u00e9 nestar\u00e1ca ni\u010d zo svoje naliehavosti a v\u00e1\u017enosti. P\u00f4vodne patrilo \u013eudu severn\u00e9ho Izraelsk\u00e9ho kr\u00e1\u013eovstva.<\/span><\/p>\n<p style=\"margin: 0.0px 0.0px 0.0px 0.0px; font: 16.0px Helvetica\"><span style=\"letter-spacing: 0.0px\">&nbsp;&nbsp; &nbsp; Iste si uvedomujeme, mil\u00ed bratia a sestry,&nbsp; jeden d\u00f4le\u017eit\u00fd rozdiel. Ke\u010f prorok Oze\u00e1\u0161 hovoril pribli\u017ene 75O rokov pred naroden\u00edm P\u00e1na Je\u017ei\u0161a Krista<b> o pr\u00edchode Hospodina, P\u00e1na,<\/b> bolo jeho slovo&nbsp; svetielkom v hlbokej tme. Svetielkom, ktor\u00e9 zdanlivo nemalo silu a schopnos\u0165 zasvieti\u0165 do dlh\u00e9ho obdobia, ktor\u00e9 predch\u00e1dzalo pr\u00edchod Je\u017ei\u0161a Krista. <b>Z poh\u013eadu Izraela bolo jeho slovo poukazom na bud\u00facnos\u0165, v ktorej Hospodin pr\u00edde.&nbsp;<\/b><\/span><\/p>\n<p style=\"margin: 0.0px 0.0px 0.0px 0.0px; font: 16.0px Helvetica; min-height: 19.0px\"><span style=\"letter-spacing: 0.0px\">&nbsp;&nbsp; &nbsp;<\/span><\/p>\n<p style=\"margin: 0.0px 0.0px 0.0px 0.0px; font: 16.0px Helvetica\"><span style=\"letter-spacing: 0.0px\">&nbsp; &nbsp; Pre n\u00e1s Oze\u00e1\u0161ovo slovo znie inak. <b>Vn\u00edmame ho ako poukaz na veci minul\u00e9. Hospodin v Synovi pri\u0161iel<\/b>. Proroctvo sa naplnilo. My sa v advente vraciame k <b>udalosti vtelenia<\/b> a potom narodenia Mesi\u00e1\u0161a, ako naplneniu porock\u00fdch slov. Tak m\u00e1 advent m\u00e1 pre n\u00e1s najprv<b> posolstvo o Bo\u017eej vernosti<\/b>, st\u00e1losti a milosti: Hospodin&nbsp; pri\u0161iel v plnosti \u010dasu ! Bola to radostn\u00e1 udalos\u0165. Z\u00e1van tejto radosti nevyprchal ani po st\u00e1ro\u010diach, ba tis\u00edcro\u010diach!<\/span><\/p>\n<p style=\"margin: 0.0px 0.0px 0.0px 0.0px; font: 16.0px Helvetica; min-height: 19.0px\"><span style=\"letter-spacing: 0.0px\">&nbsp;&nbsp; &nbsp;<\/span><\/p>\n<p style=\"margin: 0.0px 0.0px 0.0px 0.0px; font: 16.0px Helvetica\"><span style=\"letter-spacing: 0.0px\">&nbsp; &nbsp; &nbsp; Prorock\u00e9 slovo je v\u0161ak rovnako n\u00e1stoj\u010d\u00edv\u00e9 aj dnes. Pr\u00edchod&nbsp; Spasite\u013ea vedie k jedin\u00e9mu spr\u00e1vnemu uz\u00e1veru a konaniu: &nbsp; &nbsp; &nbsp; &nbsp; &nbsp; &nbsp; &nbsp; &nbsp; &nbsp; &nbsp; &nbsp; &nbsp; <b>Hodpodina je potrebn\u00e9 pozna\u0165!<\/b><\/span><\/p>\n<p style=\"margin: 0.0px 0.0px 0.0px 0.0px; font: 16.0px Helvetica; min-height: 19.0px\"><span style=\"letter-spacing: 0.0px\">&nbsp;&nbsp; &nbsp;<\/span><\/p>\n<p style=\"margin: 0.0px 0.0px 0.0px 0.0px; font: 16.0px Helvetica\"><span style=\"letter-spacing: 0.0px\">&nbsp;&nbsp; &nbsp; Mil\u00ed bratia a sestry!<\/span><\/p>\n<p style=\"margin: 0.0px 0.0px 0.0px 0.0px; font: 16.0px Helvetica\"><span style=\"letter-spacing: 0.0px\">&nbsp;&nbsp; &nbsp; \u010clovek bol a je st\u00e1le zaujat\u00fd pozn\u00e1van\u00edm najm\u00e4 stvorite\u013esk\u00e9ho Bo\u017eieho diela. Ono je iste\u017ee z\u00e1zra\u010dn\u00e9, \u00fa\u017easn\u00e9 a n\u00e1dhern\u00e9.<b> Ale nie je v\u00e4\u010d\u0161ie, ani \u00fa\u017easnej\u0161ie ako s\u00e1m Stvorite\u013e !<\/b><\/span><\/p>\n<p style=\"margin: 0.0px 0.0px 0.0px 0.0px; font: 16.0px Helvetica\"><span style=\"letter-spacing: 0.0px\">&nbsp; &nbsp; N\u00e1m nesta\u010d\u00ed pozna\u0165 iba z\u00e1kony sveta, \u201c z\u00e1kony domu\u201d, v ktorom n\u00e1m nebesk\u00fd Otec pripravil \u017eivobytie pre telo. \/&nbsp; gr. oikia=dom, z\u00e1kon = nomos, oikonomos=z\u00e1kon pre dom, ekon\u00f3mia\/&nbsp; Nesta\u010d\u00ed pozna\u0165 iba vz\u0165ahy ekonomick\u00e9 a ekologick\u00e9. Potrebn\u00e9 je pozna\u0165 aj na\u0161e vlastn\u00e9 ur\u010denie v tomto svete. Z\u00e1kladn\u00fd je n\u00e1\u0161 vz\u0165ah k P\u00e1nu Bohu.&nbsp;<\/span><\/p>\n<p style=\"margin: 0.0px 0.0px 0.0px 0.0px; font: 16.0px Helvetica\"><span style=\"letter-spacing: 0.0px\">&nbsp;&nbsp; &nbsp; Vieme, \u017ee <b>pozna\u0165 Hodpodina<\/b> m\u00f4\u017eeme lep\u0161ie ako SZ \u013eud Bo\u017e\u00ed, lebo Boh s\u00e1m sa n\u00e1m dal pozna\u0165 d\u00f4verne a dostato\u010dne vo svojom Synovi. V Die\u0165ati, ale aj v tom krotkom Kr\u00e1\u013eovi pokoja na osliatku prich\u00e1dzaj\u00facom k Sionu a mestu pokoja &#8211; Jeruzalemu. O tom n\u00e1m hovorilo dne\u0161n\u00e9 evanjelium. Pozn\u00e1vame ho aj v mu\u017eovi bolesti a v P\u00e1novi nad smr\u0165ou a hrobom. Vieme, \u017ee smiemu k Nemu pr\u00eds\u0165, lebo je Bohom l\u00e1sky a milosti. T\u00e1 sa prejavuje aj v ka\u017ededennom odp\u00fa\u0161\u0165an\u00ed mnoh\u00fdch na\u0161ich hriechov. Na na\u0161u prosbu a jednoduch\u00e9 zvolanie: \u201c<i>A odpus\u0165 n\u00e1m na\u0161e viny, ako aj my odp\u00fa\u0161\u0165me na\u0161im vinn\u00edkom\u201d<\/i>&#8211; odp\u00fa\u0161\u0165a n\u00e1m mnoho, lebo inak by sme r\u00fdchlo zahynuli. D\u00e1va n\u00e1m denne dary pre telo i du\u0161u. <b>Denne<\/b> a teda nie len na Vianoce! Takto u\u010dme pozn\u00e1va\u0165 P\u00e1na Boha u\u017e deti v na\u0161ich rodin\u00e1ch, rodi\u010dia i star\u00ed rodi\u010dia.<\/span><\/p>\n<p style=\"margin: 0.0px 0.0px 0.0px 0.0px; font: 16.0px Helvetica; min-height: 19.0px\">&nbsp;<\/p>\n<p style=\"margin: 0.0px 0.0px 0.0px 0.0px; font: 16.0px Helvetica\"><span style=\"letter-spacing: 0.0px\">&nbsp; &nbsp; &nbsp; Advent je teda \u010dasom nov\u00e9ho, hlb\u0161ieho a lep\u0161ieho pozn\u00e1vania P\u00e1na Boha vo vtelenom Synovi. Pozn\u00e1vajme Ho v Slove i vo&nbsp; sviatostiach. Ako tak\u00e9ho, ktor\u00fd sa narodil v Dome chleba, Betleheme a ktor\u00fd opr\u00e1vnene povedal: <i>Ja som chlieb \u017eivota!<\/i> Preto&nbsp; n\u00e1s s\u00fdti a zachov\u00e1va k \u017eivotu ve\u010dn\u00e9mu.<\/span><\/p>\n<p style=\"margin: 0.0px 0.0px 0.0px 0.0px; font: 16.0px Helvetica; min-height: 19.0px\"><span style=\"letter-spacing: 0.0px\">&nbsp;&nbsp; &nbsp; &nbsp;<\/span><\/p>\n<p style=\"margin: 0.0px 0.0px 0.0px 0.0px; font: 16.0px Helvetica\"><span style=\"letter-spacing: 0.0px\">&nbsp; &nbsp; Bolo by ve\u013ekou chybou, ak by sme zostali v myln\u00fdch predstav\u00e1ch o tom, <i>kto a ak\u00fd je Je\u017ei\u0161<\/i>. Mal\u00e9 <b>deti<\/b> si ho e\u0161te m\u00f4\u017eu predstavi\u0165 ako \u010dloveka &#8211; v otcov\u00fdch top\u00e1nkach. Hor\u0161ie je, ak si myslia, \u017ee Je\u017ei\u0161 je&nbsp; ten \u010derven\u00fd mu\u017e\u00ed\u010dek, ktor\u00fd lezie s bat\u00f4\u017ekom po balk\u00f3noch domov&#8230;.Nediv\u00edme sa, ak sa potom skoro z nich stan\u00fa ateisti.&nbsp; &nbsp; &nbsp; &nbsp; &nbsp;<\/span><\/p>\n<p style=\"margin: 0.0px 0.0px 0.0px 0.0px; font: 16.0px Helvetica; min-height: 19.0px\">&nbsp;<\/p>\n<p style=\"margin: 0.0px 0.0px 0.0px 0.0px; font: 16.0px Helvetica\"><span style=\"letter-spacing: 0.0px\">&nbsp; &nbsp; &nbsp; Advent je \u010dasom, ke\u010f m\u00f4\u017eeme vzia\u0165 na na\u0161e deti na kolen\u00e1,&nbsp; prit\u00fali\u0165 si ich a hovori\u0165 s nimi o Bo\u017e\u00edch veciach. T\u00fdm v\u00e4\u010d\u0161\u00edm m\u00f4\u017eeme hovori\u0165 o pr\u00edchode Hospodina v Je\u017ei\u0161ovom vtelen\u00ed a naroden\u00ed. Hovori\u0165 o hodnote Toho, ktor\u00fd je Tvorcom v\u0161ehom\u00edra, aj ke\u010f sa pon\u00ed\u017eil a\u017e na \u00farove\u0148 bezbrann\u00e9ho Die\u0165a\u0165a v jasliach! <b>Tajomstvo Jeho sl\u00e1vy a l\u00e1sky je ve\u013ek\u00e9 a nev\u00fdslovn\u00e9.&nbsp;<\/b><\/span><\/p>\n<p style=\"margin: 0.0px 0.0px 0.0px 0.0px; font: 16.0px Helvetica; min-height: 19.0px\"><span style=\"letter-spacing: 0.0px\"><b>&nbsp; &nbsp; &nbsp;<\/b><\/span><\/p>\n<p style=\"margin: 0.0px 0.0px 0.0px 0.0px; font: 16.0px Helvetica\"><span style=\"letter-spacing: 0.0px\">&nbsp;&nbsp; &nbsp; Oze\u00e1\u0161 hovoril ve\u013emi jednoduch\u00fdmi slovami slovami: <i>Jeho pr\u00edchod je ist\u00fd ! \u201cJe ist\u00fd ako rann\u00e1 zora\u201d<\/i>, ktor\u00e1 ohl\u00e1si nov\u00fd de\u0148. &nbsp; Pr\u00edde k n\u00e1m \u201c<i>ako jarn\u00fd d\u00e1\u017e\u010f\u201d<\/i>, ktor\u00fd zavla\u017e\u00ed vyschnut\u00fa p\u00f4du. Aby na\u0161e srdcia neboli \u201cvyschnutou p\u00f4dou.\u201d<\/span><\/p>\n<p style=\"margin: 0.0px 0.0px 0.0px 0.0px; font: 16.0px Helvetica; min-height: 19.0px\">&nbsp;<\/p>\n<p style=\"margin: 0.0px 0.0px 0.0px 0.0px; font: 16.0px Helvetica\"><span style=\"letter-spacing: 0.0px\">&nbsp;&nbsp; &nbsp; Aj ke\u010f je pravdou, \u017ee zorni\u010dka vyjde v\u017edy a aj po najdlh\u0161om suchu pr\u00edde v\u017edy sk\u00f4r, \u010di nesk\u00f4r d\u00e1\u017e\u010f- neznamen\u00e1 to, \u017ee pr\u00edchod P\u00e1na bol nevyhnutn\u00fd. \u017de sa udial bez rozhodnutia Boha Otca, ktor\u00fd <i>\u201ctak miloval svet, \u017ee mu dal svojho Syna<\/i>\u201d z milosti.&nbsp;<\/span><\/p>\n<p style=\"margin: 0.0px 0.0px 0.0px 0.0px; font: 16.0px Helvetica\"><span style=\"letter-spacing: 0.0px\">&nbsp;&nbsp; &nbsp; Okrem toho, ani dnes nie je Jeho pr\u00edchod \u201cautomaticky\u201d pre ka\u017ed\u00e9ho rados\u0165ou a po\u017eehnan\u00edm. On pri\u0161iel, prich\u00e1dza a pr\u00edde aj ako n\u00e1\u0161 Sudca. Tento Jeho pr\u00edchod je s\u00edce ist\u00fd, ale po\u017eehnan\u00edm je iba tam, kde je prijat\u00fd v pok\u00e1n\u00ed a vo viere. Pok\u00e1nie nie je pritom iba jednorazov\u00e1 a chv\u00ed\u013ekov\u00e1 z\u00e1le\u017eitos\u0165. \u201c<i>Pok\u00e1nie \u010di\u0148te<\/i>\u201d &#8211; hovor\u00ed P\u00e1n Je\u017ei\u0161, a znamen\u00e1 to, \u017ee sa m\u00e1me sna\u017ei\u0165 o \u201custavi\u010dn\u00e9 pok\u00e1nie\u201d. (Dr.M.Luther ). &nbsp;<\/span><\/p>\n<p style=\"margin: 0.0px 0.0px 0.0px 0.0px; font: 16.0px Helvetica; min-height: 19.0px\">&nbsp;<\/p>\n<p style=\"margin: 0.0px 0.0px 0.0px 0.0px; font: 16.0px Helvetica\"><span style=\"letter-spacing: 0.0px\">&nbsp; &nbsp; &nbsp; Bratia a sestry!&nbsp;<\/span><\/p>\n<p style=\"margin: 0.0px 0.0px 0.0px 0.0px; font: 16.0px Helvetica\"><span style=\"letter-spacing: 0.0px\">&nbsp; &nbsp; &nbsp; V toku a behu \u010dasu, ke\u010f sa dostav\u00ed aj \u00fanava a duchovn\u00e1 ospalos\u0165, je advent \u010dasom, ke\u010f si nanovo uvedomujem na\u0161e mo\u017enosti i \u00falohy. Je to \u010das k duchovn\u00e9mu prebudeniu a ob\u010derstveniu. Vyu\u017eijme ho k poznaniu na\u0161ich preme\u0161kan\u00ed, ale aj k poznaniu a prijatiu st\u00e1le novej milosti Bo\u017eej!<i> \u201cPozn\u00e1vajme, sna\u017eme sa pozna\u0165 Hospodina<\/i>\u201d! Vyu\u017eime ho spolo\u010dne k duchovn\u00e9mu posilneniu na ceste do ve\u010dnosti. Amen.<\/span><\/p>\n<p style=\"margin: 0.0px 0.0px 0.0px 0.0px; font: 16.0px Helvetica; min-height: 19.0px\"><span style=\"letter-spacing: 0.0px\">&nbsp; &nbsp; &nbsp;<\/span><\/p>\n<p style=\"margin: 0.0px 0.0px 0.0px 0.0px; font: 12.0px Helvetica\"><span style=\"font: 16.0px Helvetica; letter-spacing: 0.0px\">&nbsp; &nbsp; &nbsp; &nbsp; &nbsp; &nbsp; &nbsp; &nbsp; &nbsp; &nbsp; &nbsp; &nbsp; &nbsp; &nbsp; &nbsp; &nbsp; &nbsp; &nbsp; &nbsp; &nbsp;<\/span><span style=\"letter-spacing: 0.0px\"> 1.nede\u013ea adventn\u00e1 &#8211; 27.11.2011 &#8211; Rovensko a Soboti\u0161te- \u013d.Batka st.&nbsp; &nbsp;<\/span><\/p>\n<p style=\"margin: 0.0px 0.0px 0.0px 0.0px; font: 12.0px Helvetica; min-height: 14.0px\">&nbsp;<\/p>\n<p style=\"margin: 0.0px 0.0px 0.0px 0.0px; font: 16.0px Helvetica; min-height: 19.0px\"><span style=\"letter-spacing: 0.0px\">&nbsp; &nbsp;<\/span><\/p>\n","protected":false},"excerpt":{"rendered":"<p>&nbsp;&nbsp; &nbsp; &nbsp; &nbsp; &nbsp; &nbsp; &nbsp; &nbsp; &nbsp; &nbsp; &nbsp; &nbsp; &nbsp; &nbsp; &nbsp; &nbsp; &nbsp; &nbsp; &nbsp; &nbsp; &nbsp; &nbsp; &nbsp; &nbsp; &nbsp; &nbsp; &nbsp;Sna\u017eme sa pozna\u0165 Hospodina! &nbsp; &nbsp; &nbsp; &nbsp; &nbsp; &nbsp; &nbsp; &nbsp; &nbsp; &nbsp; &nbsp; &nbsp; &nbsp; &nbsp; &nbsp;Milos\u0165 v\u00e1m a pokoj od Toho, ktor\u00fd bol, ktor\u00fd je a &#8230; <a title=\"Sna\u017eme sa pozna\u0165 Hospodina\" class=\"read-more\" href=\"https:\/\/www.e-anjelik.sk\/index.php\/2011\/11\/28\/snazme-sa-poznat-hospodina\/\" aria-label=\"Pre\u010d\u00edtajte si viac o Sna\u017eme sa pozna\u0165 Hospodina\">\u010c\u00edta\u0165 viac<\/a><\/p>\n","protected":false},"author":4,"featured_media":0,"comment_status":"open","ping_status":"open","sticky":false,"template":"","format":"standard","meta":{"footnotes":""},"categories":[570,179,95],"tags":[192],"class_list":["post-3933","post","type-post","status-publish","format-standard","hentry","category-1-adventna-nedela","category-advent","category-sobotiste","tag-kazen"],"_links":{"self":[{"href":"https:\/\/www.e-anjelik.sk\/index.php\/wp-json\/wp\/v2\/posts\/3933","targetHints":{"allow":["GET"]}}],"collection":[{"href":"https:\/\/www.e-anjelik.sk\/index.php\/wp-json\/wp\/v2\/posts"}],"about":[{"href":"https:\/\/www.e-anjelik.sk\/index.php\/wp-json\/wp\/v2\/types\/post"}],"author":[{"embeddable":true,"href":"https:\/\/www.e-anjelik.sk\/index.php\/wp-json\/wp\/v2\/users\/4"}],"replies":[{"embeddable":true,"href":"https:\/\/www.e-anjelik.sk\/index.php\/wp-json\/wp\/v2\/comments?post=3933"}],"version-history":[{"count":1,"href":"https:\/\/www.e-anjelik.sk\/index.php\/wp-json\/wp\/v2\/posts\/3933\/revisions"}],"predecessor-version":[{"id":35847,"href":"https:\/\/www.e-anjelik.sk\/index.php\/wp-json\/wp\/v2\/posts\/3933\/revisions\/35847"}],"wp:attachment":[{"href":"https:\/\/www.e-anjelik.sk\/index.php\/wp-json\/wp\/v2\/media?parent=3933"}],"wp:term":[{"taxonomy":"category","embeddable":true,"href":"https:\/\/www.e-anjelik.sk\/index.php\/wp-json\/wp\/v2\/categories?post=3933"},{"taxonomy":"post_tag","embeddable":true,"href":"https:\/\/www.e-anjelik.sk\/index.php\/wp-json\/wp\/v2\/tags?post=3933"}],"curies":[{"name":"wp","href":"https:\/\/api.w.org\/{rel}","templated":true}]}}