{"id":3935,"date":"2011-11-29T03:27:13","date_gmt":"2011-11-29T03:27:13","guid":{"rendered":"http:\/\/e-anjelik.sk\/?p=3935"},"modified":"2011-11-29T03:27:13","modified_gmt":"2011-11-29T03:27:13","slug":"spd-a-ekd-viedli-rozhovory","status":"publish","type":"post","link":"https:\/\/www.e-anjelik.sk\/index.php\/2011\/11\/29\/spd-a-ekd-viedli-rozhovory\/","title":{"rendered":"SPD a EKD viedli rozhovory"},"content":{"rendered":"<p>V pondelok 28. novembra t.r. sa v Berl&iacute;ne konala dvojhodinov&aacute; otvoren&aacute; v&yacute;mena n&aacute;zorov medzi prez&iacute;diom Soci&aacute;lnodemokratickej strany Nemecka (SPD)&nbsp;na \u010dele s jej predsedom Sigmarom Gabrielom a \u010dlenmi Rady Evanjelickej cirkvi Nemecka (EKD) na \u010dele s predsedom pr&eacute;zesom&nbsp;N. Schneiderom. T&eacute;mou t&yacute;chto rozhovorov boli: boj proti pravicov&eacute;mu extr&eacute;mizmu a jeho n&aacute;siliu, pr&aacute;vny stav ute\u010dencov, pl&aacute;novan&aacute; novela z&aacute;kona o darovan&iacute; org&aacute;nov a ot&aacute;zky vz\u0165ahu &scaron;t&aacute;tu a cirkv&iacute;. Na z&aacute;ver rozhovorov sa &uacute;\u010dastn&iacute;ci dohodli, \u017ee v tak&yacute;chto verejn&yacute;ch rozhovoroch bud&uacute; obe strany pokra\u010dova\u0165 aj v roku 2012.<\/p>\n<p>(<a href=\"http:\/\/www.kirche-mv.de\">www.kirche-mv.de<\/a>)<\/p>\n","protected":false},"excerpt":{"rendered":"<p>V pondelok 28. novembra t.r. sa v Berl&iacute;ne konala dvojhodinov&aacute; otvoren&aacute; v&yacute;mena n&aacute;zorov medzi prez&iacute;diom Soci&aacute;lnodemokratickej strany Nemecka (SPD)&nbsp;na \u010dele s jej predsedom Sigmarom Gabrielom a \u010dlenmi Rady Evanjelickej cirkvi Nemecka (EKD) na \u010dele s predsedom pr&eacute;zesom&nbsp;N. Schneiderom. T&eacute;mou t&yacute;chto rozhovorov boli: boj proti pravicov&eacute;mu extr&eacute;mizmu a jeho n&aacute;siliu, pr&aacute;vny stav ute\u010dencov, pl&aacute;novan&aacute; novela z&aacute;kona &#8230; <a title=\"SPD a EKD viedli rozhovory\" class=\"read-more\" href=\"https:\/\/www.e-anjelik.sk\/index.php\/2011\/11\/29\/spd-a-ekd-viedli-rozhovory\/\" aria-label=\"Pre\u010d\u00edtajte si viac o SPD a EKD viedli rozhovory\">\u010c\u00edta\u0165 viac<\/a><\/p>\n","protected":false},"author":22,"featured_media":0,"comment_status":"open","ping_status":"open","sticky":false,"template":"","format":"standard","meta":{"footnotes":""},"categories":[9,10],"tags":[],"class_list":["post-3935","post","type-post","status-publish","format-standard","hentry","category-europa","category-zo-sveta"],"_links":{"self":[{"href":"https:\/\/www.e-anjelik.sk\/index.php\/wp-json\/wp\/v2\/posts\/3935","targetHints":{"allow":["GET"]}}],"collection":[{"href":"https:\/\/www.e-anjelik.sk\/index.php\/wp-json\/wp\/v2\/posts"}],"about":[{"href":"https:\/\/www.e-anjelik.sk\/index.php\/wp-json\/wp\/v2\/types\/post"}],"author":[{"embeddable":true,"href":"https:\/\/www.e-anjelik.sk\/index.php\/wp-json\/wp\/v2\/users\/22"}],"replies":[{"embeddable":true,"href":"https:\/\/www.e-anjelik.sk\/index.php\/wp-json\/wp\/v2\/comments?post=3935"}],"version-history":[{"count":0,"href":"https:\/\/www.e-anjelik.sk\/index.php\/wp-json\/wp\/v2\/posts\/3935\/revisions"}],"wp:attachment":[{"href":"https:\/\/www.e-anjelik.sk\/index.php\/wp-json\/wp\/v2\/media?parent=3935"}],"wp:term":[{"taxonomy":"category","embeddable":true,"href":"https:\/\/www.e-anjelik.sk\/index.php\/wp-json\/wp\/v2\/categories?post=3935"},{"taxonomy":"post_tag","embeddable":true,"href":"https:\/\/www.e-anjelik.sk\/index.php\/wp-json\/wp\/v2\/tags?post=3935"}],"curies":[{"name":"wp","href":"https:\/\/api.w.org\/{rel}","templated":true}]}}