{"id":3936,"date":"2011-11-29T14:48:10","date_gmt":"2011-11-29T14:48:10","guid":{"rendered":"http:\/\/e-anjelik.sk\/?p=3936"},"modified":"2011-11-29T14:48:10","modified_gmt":"2011-11-29T14:48:10","slug":"predseda-rady-ekd-navstivi-istanbul","status":"publish","type":"post","link":"https:\/\/www.e-anjelik.sk\/index.php\/2011\/11\/29\/predseda-rady-ekd-navstivi-istanbul\/","title":{"rendered":"Predseda Rady EKD nav\u0161t\u00edvi Istanbul"},"content":{"rendered":"<p>Predseda Rady EKD N.Schneider nav&scaron;t&iacute;vi 3. a 4. dec.t.r. Istanbul. D&ocirc;vodom je 150. v&yacute;ro\u010die otvorenia tamoj&scaron;ieho nemeck&eacute;ho ev. chr&aacute;mu sv.Kr&iacute;\u017ea. V sobotu 3. dec. sa stretne s gr&eacute;ckym ekumenick&yacute;m pravosl&aacute;vnym patriarchom Bartolomejom I. z Istanbulu. V nede\u013eu 4. dec. bude k&aacute;za\u0165 na sl&aacute;vnostn&yacute;ch slu\u017eb&aacute;ch Bo\u017e&iacute;ch. Obe udalosti maj&uacute; hlbok&yacute; zmysel aj navonok, lebo podporia a povzbudia tamoj&scaron;&iacute;ch kres\u0165anov, ktor&iacute; \u017eij&uacute; ako neplnopr&aacute;vni a utl&aacute;\u010dan&iacute; ob\u010dania Turecka.<\/p>\n<p>Evanjelick&yacute; nemeck&yacute; cirkevn&yacute; zbor v Istanbule bol zalo\u017een&yacute; r. 1843 kupcami,&nbsp; d&ocirc;stojn&iacute;kmi a remeseln&iacute;kmi z Nemecka, Rak&uacute;ska a &Scaron;va\u010diarska, ktor&iacute; prich&aacute;dzali do Istanbulu. Cirkevn&yacute; zbor mal svoju nemeck&uacute; nemocnicu, nesk&ocirc;r aj &scaron;kolu. Naposledy postavili kostol sv.Kr&iacute;\u017ea,ktor&yacute; bol posv&auml;ten&yacute; r. 1861. V b&yacute;valej &scaron;kole je dnes byt ev. far&aacute;rky.<\/p>\n<p>(<a href=\"http:\/\/www.ekd.de\">www.ekd.de<\/a>)<\/p>\n","protected":false},"excerpt":{"rendered":"<p>Predseda Rady EKD N.Schneider nav&scaron;t&iacute;vi 3. a 4. dec.t.r. Istanbul. D&ocirc;vodom je 150. v&yacute;ro\u010die otvorenia tamoj&scaron;ieho nemeck&eacute;ho ev. chr&aacute;mu sv.Kr&iacute;\u017ea. V sobotu 3. dec. sa stretne s gr&eacute;ckym ekumenick&yacute;m pravosl&aacute;vnym patriarchom Bartolomejom I. z Istanbulu. V nede\u013eu 4. dec. bude k&aacute;za\u0165 na sl&aacute;vnostn&yacute;ch slu\u017eb&aacute;ch Bo\u017e&iacute;ch. Obe udalosti maj&uacute; hlbok&yacute; zmysel aj navonok, lebo podporia a &#8230; <a title=\"Predseda Rady EKD nav\u0161t\u00edvi Istanbul\" class=\"read-more\" href=\"https:\/\/www.e-anjelik.sk\/index.php\/2011\/11\/29\/predseda-rady-ekd-navstivi-istanbul\/\" aria-label=\"Pre\u010d\u00edtajte si viac o Predseda Rady EKD nav\u0161t\u00edvi Istanbul\">\u010c\u00edta\u0165 viac<\/a><\/p>\n","protected":false},"author":22,"featured_media":0,"comment_status":"open","ping_status":"open","sticky":false,"template":"","format":"standard","meta":{"footnotes":""},"categories":[2],"tags":[],"class_list":["post-3936","post","type-post","status-publish","format-standard","hentry","category-ekumena"],"_links":{"self":[{"href":"https:\/\/www.e-anjelik.sk\/index.php\/wp-json\/wp\/v2\/posts\/3936","targetHints":{"allow":["GET"]}}],"collection":[{"href":"https:\/\/www.e-anjelik.sk\/index.php\/wp-json\/wp\/v2\/posts"}],"about":[{"href":"https:\/\/www.e-anjelik.sk\/index.php\/wp-json\/wp\/v2\/types\/post"}],"author":[{"embeddable":true,"href":"https:\/\/www.e-anjelik.sk\/index.php\/wp-json\/wp\/v2\/users\/22"}],"replies":[{"embeddable":true,"href":"https:\/\/www.e-anjelik.sk\/index.php\/wp-json\/wp\/v2\/comments?post=3936"}],"version-history":[{"count":0,"href":"https:\/\/www.e-anjelik.sk\/index.php\/wp-json\/wp\/v2\/posts\/3936\/revisions"}],"wp:attachment":[{"href":"https:\/\/www.e-anjelik.sk\/index.php\/wp-json\/wp\/v2\/media?parent=3936"}],"wp:term":[{"taxonomy":"category","embeddable":true,"href":"https:\/\/www.e-anjelik.sk\/index.php\/wp-json\/wp\/v2\/categories?post=3936"},{"taxonomy":"post_tag","embeddable":true,"href":"https:\/\/www.e-anjelik.sk\/index.php\/wp-json\/wp\/v2\/tags?post=3936"}],"curies":[{"name":"wp","href":"https:\/\/api.w.org\/{rel}","templated":true}]}}