{"id":3937,"date":"2011-11-29T15:17:35","date_gmt":"2011-11-29T15:17:35","guid":{"rendered":"http:\/\/e-anjelik.sk\/?p=3937"},"modified":"2011-11-29T15:17:35","modified_gmt":"2011-11-29T15:17:35","slug":"advent-2011-v-cz-svaty-jur-pamiatka-na-sv-apostola-ondreja","status":"publish","type":"post","link":"https:\/\/www.e-anjelik.sk\/index.php\/2011\/11\/29\/advent-2011-v-cz-svaty-jur-pamiatka-na-sv-apostola-ondreja\/","title":{"rendered":"Advent 2011 v cz Sv\u00e4t\u00fd Jur; Pamiatka na sv. apo\u0161tola Ondreja"},"content":{"rendered":"<p>Za\u010diatok adventu sme sl&aacute;vili na 1. adventn&uacute; nede\u013eu slu\u017ebami Bo\u017e&iacute;mi, zap&aacute;len&iacute;m 1. sviece na venci a posilnen&iacute;m nielen Slovom ,ale i Ve\u010derou P&aacute;novou. V t&yacute;\u017edni od 28. nov. do 4. dec. prebieha ka\u017ed&yacute; de\u0148 v chr&aacute;me o 17. hodine modlitebn&yacute; t&yacute;\u017ede\u0148. V utorok a piatok sa v tom istom \u010dase kon&aacute;vaj&uacute; adventn&eacute; ve\u010dierne. V 2. adventn&uacute; nede\u013eu bud&uacute; op&auml;tovne SB s VP. o 15. oo hodine sa konaj&uacute; ne&scaron;pory. V 3. adventn&uacute; nede\u013eu po SB bude sa kona\u0165 tradi\u010dn&yacute; adventn&yacute; baz&aacute;r.V&yacute;\u0165a\u017eok p&ocirc;jde na dobro\u010dinnos\u0165. Predsedn&iacute;ctvo cz V&aacute;s srde\u010dne na tieto podujatia poz&yacute;va.<\/p>\n<p>*******************************************************************<\/p>\n<p>Zajtra 30. novembra si kres\u0165ania pripom&iacute;naj&uacute; sv. apo&scaron;tola Ondreja &#8211; brata &Scaron;imona Petra. Srde\u010dne pri tejto pr&iacute;le\u017eitosti pozdravujeme na&scaron;ich \u010ditate\u013eov nes&uacute;cich toto meno.<\/p>\n<p>Mt 4,18-20:&quot; <em><strong>Ke\u010f Je\u017ei&scaron; i&scaron;iel popri Galilejskom mori , uvidel dvoch bratov:&Scaron;imona ,ktor&yacute; sa volal Peter , a jeho brata Ondreja, ako h&aacute;dzali siete do mora. Boli toti\u017e ryb&aacute;ri. Zavolal ich. Po\u010fte za mnou a urob&iacute;m z v&aacute;s ryb&aacute;rov \u013eud&iacute;. Obaja hne\u010f nechali siete a nasledovali ho.&quot;<\/strong><\/em><\/p>\n<p>&nbsp;<\/p>\n","protected":false},"excerpt":{"rendered":"<p>Za\u010diatok adventu sme sl&aacute;vili na 1. adventn&uacute; nede\u013eu slu\u017ebami Bo\u017e&iacute;mi, zap&aacute;len&iacute;m 1. sviece na venci a posilnen&iacute;m nielen Slovom ,ale i Ve\u010derou P&aacute;novou. V t&yacute;\u017edni od 28. nov. do 4. dec. prebieha ka\u017ed&yacute; de\u0148 v chr&aacute;me o 17. hodine modlitebn&yacute; t&yacute;\u017ede\u0148. V utorok a piatok sa v tom istom \u010dase kon&aacute;vaj&uacute; adventn&eacute; ve\u010dierne. V 2. &#8230; <a title=\"Advent 2011 v cz Sv\u00e4t\u00fd Jur; Pamiatka na sv. apo\u0161tola Ondreja\" class=\"read-more\" href=\"https:\/\/www.e-anjelik.sk\/index.php\/2011\/11\/29\/advent-2011-v-cz-svaty-jur-pamiatka-na-sv-apostola-ondreja\/\" aria-label=\"Pre\u010d\u00edtajte si viac o Advent 2011 v cz Sv\u00e4t\u00fd Jur; Pamiatka na sv. apo\u0161tola Ondreja\">\u010c\u00edta\u0165 viac<\/a><\/p>\n","protected":false},"author":22,"featured_media":0,"comment_status":"open","ping_status":"open","sticky":false,"template":"","format":"standard","meta":{"footnotes":""},"categories":[179,246],"tags":[],"class_list":["post-3937","post","type-post","status-publish","format-standard","hentry","category-advent","category-svaty-jur"],"_links":{"self":[{"href":"https:\/\/www.e-anjelik.sk\/index.php\/wp-json\/wp\/v2\/posts\/3937","targetHints":{"allow":["GET"]}}],"collection":[{"href":"https:\/\/www.e-anjelik.sk\/index.php\/wp-json\/wp\/v2\/posts"}],"about":[{"href":"https:\/\/www.e-anjelik.sk\/index.php\/wp-json\/wp\/v2\/types\/post"}],"author":[{"embeddable":true,"href":"https:\/\/www.e-anjelik.sk\/index.php\/wp-json\/wp\/v2\/users\/22"}],"replies":[{"embeddable":true,"href":"https:\/\/www.e-anjelik.sk\/index.php\/wp-json\/wp\/v2\/comments?post=3937"}],"version-history":[{"count":0,"href":"https:\/\/www.e-anjelik.sk\/index.php\/wp-json\/wp\/v2\/posts\/3937\/revisions"}],"wp:attachment":[{"href":"https:\/\/www.e-anjelik.sk\/index.php\/wp-json\/wp\/v2\/media?parent=3937"}],"wp:term":[{"taxonomy":"category","embeddable":true,"href":"https:\/\/www.e-anjelik.sk\/index.php\/wp-json\/wp\/v2\/categories?post=3937"},{"taxonomy":"post_tag","embeddable":true,"href":"https:\/\/www.e-anjelik.sk\/index.php\/wp-json\/wp\/v2\/tags?post=3937"}],"curies":[{"name":"wp","href":"https:\/\/api.w.org\/{rel}","templated":true}]}}