{"id":3938,"date":"2011-11-30T14:03:43","date_gmt":"2011-11-30T14:03:43","guid":{"rendered":"http:\/\/e-anjelik.sk\/?p=3938"},"modified":"2011-11-30T14:03:43","modified_gmt":"2011-11-30T14:03:43","slug":"stretnutie-v-budapesti-o-madarsko-finskych-vztahoch","status":"publish","type":"post","link":"https:\/\/www.e-anjelik.sk\/index.php\/2011\/11\/30\/stretnutie-v-budapesti-o-madarsko-finskych-vztahoch\/","title":{"rendered":"Stretnutie v Budape\u0161ti o ma\u010farsko-f\u00ednskych vz\u0165ahoch"},"content":{"rendered":"<p>28. nov. t.r. sa v s&iacute;dle Severn&eacute;ho di&scaron;triktu EC v MR v Budape&scaron;ti zi&scaron;lo 45 z&aacute;stupcov cirkevn&yacute;ch zborov,ktor&eacute; maj&uacute; partnersk&eacute; vz\u0165ahy s f&iacute;nskymi ev. cirkevn&yacute;mi zbormi. Stretnutie zorganizovalo a viedlo oddelenie pre zahrani\u010dn&eacute; vz\u0165ahy na \u010dele s jeho ved&uacute;cou Kl&aacute;rou Tarr. Na programe boli: inform&aacute;cia&nbsp;o najnov&scaron;&iacute;ch organiza\u010dn&yacute;ch&nbsp;zmen&aacute;ch v Evanj. lut. cirkvi F&iacute;nska&nbsp;, predstavenie r&ocirc;znych prebudeneck&yacute;ch hnut&iacute;&nbsp;a ich vplyv na duchovn&uacute; tv&aacute;r&nbsp;cirkvi. Po\u010das diskusn&eacute;ho f&oacute;ra si vymie\u0148ali n&aacute;zory a sk&uacute;senosti o r&ocirc;znych&nbsp;druhoch partnerstiev. V z&aacute;vere ved&uacute;ca zahr. oddelenia K.Tarr referovala o bud&uacute;coro\u010dnom stretnut&iacute;&nbsp; k\u0148azov&nbsp;ugrof&iacute;nskej jazykovej skupiny v meste Tartu v Est&oacute;nsku.<\/p>\n<p>(<a href=\"http:\/\/www.evangelikus.hu\">www.evangelikus.hu<\/a>)<\/p>\n","protected":false},"excerpt":{"rendered":"<p>28. nov. t.r. sa v s&iacute;dle Severn&eacute;ho di&scaron;triktu EC v MR v Budape&scaron;ti zi&scaron;lo 45 z&aacute;stupcov cirkevn&yacute;ch zborov,ktor&eacute; maj&uacute; partnersk&eacute; vz\u0165ahy s f&iacute;nskymi ev. cirkevn&yacute;mi zbormi. Stretnutie zorganizovalo a viedlo oddelenie pre zahrani\u010dn&eacute; vz\u0165ahy na \u010dele s jeho ved&uacute;cou Kl&aacute;rou Tarr. Na programe boli: inform&aacute;cia&nbsp;o najnov&scaron;&iacute;ch organiza\u010dn&yacute;ch&nbsp;zmen&aacute;ch v Evanj. lut. cirkvi F&iacute;nska&nbsp;, predstavenie r&ocirc;znych prebudeneck&yacute;ch &#8230; <a title=\"Stretnutie v Budape\u0161ti o ma\u010farsko-f\u00ednskych vz\u0165ahoch\" class=\"read-more\" href=\"https:\/\/www.e-anjelik.sk\/index.php\/2011\/11\/30\/stretnutie-v-budapesti-o-madarsko-finskych-vztahoch\/\" aria-label=\"Pre\u010d\u00edtajte si viac o Stretnutie v Budape\u0161ti o ma\u010farsko-f\u00ednskych vz\u0165ahoch\">\u010c\u00edta\u0165 viac<\/a><\/p>\n","protected":false},"author":22,"featured_media":0,"comment_status":"open","ping_status":"open","sticky":false,"template":"","format":"standard","meta":{"footnotes":""},"categories":[9,10],"tags":[],"class_list":["post-3938","post","type-post","status-publish","format-standard","hentry","category-europa","category-zo-sveta"],"_links":{"self":[{"href":"https:\/\/www.e-anjelik.sk\/index.php\/wp-json\/wp\/v2\/posts\/3938","targetHints":{"allow":["GET"]}}],"collection":[{"href":"https:\/\/www.e-anjelik.sk\/index.php\/wp-json\/wp\/v2\/posts"}],"about":[{"href":"https:\/\/www.e-anjelik.sk\/index.php\/wp-json\/wp\/v2\/types\/post"}],"author":[{"embeddable":true,"href":"https:\/\/www.e-anjelik.sk\/index.php\/wp-json\/wp\/v2\/users\/22"}],"replies":[{"embeddable":true,"href":"https:\/\/www.e-anjelik.sk\/index.php\/wp-json\/wp\/v2\/comments?post=3938"}],"version-history":[{"count":0,"href":"https:\/\/www.e-anjelik.sk\/index.php\/wp-json\/wp\/v2\/posts\/3938\/revisions"}],"wp:attachment":[{"href":"https:\/\/www.e-anjelik.sk\/index.php\/wp-json\/wp\/v2\/media?parent=3938"}],"wp:term":[{"taxonomy":"category","embeddable":true,"href":"https:\/\/www.e-anjelik.sk\/index.php\/wp-json\/wp\/v2\/categories?post=3938"},{"taxonomy":"post_tag","embeddable":true,"href":"https:\/\/www.e-anjelik.sk\/index.php\/wp-json\/wp\/v2\/tags?post=3938"}],"curies":[{"name":"wp","href":"https:\/\/api.w.org\/{rel}","templated":true}]}}