{"id":3953,"date":"2011-12-06T14:35:16","date_gmt":"2011-12-06T14:35:16","guid":{"rendered":"http:\/\/e-anjelik.sk\/?p=3953"},"modified":"2022-12-11T18:34:43","modified_gmt":"2022-12-11T17:34:43","slug":"vykupitel-sa-nezmenil","status":"publish","type":"post","link":"https:\/\/www.e-anjelik.sk\/index.php\/2011\/12\/06\/vykupitel-sa-nezmenil\/","title":{"rendered":"Vykupite\u013e sa nezmenil"},"content":{"rendered":"<p>&nbsp;<span class=\"Apple-style-span\" style=\"font-family: Helvetica; font-size: 16px; line-height: normal; \"><b>&nbsp; &nbsp; &nbsp; &nbsp; &nbsp; &nbsp; &nbsp; &nbsp; &nbsp; &nbsp; &nbsp; &nbsp; &nbsp; &nbsp; &nbsp; &nbsp; &nbsp; &nbsp; &nbsp; &nbsp; &nbsp; &nbsp; &nbsp; &nbsp; &nbsp; &nbsp; &nbsp;Vykupite\u013e sa nezmenil&#8230;<\/b><\/span><\/p>\n<p style=\"margin: 0.0px 0.0px 0.0px 0.0px; font: 16.0px Helvetica\"><span style=\"letter-spacing: 0.0px\"><b>IZ 63, 10.15. a 16:<\/b><\/span><\/p>\n<p style=\"margin: 0.0px 0.0px 0.0px 0.0px; font: 16.0px Helvetica\"><span style=\"letter-spacing: 0.0px\"><i>&nbsp;\u201d<\/i><b><i> <\/i><\/b><i>Ale oni sa prie\u010dili a zarmucovali Jeho sv\u00e4t\u00e9ho Ducha. Vtedy sa im zmenil na nepriate\u013ea. On s\u00e1m bojoval proti nim. (15) Pohladni z nebies a vi\u010f, zo svojho sv\u00e4t\u00e9ho a sl\u00e1vneho pr\u00edbytku! Kde je tvoja horlivos\u0165 a moc? Pohyb Tvojich citov a Tvoje z\u013eutovanie sa mi odopieraj\u00fa. (16) Ve\u010f Ty si Otec n\u00e1\u0161, lebo Abrah\u00e1m nevie o n\u00e1s&nbsp; a Izrael n\u00e1s nepozn\u00e1. Ty Hospodine, si Otec n\u00e1\u0161, Tvoje meno od prad\u00e1vna je Vykupite\u013e\u201d. Amen<\/i><\/span><\/p>\n<p style=\"margin: 0.0px 0.0px 0.0px 0.0px; font: 16.0px Helvetica; min-height: 19.0px\"><span style=\"letter-spacing: 0.0px\">&nbsp;&nbsp;<\/span><\/p>\n<p style=\"margin: 0.0px 0.0px 0.0px 0.0px; font: 16.0px Helvetica\"><span style=\"letter-spacing: 0.0px\">&nbsp; &nbsp; &nbsp; &nbsp;Bratia a sestry v P\u00e1novi!<\/span><\/p>\n<p style=\"margin: 0.0px 0.0px 0.0px 0.0px; font: 16.0px Helvetica\"><span style=\"letter-spacing: 0.0px\">&nbsp;&nbsp; &nbsp; <i>\u201cRosu dajte nebes\u00e1 hora a oblaky nech lej\u00fa spravodlivos\u0165!-&nbsp;&nbsp;Otvorte\u017ee sa br\u00e1ny ve\u010dnosti! Haleluja!\u201d<\/i>&#8211; To s\u00fa prosby a t\u00fa\u017eby \u013eud\u00ed ako ich pozn\u00e1me u\u017e z prostredia \u013eudu SZ a ktor\u00e9 prevzala aj NZ cirkev. Vyjadruje sa v nich t\u00fa\u017eba po pr\u00edchode Bo\u017eieho kr\u00e1\u013eovstva, spolu s Jeho Kr\u00e1\u013eom.<i> \u201cKie\u017e by si pretrhol nebes\u00e1 a zost\u00fapil\u201d (Iz 64,1) <\/i>&#8211; znie t\u00fa\u017eba \u013eudu SZ dodnes, ke\u010f\u017ee neprijal Mesi\u00e1\u0161a v osobe Je\u017ei\u0161a z Nazaretu. Cirkev Kristova o\u010dak\u00e1va v\u0161ak u\u017e druh\u00fd pr\u00edchod svojho P\u00e1na. V 1. adventn\u00fa nede\u013eu sme si pripomenuli,<b> prv\u00fd pr\u00edchod P\u00e1na Je\u017ei\u0161a v \u013eudskom tele<\/b>. Za\u010dal sa \u201cinkarn\u00e1ciou\u201d-&nbsp; vtelen\u00edm ve\u010dn\u00e9ho Bo\u017eieho Syna, skrze Ducha S\u00e4t\u00e9ho v telo panny M\u00e1rie. Prijali sme \u00falohu pozn\u00e1va\u0165 Hospodina. Pozna\u0165 Ho v\u017edy v Jeho Synovi.<\/span><\/p>\n<p style=\"margin: 0.0px 0.0px 0.0px 0.0px; font: 16.0px Helvetica; min-height: 19.0px\"><span style=\"letter-spacing: 0.0px\">&nbsp; &nbsp;<\/span><\/p>\n<p style=\"margin: 0.0px 0.0px 0.0px 0.0px; font: 16.0px Helvetica\"><span style=\"letter-spacing: 0.0px\">&nbsp; &nbsp; &nbsp;&nbsp;Dne\u0161n\u00e1 <b>druh\u00e1 adventn\u00e1 nede\u013ea<\/b> m\u00e1 pre n\u00e1s zves\u0165, ktor\u00e1 to prv\u00e9 poznanie dop\u013a\u0148a a upres\u0148uje. P\u00e1n Je\u017ei\u0161 ako Mesi\u00e1\u0161, Kristus P\u00e1n a Spasite\u013e&nbsp; <b>toti\u017e nielen pri\u0161iel, ale On aj st\u00e1le prich\u00e1dza<\/b>. Na\u0161e&nbsp; prosby, modlitby a t\u00fa\u017eby, aby pri\u0161iel a bol s nami, nesmeruj\u00fa do hlbiny a pr\u00e1zdnoty vesm\u00edru, ale pred tr\u00f3n Bo\u017e\u00ed a Kristov! Smeruj\u00fa k n\u00e1\u0161mu nebesk\u00e9mu Otcovi a Tomu, ktor\u00fd sa stal \u010dlovekom pre n\u00e1s a pre na\u0161e spasenie. On v\u0161ak bol aj pov\u00fd\u0161en\u00fd do sl\u00e1vy neba a sed\u00ed na pravici moci Bo\u017eej. Boh nie je tak nedosl\u00fdchav\u00fd, aby nepo\u010dul svoje deti a nie je tak necitliv\u00fd, aby na ich prosby neodpovedal.<\/span><\/p>\n<p style=\"margin: 0.0px 0.0px 0.0px 0.0px; font: 16.0px Helvetica\"><span style=\"letter-spacing: 0.0px\">Ak nastane niekedy probl\u00e9m v komunik\u00e1cii s Bohom, probl\u00e9m nie je na strane Bo\u017eej, ale je v\u017edy na strane \u010dloveka.&nbsp; \u201c<i>Porucha nie je v Bo\u017eom prij\u00edma\u010di\u201d, ale v na\u0161om \u201cvysiela\u010di\u201d.&nbsp;<\/i><\/span><\/p>\n<p style=\"margin: 0.0px 0.0px 0.0px 0.0px; font: 16.0px Helvetica; min-height: 19.0px\"><span style=\"letter-spacing: 0.0px\">&nbsp; &nbsp; &nbsp; &nbsp;<\/span><\/p>\n<p style=\"margin: 0.0px 0.0px 0.0px 0.0px; font: 16.0px Helvetica\"><span style=\"letter-spacing: 0.0px\">&nbsp;&nbsp; &nbsp; Nie je a\u017e tak ve\u013ea t\u00fdch, ktor\u00ed sa modlia:\u201d<i> Pr\u00ed\u010f kr\u00e1\u013eovstvo Tvoje!&nbsp; Bu\u010f v\u00f4\u013ea Tvoja&#8230;\u201d<\/i> Medzi modliacimi s\u00fa, \u017eia\u013e, nepochybne aj tak\u00ed, ktor\u00ed to s pr\u00edchodm Bo\u017eieho kr\u00e1\u013eovsta, pr\u00edchodom jeho Kr\u00e1\u013ea a Bo\u017eou v\u00f4\u013eou nemyslia v\u00e1\u017ene. D\u00f4vod je ten, \u017ee \u010dlovek chce neraz presadi\u0165 iba v\u00f4\u013eu svoju a chce by\u0165 zvrchovan\u00fdm p\u00e1nom nad v\u0161etk\u00fdm. Neraz s\u00fa modlitby, ktor\u00e9 s\u00edce znej\u00fa z \u00fast \u013eud\u00ed- pr\u00edli\u0161 form\u00e1lne, a dokonca aj ne\u00faprimn\u00e9.<\/span><\/p>\n<p style=\"margin: 0.0px 0.0px 0.0px 0.0px; font: 16.0px Helvetica\"><span style=\"letter-spacing: 0.0px\">&nbsp; &nbsp; &nbsp; P\u00e1n Je\u017ei\u0161&nbsp; zas\u013e\u00fabil svojej cirkvi trval\u00fa pr\u00edtomnos\u0165. Nie s\u00edce telesn\u00fa a vidite\u013en\u00fa, ako po\u010das svojho zemsk\u00e9ho preb\u00fdvania, ale pr\u00edtomnos\u0165 skrze Radcu, Ute\u0161ite\u013ea a Pomocn\u00edka <b>Ducha Sv\u00e4t\u00e9ho.<i> <\/i><\/b><i>\u201cAjh\u013ea, ja som s vami, po v\u0161etky dni\u201d <\/i>&#8211; povedal Je\u017ei\u0161 svojim apo\u0161tolom a spolo\u010denstvu, ktor\u00e9 tu na zemi povol\u00e1va, zhroma\u017e\u010fuje, osvecuje i posv\u00e4cuje. \u201c<i>Kde sa dvaja, alebo traja z\u00eddu v mojom mene, tam som ja medzi nimi\u201d<\/i>.&nbsp;<\/span><span style=\"letter-spacing: 0.0px\">Aj \u013eud SZ mal viacer\u00e9 s\u013euby z Bo\u017eej strany! <em>\u201cJa im budem Bohom a oni mi bud\u00fa \u013eudom\u201d<\/em>! To bolo z\u00e1kladn\u00e9 rozhodnutie Hospodinovo. Ale mnoh\u00ed Bo\u017e\u00ed proroci a medzi aj prorok Izai\u00e1\u0161 museli vyzna\u0165 tak, ako to po\u010dujeme v dne\u0161nom&nbsp; slove:&nbsp;<\/span><span style=\"letter-spacing: 0.0px\">\u201d<\/span><em><span style=\"letter-spacing: 0.0px\">Ale oni sa prie\u010dili! Oni zarmucovali Jeho sv\u00e4t\u00e9ho Ducha\u201d.&nbsp;<\/span><\/em><\/p>\n<p style=\"margin: 0.0px 0.0px 0.0px 0.0px; font: 16.0px Helvetica; min-height: 19.0px\"><span style=\"letter-spacing: 0.0px\"><i>&nbsp; &nbsp; &nbsp;<\/i><\/span><\/p>\n<p style=\"margin: 0.0px 0.0px 0.0px 0.0px; font: 16.0px Helvetica\"><span style=\"letter-spacing: 0.0px\"><i>&nbsp; &nbsp; &nbsp; <\/i>Dnes n\u00e1m prichod\u00ed vyzna\u0165 a v pok\u00e1n\u00ed si uvedomi\u0165, \u017ee nielen \u013eud SZ sa \u010dasto prie\u010dil Bo\u017eej v\u00f4li a \u017ee priam zarmucoval Jeho sv\u00e4t\u00e9ho Ducha.&nbsp;<b> Aj v cirkvi, v jej dejin\u00e1ch, ale aj dnes<\/b> vid\u00edme jasne odpor niektor\u00fdch vo\u010di Bo\u017eej v\u00f4li. Mnoh\u00ed robia \u010dasto prav\u00fd opak toho, \u010do by mali. Akoby chceli uk\u00e1za\u0165: tak\u00fato ja m\u00e1m slobodu a ja si v\u017edy budem robi\u0165 \u010do ja chcem. Cirkev m\u00e1 vo svojich spevn\u00edkoch, modlitebn\u00fdch knih\u00e1ch a cirkevn\u00fdch agend\u00e1ch s\u00edce pekn\u00e9 n\u00e1vody na prav\u00e9 modlitby a piesne, v\u010faky i prosby k P\u00e1novi. Siahame aj po dedi\u010dstve modlitieb so \u017dalmov, alebo po t\u00fdch t\u00fdch slov\u00e1ch, ktor\u00e9 sme na \u00favod vypo\u010duli, ako zneli z \u00fast sv\u00e4t\u00fdch Bo\u017e\u00edch v Izraeli: \u201d<i>Pohliadni z nebies a vi\u010f!\u201d<\/i>&nbsp; Len\u017ee P\u00e1na Boha nemo\u017eno podv\u00e1dza\u0165, alebo oklama\u0165. On v\u017edy jasne po\u010duje, vid\u00ed, a s\u00fadi!<\/span><\/p>\n<p style=\"margin: 0.0px 0.0px 0.0px 0.0px; font: 16.0px Helvetica; min-height: 19.0px\"><span style=\"letter-spacing: 0.0px\">&nbsp; &nbsp; &nbsp;<\/span><\/p>\n<p style=\"margin: 0.0px 0.0px 0.0px 0.0px; font: 16.0px Helvetica\"><span style=\"letter-spacing: 0.0px\">&nbsp;&nbsp; &nbsp; Izai\u00e1\u0161 povedal d\u00f4le\u017eit\u00e9 posolstvo svojim s\u00fa\u010dasn\u00edkom, ktor\u00e9 je v\u0161ak trvale platn\u00e9. Ak je zbo\u017enos\u0165 povrchn\u00e1 a form\u00e1lna, je \u201c<i>zarmucovan\u00edm ducha Bo\u017eieho<\/i>\u201d. P\u00e1n Je\u017ei\u0161 odk\u00e1zal cirkevn\u00e9mu zboru v Laodikei:<\/span><em><span style=\"letter-spacing: 0.0px\"> \u201cZn\u00e1m tvoje skutky, \u017ee nie si ani studen\u00fd, ani hor\u00faci-Takto, \u017ee si vla\u017en\u00fd, ani hor\u00faci, ani studen\u00fd, vyp\u013eujem \u0165a z \u00fast\u201d. (Zj 3,15-16)&nbsp;<\/span><\/em><\/p>\n<p style=\"margin: 0.0px 0.0px 0.0px 0.0px; font: 16.0px Helvetica\"><span style=\"letter-spacing: 0.0px\">Izai\u00e1\u0161 to ozn\u00e1mil takto:<i> \u201cVtedy sa im zmenil na nepriate\u013ea. On s\u00e1m bojoval proti nim\u201d. T<\/i>o sa stalo \u013eudu SZ. Ale to sa stalo aj NZ \u013eudu.To sa deje aj dnes! Je\u017ei\u0161 Kristus, ako P\u00e1n, ktor\u00e9mu Otec v\u0161etko zveril, prich\u00e1dza ako sudca, aby s\u00fadil a ods\u00fadil nielen ka\u017ed\u00fa nespravodlivos\u0165 a podlos\u0165, ale aj povrchn\u00fa, pozl\u00e1tkov\u00fa zbo\u017enos\u0165. Ten, ktor\u00fd s\u013e\u00fabil bojova\u0165 za n\u00e1s &#8211; m\u00f4\u017ee by\u0165 aj proti n\u00e1m! Vzdiali od n\u00e1s svoje po\u017eehnanie.<\/span><\/p>\n<p style=\"margin: 0.0px 0.0px 0.0px 0.0px; font: 16.0px Helvetica; min-height: 19.0px\"><span style=\"letter-spacing: 0.0px\">&nbsp; &nbsp; &nbsp; &nbsp;<\/span><\/p>\n<p style=\"margin: 0.0px 0.0px 0.0px 0.0px; font: 16.0px Helvetica\"><span style=\"letter-spacing: 0.0px\">&nbsp;&nbsp; &nbsp; \u013dudstvo sa dnes chv\u00e1li vedou a technikou, a ona sa obracia proti n\u00e1m. M\u00e1me ve\u013ea vec\u00ed a vysok\u00fa \u017eivotn\u00fa \u00farove\u0148, ale m\u00e1lo l\u00e1sky. Ve\u013ea sudcov, pr\u00e1vnikov a prokur\u00e1torov, ale m\u00e1lo spravodlivosti. Ve\u013ea lek\u00e1rov, ale chor\u00e9 zdravotn\u00edctvo. Ve\u013ea celebr\u00edt, ale m\u00e1lo osobnost\u00ed.&nbsp; Ve\u013ea \u0161k\u00f4l, ale m\u00e1lo m\u00fadrosti, mravnosti a \u013eudskosti. Ve\u013ea sexu\u00e1lne akt\u00edvnych mu\u017eov a \u017eien, ale rodiny a n\u00e1rod vymiera. Ve\u013ea hudby a piesn\u00ed, ale m\u00e1lo radosti. Ve\u013ea slobody, ale m\u00e1lo zodpovednsoti.<\/span><\/p>\n<p style=\"margin: 0.0px 0.0px 0.0px 0.0px; font: 16.0px Helvetica; min-height: 19.0px\"><span style=\"letter-spacing: 0.0px\">&nbsp; &nbsp; &nbsp;<\/span><\/p>\n<p style=\"margin: 0.0px 0.0px 0.0px 0.0px; font: 16.0px Helvetica\"><span style=\"letter-spacing: 0.0px\">&nbsp;&nbsp; Mo\u017eno si teraz niekto povie: to nie ja! To nie my! To t\u00ed druh\u00ed zarmucuj\u00fa Ducha Bo\u017eieho! Mo\u017eno je to tak. <b>Ale smutn\u00e9 je aj to, \u017ee my kres\u0165ania \u010dasto ml\u010d\u00edme. <\/b>\u017de in\u00fdm \u201c<i>nesved\u010d\u00edme o t\u00fdch veciach\u201d,<\/i> o ktor\u00fdch treba! Nerobil tak boh\u00e1\u010d, ktor\u00fd nechal chud\u00e1ka Lazara le\u017ea\u0165 predo dvermi hladn\u00e9ho a vredovit\u00e9ho, len \u010do&nbsp; \u201c<i>psy prich\u00e1dzali a l\u00edzali mu vredy \u201d.<\/i>&nbsp; Dobr\u00e9 veci nerobili ani jeho bratia. A\u017e v muk\u00e1ch podsvetia, vo ve\u010dnom plameni pekla , pripravenom diablovi a jeho anjelom precitol! <i>Po\u0161li, otec Abrah\u00e1m, Lazara, \u201cnech im sved\u010d\u00ed o t\u00fdch veciach, aby nepri\u0161li aj on na miesto m\u00fak\u201d! ( Lk 16,28) &#8211;<\/i> Odpove\u010f Bo\u017eia bola a je rovnak\u00e1: <i>\u201cMaj\u00fa Moj\u017ei\u0161a a prorokov, nech ich posl\u00fachaj\u00fa\u201d (v.29)!&nbsp; <\/i>My m\u00e1me nad to v\u0161etko Kristov pr\u00edklad a Jeho slov\u00e1: <i>\u201cJa som dobr\u00fd pastier. Zn\u00e1m svoje&nbsp; a m\u0148a znaj\u00fa moje..\u201d (J 10,15). &nbsp;<\/i><\/span><\/p>\n<p style=\"margin: 0.0px 0.0px 0.0px 0.0px; font: 16.0px Helvetica\"><span style=\"letter-spacing: 0.0px\"><i>&nbsp;&nbsp; &nbsp; <\/i>Advent m\u00e1 aj tak\u00fdto rozmer. Ovce po\u010duj\u00fa a poznaj\u00fa hlas svojho Pastiera nasleduj\u00fa Ho. Je\u017ei\u0161 Kristus nielen pri\u0161iel, ale aj <b>prich\u00e1dza!<\/b>Prich\u00e1dza aj cez oslovenie skrze Moj\u017ei\u0161a a jeho Z\u00e1kon. Cez mnoh\u00e9 mocn\u00e9 \u010diny v prospech z\u00e1chrany utl\u00e1\u010dan\u00fdch v Egypte. Cez toho Moj\u017ei\u0161a, ktor\u00e9ho povolal k slu\u017ebe z horiaceho kra slovami: <i>\u201cSom, ktor\u00fd som\u201d <\/i>a s ktor\u00fdm potom kr\u00e1\u010dal cez p\u00fa\u0161\u0165 do zas\u013e\u00fabenej zeme a v\u017edy nanovo dokazuje, \u017ee <i>\u201cjeho meno je odprad\u00e1vna Vykupite\u013e!&nbsp;<\/i><\/span><\/p>\n<p style=\"margin: 0.0px 0.0px 0.0px 0.0px; font: 16.0px Helvetica\"><span style=\"letter-spacing: 0.0px\">Prich\u00e1dza a <b>hovor\u00ed aj skrze prorokov SZ.&nbsp;<\/b><\/span><\/p>\n<p style=\"margin: 0.0px 0.0px 0.0px 0.0px; font: 16.0px Helvetica\"><span style=\"letter-spacing: 0.0px\"><b>&nbsp;&nbsp; &nbsp; <\/b>Av\u0161ak stalo sa to, \u010do Izai\u00e1\u0161 musel smutne vyjadri\u0165 takto:&nbsp;<\/span><\/p>\n<p style=\"margin: 0.0px 0.0px 0.0px 0.0px; font: 16.0px Helvetica\"><span style=\"letter-spacing: 0.0px\">\u201c<i>V\u00f4l pozn\u00e1 svojho gazdu i&nbsp; osol pozn\u00e1 jasle svojho p\u00e1na, Izrael nepozn\u00e1, m\u00f4j \u013eud nechce ch\u00e1pa\u0165!! (Iz 1,3) <\/i>Je\u017ei\u0161 hovoril a st\u00e1le hovor\u00ed aj \u00fastami NZ Eli\u00e1\u0161a &#8211; toti\u017e J\u00e1na Krstite\u013ea: \u201c<b>Pok\u00e1nie \u010di\u0148te\u201d!<\/b> Slovami apo\u0161tolov a evanjelistov, svojich svedkov a cez svoju cirkev. Ale aj cez v\u0161etk\u00fdch n\u00fadznych a slab\u00fdch, s ktor\u00fdmi sa On stoto\u017e\u0148uje a solidarizje. Hladn\u00fd som bol a dali ste mi jes\u0165!&#8230;<\/span><\/p>\n<p style=\"margin: 0.0px 0.0px 0.0px 0.0px; font: 16.0px Helvetica; min-height: 19.0px\"><span style=\"letter-spacing: 0.0px\">&nbsp;&nbsp; &nbsp;<\/span><\/p>\n<p style=\"margin: 0.0px 0.0px 0.0px 0.0px; font: 16.0px Helvetica\"><span style=\"letter-spacing: 0.0px\">&nbsp; &nbsp; Z&nbsp; prostredia cirkvi po\u010du\u0165 neraz podobn\u00e9 hlasy, ako zneli u\u017e v SZ Izraeli:-<i>\u201d Pohliadni z nebies a vi\u010f! &#8211; Kde je Tvoja horlivos\u0165 a moc? Pohyb tvojich citov a Tvoje z\u013eutovanie sa mi odopieraj\u00fa!<\/i>\u201d(v.15)<\/span><\/p>\n<p style=\"margin: 0.0px 0.0px 0.0px 0.0px; font: 16.0px Helvetica\"><span style=\"letter-spacing: 0.0px\"><b>Namiesto pok\u00e1nia<\/b> a zamyslenia sa nad vlastnou horlivos\u0165ou, nad h\u013abku na\u0161ich citov a na\u0161ou vernos\u0165ou &#8211; prich\u00e1dza pr\u00edli\u0161 \u010dasto obvi\u0148ovaie P\u00e1na Boha, P\u00e1na Je\u017ei\u0161a Krista a cel\u00e9ho spolo\u010denstva cirkvi. Apelujeme na Bo\u017eie city, Bo\u017eiu vernos\u0165 &#8211;&nbsp; sami bez citu a s ochladnutou l\u00e1skou.<\/span><\/p>\n<p style=\"margin: 0.0px 0.0px 0.0px 0.0px; font: 16.0px Helvetica; min-height: 19.0px\"><span style=\"letter-spacing: 0.0px\">&nbsp;&nbsp;<\/span><\/p>\n<p style=\"margin: 0.0px 0.0px 0.0px 0.0px; font: 16.0px Helvetica\"><span style=\"letter-spacing: 0.0px\">&nbsp; &nbsp; &nbsp; V tejto situ\u00e1cii je schodn\u00e1 iba jedna cesta. Potreba zmeny myslenia na na\u0161ej strane. Uvedomenie si hriechov, v\u00edn, o\u013eutovanie a snaha o n\u00e1pravu z Bo\u017eou pomocou. Tam, kde t\u00fa\u017eime, aby sa toto za\u010dalo dia\u0165, P\u00e1n Je\u017ei\u0161 prich\u00e1dza u\u017e dnes a teraz. Prich\u00e1dza so svoj\u00edm odpusten\u00edm, s pomocou a milos\u0165ou. Jeho meno odprad\u00e1vna je a zost\u00e1va: <em>Vykupite\u013e! <\/em><b>Je to pr\u00edchod v slove rozhre\u0161enia, i v daroch Jeho Sv\u00e4tej Ve\u010dere<\/b>. Tu v\u0161ade znie a plat\u00ed: <i>Ja som s vami, po v\u0161etky dni, a\u017e do konca sveta! &nbsp;<\/i><\/span><\/p>\n<p style=\"margin: 0.0px 0.0px 0.0px 0.0px; font: 16.0px Helvetica; min-height: 19.0px\"><span style=\"letter-spacing: 0.0px\">&nbsp; &nbsp; <b>&nbsp;<\/b><\/span><\/p>\n<p style=\"margin: 0.0px 0.0px 0.0px 0.0px; font: 16.0px Helvetica\"><span style=\"letter-spacing: 0.0px\"><b>&nbsp; &nbsp; Dnes sme op\u00e4\u0165 vyzvan\u00ed k pok\u00e1niu a k spovedi!<\/b> K pokore i d\u00f4vere, \u017ee Ten, ktor\u00e9ho meno je odprad\u00e1vna: <b>N\u00e1\u0161 Vykupite\u013e <\/b>&#8211;<b> sa nezmenil! <\/b>Je zachra\u0148uj\u00faci, pln\u00fd milosti a odpustenia. Je Darca pokoja, povzbudenia vo viere a tak posilnenia na ceste k Jeho druh\u00e9mu pr\u00edchodu v sl\u00e1ve! Amen.<\/span><\/p>\n<p style=\"margin: 0.0px 0.0px 0.0px 0.0px; font: 16.0px Helvetica; min-height: 19.0px\">&nbsp;<\/p>\n<p style=\"margin: 0.0px 0.0px 0.0px 0.0px; font: 12.0px Helvetica\"><span style=\"font: 16.0px Helvetica; letter-spacing: 0.0px\">&nbsp; &nbsp; &nbsp; &nbsp; &nbsp; &nbsp; &nbsp; &nbsp; &nbsp; &nbsp; &nbsp; &nbsp; &nbsp; &nbsp; &nbsp; &nbsp; &nbsp; &nbsp; &nbsp; &nbsp; &nbsp;<\/span><span style=\"letter-spacing: 0.0px\">2.N.adv.- SLB s VP- 4.12.2011- Rovensko a Soboti\u0161te- \u013d. Batka st.<\/span><\/p>\n<p style=\"margin: 0.0px 0.0px 0.0px 0.0px; font: 16.0px Helvetica; min-height: 19.0px\"><span style=\"letter-spacing: 0.0px\">&nbsp; &nbsp;&nbsp;<\/span><\/p>\n","protected":false},"excerpt":{"rendered":"<p>&nbsp;&nbsp; &nbsp; &nbsp; &nbsp; &nbsp; &nbsp; &nbsp; &nbsp; &nbsp; &nbsp; &nbsp; &nbsp; &nbsp; &nbsp; &nbsp; &nbsp; &nbsp; &nbsp; &nbsp; &nbsp; &nbsp; &nbsp; &nbsp; &nbsp; &nbsp; &nbsp; &nbsp;Vykupite\u013e sa nezmenil&#8230; IZ 63, 10.15. a 16: &nbsp;\u201d Ale oni sa prie\u010dili a zarmucovali Jeho sv\u00e4t\u00e9ho Ducha. Vtedy sa im zmenil na nepriate\u013ea. On s\u00e1m bojoval proti nim. &#8230; <a title=\"Vykupite\u013e sa nezmenil\" class=\"read-more\" href=\"https:\/\/www.e-anjelik.sk\/index.php\/2011\/12\/06\/vykupitel-sa-nezmenil\/\" aria-label=\"Pre\u010d\u00edtajte si viac o Vykupite\u013e sa nezmenil\">\u010c\u00edta\u0165 viac<\/a><\/p>\n","protected":false},"author":4,"featured_media":0,"comment_status":"open","ping_status":"open","sticky":false,"template":"","format":"standard","meta":{"footnotes":""},"categories":[599,179,121,95],"tags":[],"class_list":["post-3953","post","type-post","status-publish","format-standard","hentry","category-2-adventna-nedela","category-advent","category-kazne","category-sobotiste"],"_links":{"self":[{"href":"https:\/\/www.e-anjelik.sk\/index.php\/wp-json\/wp\/v2\/posts\/3953","targetHints":{"allow":["GET"]}}],"collection":[{"href":"https:\/\/www.e-anjelik.sk\/index.php\/wp-json\/wp\/v2\/posts"}],"about":[{"href":"https:\/\/www.e-anjelik.sk\/index.php\/wp-json\/wp\/v2\/types\/post"}],"author":[{"embeddable":true,"href":"https:\/\/www.e-anjelik.sk\/index.php\/wp-json\/wp\/v2\/users\/4"}],"replies":[{"embeddable":true,"href":"https:\/\/www.e-anjelik.sk\/index.php\/wp-json\/wp\/v2\/comments?post=3953"}],"version-history":[{"count":1,"href":"https:\/\/www.e-anjelik.sk\/index.php\/wp-json\/wp\/v2\/posts\/3953\/revisions"}],"predecessor-version":[{"id":35846,"href":"https:\/\/www.e-anjelik.sk\/index.php\/wp-json\/wp\/v2\/posts\/3953\/revisions\/35846"}],"wp:attachment":[{"href":"https:\/\/www.e-anjelik.sk\/index.php\/wp-json\/wp\/v2\/media?parent=3953"}],"wp:term":[{"taxonomy":"category","embeddable":true,"href":"https:\/\/www.e-anjelik.sk\/index.php\/wp-json\/wp\/v2\/categories?post=3953"},{"taxonomy":"post_tag","embeddable":true,"href":"https:\/\/www.e-anjelik.sk\/index.php\/wp-json\/wp\/v2\/tags?post=3953"}],"curies":[{"name":"wp","href":"https:\/\/api.w.org\/{rel}","templated":true}]}}