{"id":3954,"date":"2011-12-06T19:27:19","date_gmt":"2011-12-06T19:27:19","guid":{"rendered":"http:\/\/e-anjelik.sk\/?p=3954"},"modified":"2011-12-06T19:27:19","modified_gmt":"2011-12-06T19:27:19","slug":"criepky-z-historickeho-kalendara-1","status":"publish","type":"post","link":"https:\/\/www.e-anjelik.sk\/index.php\/2011\/12\/06\/criepky-z-historickeho-kalendara-1\/","title":{"rendered":"\u010criepky z historick\u00e9ho kalend\u00e1ra 1"},"content":{"rendered":"<p>&nbsp; &nbsp; &nbsp; &nbsp; Pomaly sa bude kon\u010di\u0165 rok P&aacute;nov <strong>2011.<\/strong> Pripomenul n&aacute;m aj nieko\u013eko &nbsp;zauj&iacute;mav&yacute;ch v&yacute;ro\u010d&iacute;, ktor&eacute; pripadaj&uacute; na roky s \u010d&iacute;slicou 11 na konci \/resp. jednotkou\/. Niektor&eacute; z nich si pripome\u0148me.<\/p>\n<p><strong>Rok<\/strong> <strong><em>311 <\/em><\/strong>&#8211; &nbsp;R&iacute;msky cis&aacute;r GALERIUS pred svojou smr\u0165ou <strong>zastavil prenasledovanie kres\u0165anov vydan&iacute;m ediktu<\/strong><\/p>\n<p>&nbsp; &nbsp; &nbsp; &nbsp; &nbsp; &nbsp; &nbsp; &nbsp; &nbsp; &nbsp;v jednej \u010dasti r&iacute;mskej r&iacute;&scaron;e. Bol n&aacute;stupca Diokleciana, a zomrel v tom istom roku 311 \/<\/p>\n<p>&nbsp; &nbsp; &nbsp; &nbsp; &nbsp; &nbsp; &nbsp; &nbsp; &nbsp; &nbsp; Kon&scaron;tant&iacute;n potom v r.313 vydal Mil&aacute;nsky edikt\/.<\/p>\n<p>&nbsp;<\/p>\n<p>&nbsp; &nbsp; &nbsp; &nbsp; &nbsp; &nbsp; &nbsp; &nbsp; &nbsp;V tom istom roku<strong> 311<\/strong> zomrel mu\u010den&iacute;ckou smr\u0165ou<strong> sv.Metod Olympsk&yacute;, biskup v L&yacute;xii. <\/strong><\/p>\n<p><strong>&nbsp; &nbsp; &nbsp; &nbsp; &nbsp; &nbsp; &nbsp; &nbsp; &nbsp;Bol &uacute;spe&scaron;n&yacute;m odporcom origenizmu. Nap&iacute;sal spis o panenstve &#8211;<\/strong><\/p>\n<p><strong>&nbsp; &nbsp; &nbsp; &nbsp; &nbsp; &nbsp; &nbsp; &nbsp; &nbsp;&quot;Symposium decem virginum&quot;. <\/strong>Zostavil ho vo forme rozpravy<strong> pod\u013ea <\/strong><\/p>\n<p><strong>&nbsp; &nbsp; &nbsp; &nbsp; &nbsp; &nbsp; &nbsp; &nbsp; &nbsp; &nbsp;rovnomenn&eacute;h<\/strong>o <strong>spisu Plat&oacute;novho.<\/strong><\/p>\n<p>&nbsp; &nbsp; &nbsp; &nbsp; &nbsp; &nbsp; &nbsp; &nbsp; &nbsp;Desa\u0165 panien sa rozpr&aacute;va o vzne&scaron;enosti panenstva.<\/p>\n<p><strong>V r. 381 &#8211; II.v&scaron;eobecn&yacute; snem v Carihrade<\/strong><\/p>\n<p>V<strong> r. 411<\/strong> &#8211; <strong>verejnou di&scaron;putou v Kart&aacute;gu<\/strong>&nbsp;<strong>vyvrcholil &nbsp;&uacute;porn&yacute; boj medzi &nbsp;pravovernou cirkvou a donatistami .&nbsp;<\/strong>&nbsp; &nbsp; &nbsp; &nbsp; &nbsp; &nbsp; &nbsp; &nbsp; &nbsp; &nbsp; &nbsp; &nbsp; &nbsp; &nbsp;Pr&iacute;tomn&yacute;ch bolo &nbsp;286 katol&iacute;ckych biskupov a 179 donatistick&yacute;ch biskupov.<\/p>\n<p><strong>&nbsp; &nbsp; &nbsp; &nbsp; &nbsp; &nbsp; &nbsp; &nbsp; &nbsp;Sv.August&iacute;n<\/strong> bojoval a\u017e&nbsp;do smrti proti Pelagiovi a <strong>pelagionizmu a<\/strong> vysl&uacute;\u017eil si \u010destn&yacute; titul &quot; Doctor gratie&quot;.<\/p>\n<p><strong>V r. 431- koncil v Efeze ods&uacute;dil Nest&oacute;ria<\/strong><\/p>\n<p><strong>V r. 451 &#8211; koncil v Chalcedone ods&uacute;dil blud archimandritu Eutycha<\/strong><\/p>\n<p><strong>V r.r.461<\/strong> &#8211; zomrel p&aacute;pe\u017e Lev I.Ve\u013ek&yacute;, bojoval prti manichejcom a pelagi&aacute;nom<\/p>\n<p><strong>V r. 631 &nbsp;<\/strong>&#8211; fransk&yacute; kr&aacute;\u013e <strong>Dagobert napadol Samovu r&iacute;&scaron;u<\/strong> a vyplienil \u010das\u0165 jej &uacute;zemia. V rozhoduj&uacute;cej bitke<\/p>\n<p>&nbsp; &nbsp; &nbsp; &nbsp; &nbsp; &nbsp; &nbsp; &nbsp; &nbsp; pri hrade&nbsp;<strong>VOGASTIBURG&nbsp;<\/strong>( nevie sa , kde le\u017eal) &nbsp;zv&iacute;\u0165azil v&scaron;ak &nbsp;Samo a ubr&aacute;nil nez&aacute;vislos\u0165.<\/p>\n<p>&nbsp; &nbsp; &nbsp; &nbsp; &nbsp; &nbsp; &nbsp; &nbsp; &nbsp;To vyu\u017eil<strong> vl&aacute;dca Lu\u017eick&yacute;ch Srbov<\/strong><strong> DERVAN<\/strong>, povstal proti Frankom a pripojl svoje &uacute;zemie k Samovej r&iacute;&scaron;i.<\/p>\n<p><strong>V r. 791<\/strong> &nbsp;&#8211; fransk&yacute; kr&aacute;\u013e <strong>Karol Ve\u013ek&yacute;<\/strong> s ve\u013ek&yacute;m vojskom Frankov, Fr&iacute;zov,Sasov, Dur&iacute;n\u010danov, Sovanov a Bavorov<\/p>\n<p><strong>&nbsp; &nbsp; &nbsp; &nbsp; &nbsp; &nbsp; &nbsp; &nbsp; &nbsp; vpadol do Pan&oacute;nie, ktor&aacute; bola v moci Avarov, zni\u010dil avarsk&eacute; opebnenia a vyplienil<\/strong><\/p>\n<p><strong>&nbsp; &nbsp; &nbsp; &nbsp; &nbsp; &nbsp; &nbsp; &nbsp; &nbsp;ich hring- (vallum).<\/strong><\/p>\n<p><strong>V r. 811<\/strong> &#8211; cis&aacute;r <strong>Karol Ve\u013ek&yacute; <\/strong>ustanovil hranicu medzi <strong>salzbursk&yacute;m a<\/strong>rcibiskupstvom a <strong>aquileisk&yacute;m patriarch&aacute;tom<\/strong>.<\/p>\n<p>&nbsp; &nbsp; &nbsp; &nbsp; &nbsp; &nbsp; &nbsp; &nbsp; &nbsp;Tvoril ju &nbsp;tok rieky Dr&aacute;vy. Vyslal tie\u017e vosjko do Pan&oacute;nie aby urovnalo <strong>spory medzi Hunmi a Slovanmi<\/strong>.<\/p>\n<p>&nbsp; &nbsp; &nbsp; &nbsp; &nbsp; &nbsp; &nbsp; &nbsp; &nbsp;\/pod\u013ea &nbsp;lat.prame\u0148a- kroniky : Annales regni Francorum\/<\/p>\n<p>&nbsp; &nbsp; &nbsp; &nbsp; &nbsp; &nbsp; &nbsp; &nbsp; &nbsp; &nbsp;V polovici septembra ku Karolovi V. do Aachenu pri&scaron;iel <strong>avark&yacute; kagan IZAUI<\/strong>K spolu s tudunom<\/p>\n<p>&nbsp; &nbsp; &nbsp; &nbsp; &nbsp; &nbsp; &nbsp; &nbsp; &nbsp;a in&yacute;mi ve\u013emo\u017emi <strong>&nbsp;a vojvodami Slovanov<\/strong>, ktor&iacute; b&yacute;vali okolo Dunaja. nazna\u010duje to spolupr&aacute;cu<\/p>\n<p>&nbsp; &nbsp; &nbsp; &nbsp; &nbsp; &nbsp; &nbsp; &nbsp; &nbsp; medzi Slovanmi a Avarmi.<\/p>\n<p>&nbsp; &nbsp; &nbsp; &nbsp; &nbsp; &nbsp; &nbsp; &nbsp; &nbsp;&#8211; <strong>Narodil sa Mojm&iacute;r I.<\/strong><\/p>\n<p><strong>V r. 831<\/strong> &#8211; pasovsk&yacute; biskup <strong>REGINHAR pokrstil &quot;v&scaron;etk&yacute;ch Moravanov&quot;<\/strong>, nadv&auml;tuj&uacute;c na pr&aacute;cu ADALRAMA.<\/p>\n<p><strong>V r .861<\/strong> &#8211; zomrel \/pravdepodobne\/ v bojoch Karolmana s Rastislavom proti \u013dudov&iacute;tovi Nemcovi.<\/p>\n<p>&nbsp; &nbsp; &nbsp; &nbsp; &nbsp; &nbsp; &nbsp; &nbsp; &nbsp;Knie\u017eatstvo zdedil syn Koce\u013e<\/p>\n<p><strong>V r. 871 <\/strong>&#8211; sa na \u010delo mojm&iacute;rovskej dynastie proti nemeckej presile <strong>postavil SLAVOM&Iacute;R,<\/strong><\/p>\n<p><strong>&nbsp; &nbsp; &nbsp; &nbsp; &nbsp; &nbsp; &nbsp; &nbsp;&quot; napriek tomu, \u017ee bol &nbsp;k\u0148azom&quot;. <\/strong>Bol pravdepodobne Metodov \u017eiak.&nbsp;<\/p>\n<p>Pokra\u010dovanie&#8230;.<\/p>\n","protected":false},"excerpt":{"rendered":"<p>&nbsp; &nbsp; &nbsp; &nbsp; Pomaly sa bude kon\u010di\u0165 rok P&aacute;nov 2011. Pripomenul n&aacute;m aj nieko\u013eko &nbsp;zauj&iacute;mav&yacute;ch v&yacute;ro\u010d&iacute;, ktor&eacute; pripadaj&uacute; na roky s \u010d&iacute;slicou 11 na konci \/resp. jednotkou\/. Niektor&eacute; z nich si pripome\u0148me. Rok 311 &#8211; &nbsp;R&iacute;msky cis&aacute;r GALERIUS pred svojou smr\u0165ou zastavil prenasledovanie kres\u0165anov vydan&iacute;m ediktu &nbsp; &nbsp; &nbsp; &nbsp; &nbsp; &nbsp; &nbsp; &nbsp; &#8230; <a title=\"\u010criepky z historick\u00e9ho kalend\u00e1ra 1\" class=\"read-more\" href=\"https:\/\/www.e-anjelik.sk\/index.php\/2011\/12\/06\/criepky-z-historickeho-kalendara-1\/\" aria-label=\"Pre\u010d\u00edtajte si viac o \u010criepky z historick\u00e9ho kalend\u00e1ra 1\">\u010c\u00edta\u0165 viac<\/a><\/p>\n","protected":false},"author":4,"featured_media":0,"comment_status":"open","ping_status":"open","sticky":false,"template":"","format":"standard","meta":{"footnotes":""},"categories":[40],"tags":[],"class_list":["post-3954","post","type-post","status-publish","format-standard","hentry","category-historia"],"_links":{"self":[{"href":"https:\/\/www.e-anjelik.sk\/index.php\/wp-json\/wp\/v2\/posts\/3954","targetHints":{"allow":["GET"]}}],"collection":[{"href":"https:\/\/www.e-anjelik.sk\/index.php\/wp-json\/wp\/v2\/posts"}],"about":[{"href":"https:\/\/www.e-anjelik.sk\/index.php\/wp-json\/wp\/v2\/types\/post"}],"author":[{"embeddable":true,"href":"https:\/\/www.e-anjelik.sk\/index.php\/wp-json\/wp\/v2\/users\/4"}],"replies":[{"embeddable":true,"href":"https:\/\/www.e-anjelik.sk\/index.php\/wp-json\/wp\/v2\/comments?post=3954"}],"version-history":[{"count":0,"href":"https:\/\/www.e-anjelik.sk\/index.php\/wp-json\/wp\/v2\/posts\/3954\/revisions"}],"wp:attachment":[{"href":"https:\/\/www.e-anjelik.sk\/index.php\/wp-json\/wp\/v2\/media?parent=3954"}],"wp:term":[{"taxonomy":"category","embeddable":true,"href":"https:\/\/www.e-anjelik.sk\/index.php\/wp-json\/wp\/v2\/categories?post=3954"},{"taxonomy":"post_tag","embeddable":true,"href":"https:\/\/www.e-anjelik.sk\/index.php\/wp-json\/wp\/v2\/tags?post=3954"}],"curies":[{"name":"wp","href":"https:\/\/api.w.org\/{rel}","templated":true}]}}