{"id":39559,"date":"2026-09-05T15:51:59","date_gmt":"2026-09-05T13:51:59","guid":{"rendered":"https:\/\/www.e-anjelik.sk\/?p=39559"},"modified":"2026-09-05T19:30:48","modified_gmt":"2026-09-05T17:30:48","slug":"zaciatok-noveho-skolskeho-roku","status":"publish","type":"post","link":"https:\/\/www.e-anjelik.sk\/index.php\/2026\/09\/05\/zaciatok-noveho-skolskeho-roku\/","title":{"rendered":"Za\u010diatok nov\u00e9ho \u0161kolsk\u00e9ho roku"},"content":{"rendered":"\n<p class=\"wp-block-paragraph\"><strong>&nbsp; &nbsp; &nbsp; &nbsp; &nbsp; &nbsp; &nbsp; &nbsp; &nbsp; &nbsp; Za\u010diatok nov\u00e9ho \u0161kolsk\u00e9ho roku<\/strong><\/p>\n\n\n\n<p class=\"wp-block-paragraph\"><em>\u00davodn\u00e1 modlitba:<\/em><\/p>\n\n\n\n<p class=\"wp-block-paragraph\"><em>\u00a0 V\u0161emoh\u00faci a l\u00e1skav\u00fd Bo\u017ee, Ty si Stvorite\u013e a P\u00e1n nad v\u0161etk\u00fdm<\/em> <em>stvorenstvom. Ty si i na\u0161\u00edm P\u00e1nom a zveril si n\u00e1m mnoho vec\u00ed, mnoh\u00fdmi \u00falohami si n\u00e1s poveril. Vyu\u010d n\u00e1s, Hospodine, svoj\u00edm cest\u00e1m a ve\u010f n\u00e1s rovn\u00fdm chodn\u00edkom. Pros\u00edme dnes o otvorenie na\u0161ich o\u010d\u00ed, u\u0161\u00ed i s\u0155dc, aby sme porozumeli a prijali Tvoje slovo a Tvoju sv\u00e4t\u00fa v\u00f4\u013eu.\u00a0<\/em><\/p>\n\n\n\n<p class=\"wp-block-paragraph\"><em>&nbsp; Daj, aby n\u00e1s uchv\u00e1tila Tvoja moc i Tvoja l\u00e1ska a aby sme boli schopn\u00ed odpoveda\u0165 na Tvojou l\u00e1sku l\u00e1skou a na Tvoju moc oslavou Tvojej veleby. Daj, aby sa to v\u0161etko stalo programom cel\u00e9ho n\u00e1\u0161ho \u017eivota a tak i cie\u013eom v obdob\u00ed nov\u00e9ho \u0161kolsk\u00e9ho roku. Amen<\/em><\/p>\n\n\n\n<p class=\"wp-block-paragraph\"><strong>\u017d 8, 2 &#8211; 10:<\/strong><\/p>\n\n\n\n<p class=\"wp-block-paragraph\"><strong>&nbsp;<\/strong><em>&nbsp; \u201e\u00d3, Hospodine, Pane n\u00e1\u0161,<\/em><\/p>\n\n\n\n<p class=\"wp-block-paragraph\"><em>ak\u00e9 je sl\u00e1vne Tvoje meno na celej zemi!<\/em><\/p>\n\n\n\n<p class=\"wp-block-paragraph\"><em>(3) Z \u00fast dietok a t\u00fdch, \u010do s\u00fa pri prsiach,<\/em><\/p>\n\n\n\n<p class=\"wp-block-paragraph\"><em>ai pevnos\u0165 zalo\u017eil proti svojim protivn\u00edkom,<\/em><\/p>\n\n\n\n<p class=\"wp-block-paragraph\"><em>aby si uml\u010dal nepriate\u013ea i pomstite\u013ea.<\/em><\/p>\n\n\n\n<p class=\"wp-block-paragraph\"><em>(4) Ke\u010f h\u013ead\u00edm na Tvoje nebes\u00e1, na dielo Tvojich prstov,<\/em><\/p>\n\n\n\n<p class=\"wp-block-paragraph\"><em>na mesiac a hviezdy, ktor\u00e9 si upevnil:<\/em><\/p>\n\n\n\n<p class=\"wp-block-paragraph\"><em>(5) \u010co je \u010dlovek, \u017ee na\u0148 pam\u00e4t\u00e1\u0161?<\/em><\/p>\n\n\n\n<p class=\"wp-block-paragraph\"><em>A \u010do syn \u010dlove\u010d\u00ed, \u017ee sa ho uj\u00edma\u0161?<\/em><\/p>\n\n\n\n<p class=\"wp-block-paragraph\"><em>(6) M\u00e1lo men\u0161\u00edm si ho urobil od bo\u017esk\u00fdch bytost\u00ed,<\/em><\/p>\n\n\n\n<p class=\"wp-block-paragraph\"><em>sl\u00e1vou a d\u00f4stojnos\u0165ou si ho oven\u010dil.<\/em><\/p>\n\n\n\n<p class=\"wp-block-paragraph\"><em>(7) Urobil si ho p\u00e1nom nad dielom svojich r\u00fak,<\/em><\/p>\n\n\n\n<p class=\"wp-block-paragraph\"><em>polo\u017eil si mu v\u0161etko pod nohy:<\/em><\/p>\n\n\n\n<p class=\"wp-block-paragraph\"><em>(8) v\u0161etky ovce i voly aj po\u013en\u00fa zver,<\/em><\/p>\n\n\n\n<p class=\"wp-block-paragraph\"><em>(9) nebesk\u00e9 vt\u00e1ctvo, morsk\u00e9 ryby,<\/em><\/p>\n\n\n\n<p class=\"wp-block-paragraph\"><em>i to \u010do chod\u00ed morsk\u00fdmi cestami.<\/em><\/p>\n\n\n\n<p class=\"wp-block-paragraph\"><em>(10) \u00d3, Hospodine, Pane n\u00e1\u0161,&nbsp;<\/em><\/p>\n\n\n\n<p class=\"wp-block-paragraph\"><em>ak\u00e9 je sl\u00e1vne Tvoje meno na celej zemi! \u201e Amen<\/em><\/p>\n\n\n\n<p class=\"wp-block-paragraph\">&nbsp; &nbsp; Mil\u00e9 deti a mil\u00e1 ml\u00e1de\u017e, mil\u00ed rodi\u010dia a bratia a sestry, ktor\u00ed c\u00edtite svoje povolanie k oslave P\u00e1na Boha!<\/p>\n\n\n\n<p class=\"wp-block-paragraph\">\u00a0 \u00a0 Po hor\u00facom lete a pekn\u00fdch pr\u00e1zdnin\u00e1ch sa za\u010dal v utorok nov\u00fd \u0161kolsk\u00fd rok. Za\u010dalo sa nov\u00e9 vyu\u010dovanie, ktor\u00e9 prin\u00e1\u0161a ur\u010dit\u00fd tlak na rodiny, u\u010dite\u013eov ale najm\u00e4 na deti, ktor\u00e9 maj\u00fa z\u00edska\u0165 nov\u00e9 vedomosti. Tie sa jednozna\u010dne kl\u00e1dli v\u017edy na prv\u00e9 miesto pri pr\u00e1ci \u0161koly. Plat\u00ed to o v\u0161etk\u00fdch vyu\u010dovac\u00edch predmetoch. Nepochybne, vedomosti s\u00fa ve\u013emi potrebn\u00e9 a d\u00f4le\u017eit\u00e9, o tom niet sporu. Nov\u00fd \u0161kolsk\u00fd rok v\u0161ak prin\u00e1\u0161a\u00a0 aj pozoruhodn\u00fa novinku, nov\u00fd obsah, ciele i sp\u00f4sob vyu\u010dovania (tzv. kurikulum). Zatia\u013e plat\u00ed pre prv\u00e9 ro\u010dn\u00edky z\u00e1kladnej \u0161koly. \u010co to znamen\u00e1?\u00a0<\/p>\n\n\n\n<p class=\"wp-block-paragraph\">\u00a0 \u00a0 V podstate asi to\u013eko, \u017ee sa u\u017e nebude kl\u00e1s\u0165 d\u00f4raz len na z\u00edskavanie vedomost\u00ed, ale aj na to, aby deti z\u00edskan\u00fdm vedomostiam\u00a0rozumeli a aby ich vedeli v \u010fal\u0161om \u017eivote aj spr\u00e1vne pou\u017ei\u0165 a vyu\u017ei\u0165. U\u010ditelia dost\u00e1vaj\u00fa viac slobody ako to dosiahnu\u0165, ale aj v\u00e4\u010d\u0161iu zodpovednos\u0165.<\/p>\n\n\n\n<p class=\"wp-block-paragraph\">&nbsp;&nbsp; &nbsp; Nov\u00e9 kurikulum sa t\u00fdka aj vyu\u010dovania n\u00e1bo\u017eenstva v \u0161kol\u00e1ch.&nbsp;<\/p>\n\n\n\n<p class=\"wp-block-paragraph\">Far\u00e1ri n\u00e1\u0161ho senior\u00e1tu sme mali pr\u00e1ve tu v Hol\u00ed\u010di, vo va\u0161om CZ d\u00f4le\u017eit\u00e9 \u0161kolenie k tejto \u00falohe.&nbsp;<\/p>\n\n\n\n<p class=\"wp-block-paragraph\">&nbsp;&nbsp; Viacer\u00e9 deti aj z v\u00e1\u0161ho CZ bud\u00fa chodi\u0165 na n\u00e1bo\u017eensk\u00fa v\u00fdchovu a v\u00fdu\u010dbu a t\u00e1to reforma sa bude dot\u00fdka\u0165 aj ich. Pri vyu\u010dovan\u00ed v \u0161kol\u00e1ch u\u017e nep\u00f4jde len o hromadenie vedomost\u00ed a n\u00e1sledn\u00fa \u201eoslavu\u201c rozumnosti, ktor\u00e1 je hodnoten\u00e1 zn\u00e1mkami, ako sme boli na to zvyknut\u00ed. Kto dostal dobr\u00fa zn\u00e1mku, dost\u00e1val pochvalu, kto zl\u00fa zn\u00e1mku, bol kritizovan\u00fd v \u0161kole i doma.<\/p>\n\n\n\n<p class=\"wp-block-paragraph\">&nbsp;&nbsp; &nbsp; &#8211; <em>Zachytil som v\u0161ak aj jednu zvl\u00e1\u0161tnu spr\u00e1vu. Zoologick\u00e1 z\u00e1hrada v Ganzendorfe v Rak\u00fasku to urobila opa\u010dne. \u017diaci, ktor\u00ed dostali na vysved\u010den\u00ed najhor\u0161iu zn\u00e1mku boli odmenen\u00ed t\u00fdm, \u017ee mali vstup do ZOO zadarmo &#8211; museli to v\u0161ak dok\u00e1za\u0165 predlo\u017een\u00edm vysved\u010denia. Aspo\u0148 nejak\u00e1 \u00fatecha pre \u201ene\u0161\u0165astn\u00edka\u201c.<\/em><\/p>\n\n\n\n<p class=\"wp-block-paragraph\">&nbsp;&nbsp; Vyu\u010dovanie&nbsp; n\u00e1bo\u017eenstvo v \u0161kol\u00e1ch sa v\u0161ak nezn\u00e1mkuje v\u00f4bec. Pre\u010do je to tak? &nbsp;<\/p>\n\n\n\n<p class=\"wp-block-paragraph\">&nbsp;&nbsp; Na n\u00e1bo\u017eenstve sa u\u010dia deti pozn\u00e1va\u0165 P\u00e1na Boha, Jeho dielo i v\u00f4\u013eu a mnoho in\u00e9ho z P\u00edsma. U\u010dia sa, podobne ako my v\u0161etci na slu\u017eb\u00e1ch Bo\u017e\u00edch, \u017ee <em>\u201eP\u00e1na Boha sa m\u00e1me b\u00e1\u0165 a m\u00e1me ho milova\u0165 a v Neho sam\u00e9ho d\u00fafa\u0165\u201c (Mal\u00fd Katechizmus)<\/em>. Ak by sa zn\u00e1mkovalo, najlep\u0161iu zn\u00e1mku by mal dosta\u0165 ten, kto Ho najviac miluje a Mu d\u00f4veruje. Ale ako toto niekto m\u00f4\u017ee vedie\u0165 a hodnoti\u0165 ? Ako sa l\u00e1ska k P\u00e1nu Bohu d\u00e1 z \u013eudskej strany zmera\u0165&nbsp; a zn\u00e1mkova\u0165 ? Vieru, n\u00e1dej a l\u00e1sku iste m\u00f4\u017ee pozna\u0165 a \u201eozn\u00e1mkova\u0165\u201c iba s\u00e1m P\u00e1n Boh. A On to aj rob\u00ed a ocen\u00ed.<\/p>\n\n\n\n<p class=\"wp-block-paragraph\">&nbsp;&nbsp; Nielen deti samotn\u00e9, ale aj mnoh\u00ed dospel\u00ed si to neraz neuvedomuj\u00fa. Myslia si, \u017ee to, \u010do je d\u00f4le\u017eit\u00e9, je mno\u017estvo vedomost\u00ed, mno\u017estvo poznan\u00fdch biblick\u00fdch hist\u00f3ri\u00ed, cit\u00e1tov a v\u00fdrokov z Biblie a z u\u010debn\u00edc n\u00e1bo\u017eenstva. Ako sme povedali na za\u010diatku, vedomosti s\u00fa iste d\u00f4le\u017eit\u00e9, ale e\u0161te d\u00f4le\u017eitej\u0161ie je, aby deti n\u00e1bo\u017eensk\u00fdm inform\u00e1ci\u00e1m aj spr\u00e1vne rozumeli a potom, aby ich vedeli aj spr\u00e1vne pou\u017ei\u0165.<\/p>\n\n\n\n<p class=\"wp-block-paragraph\">&nbsp;&nbsp; Mil\u00ed bratia a sestry!&nbsp; &nbsp; &nbsp;<\/p>\n\n\n\n<p class=\"wp-block-paragraph\">&nbsp;&nbsp; To, \u010do plat\u00ed o novej reforme vzdel\u00e1vania v\u0161eobecne, plat\u00ed teda aj o n\u00e1bo\u017eenskej v\u00fdu\u010dbe. V tomto bode vid\u00edme a zis\u0165ujeme, \u017ee je to nie\u010do, \u010do v minulosti ako \u00faplne samozrejm\u00e9 robili, v \u010dom \u017eili a o \u010do sa usilovali aj mnoh\u00e9 na\u0161e evanjelistov-kres\u0165ansk\u00e9 rodiny. A iste tak mnoh\u00e9 konaj\u00fa a usiluj\u00fa sa kona\u0165 aj dnes, aj ke\u010f, \u017eia\u013e nie v\u0161etky.<\/p>\n\n\n\n<p class=\"wp-block-paragraph\">&nbsp;&nbsp; Pr\u00e1ve P\u00edsmo sv\u00e4t\u00e9 n\u00e1m jasne ukazuje, \u017ee nesta\u010d\u00ed ma\u0165 iba n\u00e1bo\u017eensk\u00e9 vedomosti, alebo pozna\u0165 biblick\u00e9 deje. Za v\u0161etky pr\u00edklady zo Starej a Novej zmluvy uvediem iba jedno zn\u00e1me svedectvo zo Skutkov apo\u0161tolsk\u00fdch:<\/p>\n\n\n\n<p class=\"wp-block-paragraph\">&nbsp; &nbsp; &nbsp; Duch Bo\u017e\u00ed&nbsp; viedol diakona Filipa tak, \u017ee ho poslal na cestu z Jeruzalema do Gazy ktor\u00e1 bola pust\u00e1, \u010di\u017ee m\u00e1lo pou\u017e\u00edvan\u00e1. Zdanlivo tam nebol priestor na ak\u00fako\u013evek misiu. Predsa v\u0161ak tadia\u013e i\u0161iel dvoran eti\u00f3pskej kr\u00e1\u013eovnej, ktor\u00fd sa vracal z Jeruzalema a \u010d\u00edtal knihu proroka Izai\u00e1\u0161a. Filip sa pripojil sa k nemu a sp\u00fdtal sa ho:<\/p>\n\n\n\n<p class=\"wp-block-paragraph\">&nbsp;<em>\u201eA \u010di aj rozumie\u0161, \u010do \u010d\u00edta\u0161? Odpovedal mu: Ako\u017ee by som rozumel, ak mi len niekto nevysvetl\u00ed. Potom poprosil Filipa, aby vy\u0161iel na voz s prisadol si k nemu.<\/em> <em>Sta\u0165, ktor\u00fa \u010d\u00edtal, bola: Viedli Ho ako ovcu na zabitie a ako bar\u00e1nok ml\u010d\u00ed pred t\u00fdm, kto ho strih\u00e1, tak neotvoril \u00fast\u2026<\/em>\u201c.&nbsp; &#8211; Dvoran povedal: <em>\u201ePros\u00edm \u0165a, o kom to hovor\u00ed prorok? S\u00e1m o sebe a \u010di o niekom inom? Vtedy Filip otvoril \u00fasta a po\u010dn\u00fac od tohto P\u00edsma, zvestoval mu Je\u017ei\u0161a\u201c<\/em>.<\/p>\n\n\n\n<p class=\"wp-block-paragraph\">&nbsp; Mil\u00ed bratia a sestry!<\/p>\n\n\n\n<p class=\"wp-block-paragraph\">&nbsp; &nbsp; Iste ste si v\u0161imli, \u017ee v tomto pr\u00edbehu zaznelo presne to \u201en\u00f3vum\u201c z novej reformy vzdel\u00e1vania, ke\u010f dvoran hovor\u00ed: <em>\u201eAko\u017ee by som rozumel, ak mi niekto nevysvetli !\u201c<\/em> P\u00edsmo sv\u00e4t\u00e9 n\u00e1s d\u00e1vno u\u010d\u00ed to, na \u010do dnes pri\u0161li ministersk\u00ed \u00faradn\u00edci.&nbsp;<\/p>\n\n\n\n<p class=\"wp-block-paragraph\">&nbsp; &nbsp; O spr\u00e1vnom vyu\u010dovan\u00ed poznania P\u00e1na Boha hovor\u00ed aj n\u00e1\u0161 dne\u0161n\u00fd text. Slov\u00e1 z \u00f4smeho \u017dalmu hovoria o pr\u00edrode ako o otvorenej ve\u013ekej knihe, z ktorej sa m\u00f4\u017eeme, ak chceme, o P\u00e1nu Bohu ve\u013ea nau\u010di\u0165, spr\u00e1vne inform\u00e1ci\u00e1m porozumie\u0165, ale aj u\u010di\u0165 sa to tretie &#8211; toti\u017e, ako tie inform\u00e1cie spr\u00e1vne pou\u017ei\u0165.&nbsp;<\/p>\n\n\n\n<p class=\"wp-block-paragraph\">&nbsp; &nbsp; \u017dalmista sved\u010d\u00ed: <em>\u201c\u00d3, Hospodine, ak\u00e9 je sl\u00e1vne Tvoje meno na celej zemi!\u201c<\/em> &#8211; Z\u00e1rove\u0148 obracia na\u0161u pozornos\u0165 aj k nebeskej oblohe a ku konkr\u00e9tnemu stvorenstvu na zemi, ke\u010f hovor\u00ed: <em>\u201c Velebu svoju rozprestrel si nad nebes\u00e1. Z \u00fast dietok a t\u00fdch, \u010do s\u00fa pri prsiach si pevnos\u0165 zalo\u017eil proti svoj\u00edm protivn\u00edkom\u2026Ke\u010f h\u013ead\u00edm na Tvoje nebes\u00e1, na dielo Tvojich prstov, na mesiac a hviezdy, ktor\u00e9 si upevnil: \u010co je \u010dlovek, \u017ee na\u0148 pam\u00e4t\u00e1\u0161? A syn \u010dlove\u010d\u00ed, \u017ee sa ho uj\u00edma\u0161?\u201c<\/em><\/p>\n\n\n\n<p class=\"wp-block-paragraph\"><em>&nbsp;&nbsp;<\/em> S\u00fa to \u00fa\u017easn\u00e9 slov\u00e1 pre n\u00e1s a pre v\u0161etk\u00fdch \u013eud\u00ed. U\u010dia n\u00e1s, \u017ee zem a \u017eivot na nej a vesm\u00edr tu nie je iba nejakou n\u00e1hodu (napr. len ako n\u00e1sledok \u201eve\u013ek\u00e9ho tresku\u201c) Nie sme tu iba n\u00e1hodou ani my. V\u0161etko m\u00e1 svoj po\u010diatok i cie\u013e v Bohu Stvorite\u013eovi a v \u0147om m\u00e1 v\u0161etko aj svoj dobr\u00fd zmysel a cie\u013e.&nbsp;<\/p>\n\n\n\n<p class=\"wp-block-paragraph\">&nbsp;&nbsp; &nbsp; Ten, ktor\u00fd stvoril svet je na\u0161\u00edm dobr\u00fdm Otcom ktor\u00fd m\u00e1 o n\u00e1s z\u00e1ujem a star\u00e1 sa o n\u00e1s. Jeho moc a veleba siaha \u201cnad\u201c nebesk\u00fa oblohu, sved\u010d\u00ed o nej&nbsp; mesiac a hviezdy vo vesm\u00edre. V\u00fdsti\u017ene to vyjadril filozof Kant: \u201c <em>Dve veci ma nap\u013a\u0148aj\u00fa \u00fa\u017easom: hviezdnat\u00e9 nebo nado mnou a mravn\u00fd z\u00e1kon vo mne\u201c<\/em>.&nbsp;<\/p>\n\n\n\n<p class=\"wp-block-paragraph\">&nbsp; &nbsp; My smieme a m\u00e1me obdivova\u0165 aj dar \u017eivota, ktor\u00fd je nesmierne cenn\u00fd u\u017e vtedy, ke\u010f ide o t\u00fdch najmen\u0161\u00edch, najbezbrannej\u0161\u00edch, a to s\u00fa aj deti, dokonca kojenci pri prsiach matky. Deti s\u00fa nielen na\u0161ou p\u00fdchou, rados\u0165ou a n\u00e1dejou, ale s\u00fa a zost\u00e1vaj\u00fa \u201e<em>pevnos\u0165ou\u201c<\/em> proti v\u0161etk\u00fdm sil\u00e1m zla a smrti, diabla a z\u00e1niku. &#8211;&nbsp;<\/p>\n\n\n\n<p class=\"wp-block-paragraph\">&nbsp; &nbsp; Preto aj n\u00e1m m\u00e1 nesmierne z\u00e1le\u017ea\u0165 na \u017eivote a na blahu na\u0161ich det\u00ed, po\u010dn\u00fac od najmen\u0161\u00edch, aj t\u00fdch e\u0161te nenaroden\u00fdch, preto\u017ee maj\u00fa v Bo\u017e\u00edch o\u010diach vysok\u00fa cenu. P\u00e1n Je\u017ei\u0161 to nesk\u00f4r povedal jasne a jednozna\u010dne: <em>\u201cDovo\u013ete dietkam prich\u00e1dza\u0165 ku mne a nebr\u00e1\u0148te im, lebo tak\u00fdch je kr\u00e1\u013eovstvo Bo\u017eie<\/em>\u201c.<\/p>\n\n\n\n<p class=\"wp-block-paragraph\">&nbsp;&nbsp; Vzh\u013eadom na poznanie a vieru v P\u00e1na Boha nie s\u00fa problematick\u00e9 deti, ale sk\u00f4r dospel\u00ed, ktor\u00ed neveria v P\u00e1na Boha a preto sa neraz nezastavuj\u00fa vo svojom hriechu ani pred ich vra\u017eden\u00edm a zab\u00edjan\u00edm. Die\u0165a nem\u00e1 silu a rozum dospel\u00e9ho a predsa m\u00e1 svoju hodnotu rovnak\u00fa ako dospel\u00fd \u010dlovek. Die\u0165a plne d\u00f4veruje tomu koho miluje a je schpn\u00e9 viery a l\u00e1sky. Iba Herodes a herodesovci vra\u017edili deti v minulosti a robia tak i dnes. P\u00e1n Boh s\u00e1m pri\u0161iel k n\u00e1m v podobe nemluvniatka, a v \u0147om dok\u00e1zal, \u017ee stoj\u00ed proti hriechu, diablovi i smrti. Je\u017ei\u0161, tich\u00fd a pokorn\u00fd Bar\u00e1nok Bo\u017e\u00ed, n\u00e1s u\u010d\u00ed veri\u0165 V Otca, ktor\u00fd <em>\u201echce, aby v\u0161etci \u013eudia boli spasen\u00ed\u201c.<\/em> Tak m\u00e1me a m\u00f4\u017eeme rozumie\u0165 inform\u00e1cii o P\u00e1nu Bohu.<\/p>\n\n\n\n<p class=\"wp-block-paragraph\">&nbsp; &nbsp; Bratia a sestry v P\u00e1novi!<\/p>\n\n\n\n<p class=\"wp-block-paragraph\">&nbsp; \u010ealeko by n\u00e1s viedlo, keby sme mali vypo\u010d\u00edta\u0165 v\u0161etky len niektor\u00e9 z doteraz zn\u00e1mych z\u00e1zrakov vo vesm\u00edre, na zemi, \u010di vo vod\u00e1ch zeme. Ned\u00e1vno ma zaujalo rozpr\u00e1vanie mlad\u00e9ho fyzika o objave tzv. \u0161edej hmoty, res.o objave cesty, ako ju mo\u017eno dok\u00e1za\u0165, ke\u010f je nevidite\u013en\u00e1 a prech\u00e1dza cez \u0148u svetlo! V obdive na dielom Bo\u017e\u00edch prstov, v\u00fdsti\u017ene povedal u\u017e SZ J\u00f3b: \u201eHospodin <em>zem zavesil nad ni\u010d\u00edm\u201c.(J\u00f3b 26, 7)<\/em><\/p>\n\n\n\n<p class=\"wp-block-paragraph\"><em>&nbsp; &nbsp; &nbsp;<\/em> \u017dalmistapripom\u00edna, \u017ee P\u00e1n Boh <em>\u201e\u00fa\u017easne predivne stvoril \u010dloveka\u201c.<\/em> Deti na n\u00e1bo\u017eenstve a my v\u0161etci na slu\u017eb\u00e1ch Bo\u017e\u00edch sa u\u010d\u00edme pozna\u0165 aj \u010dloveka, ako vrchol Bo\u017eieho stvorenstva.&nbsp;<\/p>\n\n\n\n<p class=\"wp-block-paragraph\">&nbsp;&nbsp; Nejde len vedomosti o tele a jeho stavbe. Z Bo\u017eieho slova vieme, \u017ee \u010dlovek je \u201estvoren\u00fd na obraz Bo\u017e\u00ed\u201c a obrazom Bo\u017e\u00edm m\u00e1 aj zosta\u0165 a prij\u00edma\u0165 Bo\u017eiu milos\u0165, ktor\u00e1 chcce hriechom zni\u010den\u00fd obraz v n\u00e1s obnovi\u0165.&nbsp;<\/p>\n\n\n\n<p class=\"wp-block-paragraph\">&nbsp;&nbsp; Tu sa u\u010d\u00edme aj to, nielen <em>\u201eako\u201c<\/em>, ale najm\u00e4 <em>\u201epre\u010do\u201c<\/em> stvoril P\u00e1n Boh \u010dloveka.&nbsp; \u017dalmista hovor\u00ed: <em>\u201c \u010co je \u010dlovek, \u017ee na\u0148 pam\u00e4t\u00e1\u0161? A syn \u010dlove\u010d\u00ed , \u017ee sa ho uj\u00edma\u0161? M\u00e1lo men\u0161\u00edm si ho urobil od bo\u017esk\u00fdch bytost\u00ed, sl\u00e1vou a d\u00f4stojnos\u0165ou si ho oven\u010dil. Urobil si ho p\u00e1nom nad dielom svojich r\u00fak, polo\u017eil si mu v\u0161etko pod nohy\u201c<\/em>. U\u010d\u00ed n\u00e1s vedie\u0165, \u017ee On v\u0161etko \u010do je stvoril pre n\u00e1s, sam\u00e9ho \u010dloveka v\u0161ak pre seba, pre spolo\u010denstvo so sebou.&nbsp; &nbsp; &nbsp;<\/p>\n\n\n\n<p class=\"wp-block-paragraph\">&nbsp; &nbsp; Na\u0161ou \u00falohou je na jednej strane spozna\u0165 na\u0161e miesto a na\u0161u hodnotu a d\u00f4stojnos\u0165: \u010dlovek je a m\u00e1 by\u0165 p\u00e1nom nad dielom Bo\u017e\u00edch r\u00fak. M\u00e1 zem <em>\u201e obr\u00e1ba\u0165 a str\u00e1\u017ei\u0165<\/em> \u201e&nbsp; aby bola ako rajsk\u00e1 z\u00e1hrada. Vieme, \u017ee ani v dne\u0161nej dobe tak nekon\u00e1, hoci u\u017e vieme, a vid\u00edme, \u010do m\u00f4\u017ee&nbsp; \u010dlovek svoj\u00edm nerozumn\u00fdm a nezodpovedn\u00fdm \u0161af\u00e1rstvom sp\u00f4sobi\u0165 nie iba zemi a stvorenstvu, ale hlavne sebe.&nbsp;<\/p>\n\n\n\n<p class=\"wp-block-paragraph\">&nbsp; &nbsp; To je t\u00e9ma na vzdel\u00e1vanie sama o sebe ve\u013ek\u00e1 a aktu\u00e1lna: Ako by\u0165 Bo\u017e\u00edm ekon\u00f3mom a Bo\u017e\u00edm ekol\u00f3gom? &#8211; A v\u0161e\u013eudsk\u00fdm z\u00e1ujmom je, ako spr\u00e1vne a m\u00fadro spoluna\u017e\u00edva\u0165 vo vz\u0165ahu s na\u0161imi bl\u00ed\u017enymi, o \u010dom jasne hovor\u00ed Desatoro. O pravej d\u00f4stojnosti \u010dloveka sved\u010d\u00ed Bo\u017eie slovo v P\u00edsme mnoho a jasne\u2026<\/p>\n\n\n\n<p class=\"wp-block-paragraph\"><em>&nbsp;&nbsp;<\/em> My v\u0161ak m\u00e1me poznatky nielen prija\u0165 a hromadi\u0165, ako to rob\u00ed AI, ale im aj porozumie\u0165 a potom ich vedie\u0165 spr\u00e1vne pou\u017ei\u0165. \u017dalmista ukazuje ako poznanie a obdiv nad poznan\u00edm diela stvorenia&nbsp; a Stvorite\u013ea spr\u00e1vne vyu\u017ei\u0165 a k \u010domu m\u00e1 vies\u0165. &nbsp;<\/p>\n\n\n\n<p class=\"wp-block-paragraph\">&nbsp;&nbsp; M\u00e1 vies\u0165 k Bo\u017eej chv\u00e1le a v\u010fake : <em>\u201e\u00d3, Hospodine, Pane n\u00e1\u0161, ak\u00e9 je sl\u00e1vne Tvoje meno na celej zemi. Velebu svoju rozprestrel si nad nebes\u00e1\u2026\u201c.<\/em><\/p>\n\n\n\n<p class=\"wp-block-paragraph\"><em>&nbsp; &nbsp; &nbsp;<\/em> Je chybou, ak niekto pova\u017euje stvorenstvo za bo\u017estvo a vzd\u00e1va mu \u00factu a \u010des\u0165, ktor\u00e1 mu nepatr\u00ed. Je chybou, ako sa to \u017eia\u013e u\u017e \u010dastokr\u00e1t stalo a st\u00e1va st\u00e1le, oslavova\u0165 \u010dloveka, i ke\u010f je vrcholom a korunou stvorenstva. Pestova\u0165 kult \u010dloveka ako \u201ep\u00e1na a Boha\u201c viedlo a vedie v\u017edy k zl\u00e9mu. Oslava, \u010des\u0165, zvelebovanie&nbsp; patr\u00ed iba P\u00e1nu Bohu.&nbsp;<\/p>\n\n\n\n<p class=\"wp-block-paragraph\">&nbsp;&nbsp; Bratia a sestry!<\/p>\n\n\n\n<p class=\"wp-block-paragraph\">&nbsp;&nbsp; Toto u\u010dme aj na\u0161e deti. U\u010dme ich aby mali nielen vedomos\u0165 o P\u00e1nu Bohu &#8211; Stvorite\u013eovi, ale aby pochopili, \u017ee On je na\u0161\u00edm dobr\u00fdm a l\u00e1skav\u00fdm Otcom. Aby nielen vedeli, \u017ee Je\u017ei\u017e \u017eil a zomrel na kr\u00ed\u017ei, ale aby vedeli aj to, pre \u010do a pre koho zomrel a potom z m\u0155tvych vstal. U\u010dme nielen to, \u017ee je tu nejak\u00e1 cirkev, ale aj kto je je Hlavou, a pre\u010do je na\u0161e evanjelick\u00e1 cirkev na\u0161ou duchovnou matkou, ktor\u00e1 n\u00e1 vedie tak, aby sme Bo\u017e\u00edmi de\u0165mi. U\u010dme ich najm\u00e4 na\u0161\u00edm vlastn\u00fdm pr\u00edkladom \u017ee aj oni sa Krstom sv\u00e4t\u00fdm stali ob\u010danmi Bo\u017eieho kr\u00e1\u013eovstva.&nbsp;<\/p>\n\n\n\n<p class=\"wp-block-paragraph\">&nbsp; &nbsp; U\u010dme ich v\u017edy vtedy, ako n\u00e1m rad\u00ed slovo P\u00edsma. Filip si prisadol k dvoranovi, ke\u010f ho ten o to po\u017eiadal. Ke\u010f povedal, \u017ee potrebuje vysvetlenie. Pri n\u00e1bo\u017eenskom u\u010den\u00ed a vzdel\u00e1van\u00ed, je to, \u010do Luk\u00e1\u0161 zap\u00edsal priam z\u00e1sadn\u00e1 vec: <em>\u201ePotom poprosil Filipa, aby vy\u0161iel na voz a prisadol si k nemu. &#8211;<\/em> U\u010dme teda vtedy, ke\u010f sa deti p\u00fdtaj\u00fa, ke\u010f n\u00e1m klad\u00fa ot\u00e1zky. Hne\u010f a a okam\u017eite. Nevyhov\u00e1rajme sa z na\u0161ej k\u0148azskej \u00falohy: teraz nem\u00e1m \u010das, daj pokoj, alebo nebodaj: neotravuj! &nbsp;<\/p>\n\n\n\n<p class=\"wp-block-paragraph\">&nbsp; &nbsp; Deti mal\u00e9 i tie dospievaj\u00face maj\u00fa mnoho ot\u00e1zok: a my &#8211; jedno, \u010di v \u0161kole, alebo doma, majme jasn\u00e9 povedomie o tom, \u017ee sme P\u00e1novi slu\u017eobn\u00edci a spl\u0148me s rados\u0165ou svoju \u00falohu v\u0161eobecn\u00e9ho k\u0148azstva pre dobro ich i na\u0161e &#8211; dobro \u010dasn\u00e9 i ve\u010dn\u00e9. Amen<\/p>\n\n\n\n<p class=\"wp-block-paragraph\">&nbsp;&nbsp; &nbsp; &nbsp; &nbsp; 13.nede\u013ea po Sv\u00e4tej Trojici &#8211; Za\u010diatok \u0161kolsk\u00e9ho roku &#8211; CZ Hol\u00ed\u010d &#8211;&nbsp; \u013dubom\u00edr Batka st.<\/p>\n\n\n\n<p class=\"wp-block-paragraph\"><\/p>\n","protected":false},"excerpt":{"rendered":"<p>&nbsp; &nbsp; &nbsp; &nbsp; &nbsp; &nbsp; &nbsp; &nbsp; &nbsp; &nbsp; Za\u010diatok nov\u00e9ho \u0161kolsk\u00e9ho roku \u00davodn\u00e1 modlitba: \u00a0 V\u0161emoh\u00faci a l\u00e1skav\u00fd Bo\u017ee, Ty si Stvorite\u013e a P\u00e1n nad v\u0161etk\u00fdm stvorenstvom. Ty si i na\u0161\u00edm P\u00e1nom a zveril si n\u00e1m mnoho vec\u00ed, mnoh\u00fdmi \u00falohami si n\u00e1s poveril. Vyu\u010d n\u00e1s, Hospodine, svoj\u00edm cest\u00e1m a ve\u010f n\u00e1s rovn\u00fdm chodn\u00edkom. &#8230; <a title=\"Za\u010diatok nov\u00e9ho \u0161kolsk\u00e9ho roku\" class=\"read-more\" href=\"https:\/\/www.e-anjelik.sk\/index.php\/2026\/09\/05\/zaciatok-noveho-skolskeho-roku\/\" aria-label=\"Pre\u010d\u00edtajte si viac o Za\u010diatok nov\u00e9ho \u0161kolsk\u00e9ho roku\">\u010c\u00edta\u0165 viac<\/a><\/p>\n","protected":false},"author":4,"featured_media":0,"comment_status":"open","ping_status":"open","sticky":false,"template":"","format":"standard","meta":{"footnotes":""},"categories":[577,153,121,6,638,518],"tags":[],"class_list":["post-39559","post","type-post","status-publish","format-standard","hentry","category-13-nedela-po-sv-trojici","category-holic","category-kazne","category-myjavsky-seniorat","category-skolsky-rok","category-skoly"],"_links":{"self":[{"href":"https:\/\/www.e-anjelik.sk\/index.php\/wp-json\/wp\/v2\/posts\/39559","targetHints":{"allow":["GET"]}}],"collection":[{"href":"https:\/\/www.e-anjelik.sk\/index.php\/wp-json\/wp\/v2\/posts"}],"about":[{"href":"https:\/\/www.e-anjelik.sk\/index.php\/wp-json\/wp\/v2\/types\/post"}],"author":[{"embeddable":true,"href":"https:\/\/www.e-anjelik.sk\/index.php\/wp-json\/wp\/v2\/users\/4"}],"replies":[{"embeddable":true,"href":"https:\/\/www.e-anjelik.sk\/index.php\/wp-json\/wp\/v2\/comments?post=39559"}],"version-history":[{"count":3,"href":"https:\/\/www.e-anjelik.sk\/index.php\/wp-json\/wp\/v2\/posts\/39559\/revisions"}],"predecessor-version":[{"id":39562,"href":"https:\/\/www.e-anjelik.sk\/index.php\/wp-json\/wp\/v2\/posts\/39559\/revisions\/39562"}],"wp:attachment":[{"href":"https:\/\/www.e-anjelik.sk\/index.php\/wp-json\/wp\/v2\/media?parent=39559"}],"wp:term":[{"taxonomy":"category","embeddable":true,"href":"https:\/\/www.e-anjelik.sk\/index.php\/wp-json\/wp\/v2\/categories?post=39559"},{"taxonomy":"post_tag","embeddable":true,"href":"https:\/\/www.e-anjelik.sk\/index.php\/wp-json\/wp\/v2\/tags?post=39559"}],"curies":[{"name":"wp","href":"https:\/\/api.w.org\/{rel}","templated":true}]}}