{"id":3958,"date":"2011-12-08T13:48:41","date_gmt":"2011-12-08T13:48:41","guid":{"rendered":"http:\/\/e-anjelik.sk\/?p=3958"},"modified":"2011-12-08T13:48:41","modified_gmt":"2011-12-08T13:48:41","slug":"novi-predstavitelia-ekumenickej-rady-cirkvi-v-madarsku","status":"publish","type":"post","link":"https:\/\/www.e-anjelik.sk\/index.php\/2011\/12\/08\/novi-predstavitelia-ekumenickej-rady-cirkvi-v-madarsku\/","title":{"rendered":"Nov\u00ed predstavitelia Ekumenickej rady cirkv\u00ed v Ma\u010farsku"},"content":{"rendered":"<p>. dec. 2011 sa v&nbsp; Budape&scaron;ti konalo v&yacute;ro\u010dn&eacute; zasadnutie Ekumenickej rady cirkv&iacute; Ma\u010farska. Na programe o.i. boli i vo\u013eby nov&yacute;ch predstavite\u013eov tejto organiz&aacute;cie. Za tajomn&iacute;ka zvolili evanjelick&eacute;ho far&aacute;ra Dr. Fischl Vilmosa a za predsedu reformovan&eacute;ho biskupa Steinbacha J&oacute;zsefa. Pr&iacute;tomn&iacute; si vypo\u010duli hodnotiace spr&aacute;vy doteraj&scaron;ieho &nbsp;predsedu a tajomn&iacute;ka ako i spr&aacute;vy jednotliv&yacute;ch komisi&iacute;. Deleg&aacute;ti rozhodli, \u017ee ved&uacute;cich predstavite\u013eov organiz&aacute;cie odteraz volia na dobu &scaron;es\u0165 rokov&nbsp;a nie na tri roky, ako tomu bolo doteraz. Za nov&uacute; riadnu \u010dlenku do ERC MR prijali Ma\u010farsk&uacute; letni\u010dn&uacute; cirkev. Zasadnutie sa zaoberalo aj pr&iacute;pravou festiv&aacute;lu &quot;N&aacute;dej&quot; , ktor&yacute; sa bude kona\u0165 v j&uacute;ni 2012.<\/p>\n<p>(<a href=\"http:\/\/www.evangelikus.hu\">www.evangelikus.hu<\/a>)&nbsp;<\/p>\n","protected":false},"excerpt":{"rendered":"<p>. dec. 2011 sa v&nbsp; Budape&scaron;ti konalo v&yacute;ro\u010dn&eacute; zasadnutie Ekumenickej rady cirkv&iacute; Ma\u010farska. Na programe o.i. boli i vo\u013eby nov&yacute;ch predstavite\u013eov tejto organiz&aacute;cie. Za tajomn&iacute;ka zvolili evanjelick&eacute;ho far&aacute;ra Dr. Fischl Vilmosa a za predsedu reformovan&eacute;ho biskupa Steinbacha J&oacute;zsefa. Pr&iacute;tomn&iacute; si vypo\u010duli hodnotiace spr&aacute;vy doteraj&scaron;ieho &nbsp;predsedu a tajomn&iacute;ka ako i spr&aacute;vy jednotliv&yacute;ch komisi&iacute;. Deleg&aacute;ti rozhodli, \u017ee &#8230; <a title=\"Nov\u00ed predstavitelia Ekumenickej rady cirkv\u00ed v Ma\u010farsku\" class=\"read-more\" href=\"https:\/\/www.e-anjelik.sk\/index.php\/2011\/12\/08\/novi-predstavitelia-ekumenickej-rady-cirkvi-v-madarsku\/\" aria-label=\"Pre\u010d\u00edtajte si viac o Nov\u00ed predstavitelia Ekumenickej rady cirkv\u00ed v Ma\u010farsku\">\u010c\u00edta\u0165 viac<\/a><\/p>\n","protected":false},"author":22,"featured_media":0,"comment_status":"open","ping_status":"open","sticky":false,"template":"","format":"standard","meta":{"footnotes":""},"categories":[2],"tags":[],"class_list":["post-3958","post","type-post","status-publish","format-standard","hentry","category-ekumena"],"_links":{"self":[{"href":"https:\/\/www.e-anjelik.sk\/index.php\/wp-json\/wp\/v2\/posts\/3958","targetHints":{"allow":["GET"]}}],"collection":[{"href":"https:\/\/www.e-anjelik.sk\/index.php\/wp-json\/wp\/v2\/posts"}],"about":[{"href":"https:\/\/www.e-anjelik.sk\/index.php\/wp-json\/wp\/v2\/types\/post"}],"author":[{"embeddable":true,"href":"https:\/\/www.e-anjelik.sk\/index.php\/wp-json\/wp\/v2\/users\/22"}],"replies":[{"embeddable":true,"href":"https:\/\/www.e-anjelik.sk\/index.php\/wp-json\/wp\/v2\/comments?post=3958"}],"version-history":[{"count":0,"href":"https:\/\/www.e-anjelik.sk\/index.php\/wp-json\/wp\/v2\/posts\/3958\/revisions"}],"wp:attachment":[{"href":"https:\/\/www.e-anjelik.sk\/index.php\/wp-json\/wp\/v2\/media?parent=3958"}],"wp:term":[{"taxonomy":"category","embeddable":true,"href":"https:\/\/www.e-anjelik.sk\/index.php\/wp-json\/wp\/v2\/categories?post=3958"},{"taxonomy":"post_tag","embeddable":true,"href":"https:\/\/www.e-anjelik.sk\/index.php\/wp-json\/wp\/v2\/tags?post=3958"}],"curies":[{"name":"wp","href":"https:\/\/api.w.org\/{rel}","templated":true}]}}