{"id":3961,"date":"2011-12-09T12:28:23","date_gmt":"2011-12-09T12:28:23","guid":{"rendered":"http:\/\/e-anjelik.sk\/?p=3961"},"modified":"2011-12-09T12:28:23","modified_gmt":"2011-12-09T12:28:23","slug":"ocenenie-ministerky-zahranicnych-veci-usa-h-clintonovej-pre-pracu-elca-o-utecencov","status":"publish","type":"post","link":"https:\/\/www.e-anjelik.sk\/index.php\/2011\/12\/09\/ocenenie-ministerky-zahranicnych-veci-usa-h-clintonovej-pre-pracu-elca-o-utecencov\/","title":{"rendered":"Ocenenie ministerky zahrani\u010dn\u00fdch vec\u00ed USA H. Clintonovej pre pr\u00e1cu ELCA o ute\u010dencov"},"content":{"rendered":"<p>7. decembra t.r. sa v \u017deneve konalo stretnutie ministrov z cel&eacute;ho sveta z pr&iacute;le\u017eitosti prijatia vysok&yacute;m komis&aacute;rom OSN&nbsp;pre ute\u010dencov. Ministerka zahrani\u010dn&yacute;ch vec&iacute; USA H.Clintonov&aacute; vo svojom prejave o.i. kladne ocenila pr&aacute;cu Evanjelicko-luter&aacute;nskej cirkvi v Amerike (ELCA), ke\u010f uviedla pr&iacute;beh Fatumy Elmi, ktor&aacute; pri&scaron;la do USA ako ute\u010denky\u0148a r. 1991 po ob\u010dianskej vojne v Som&aacute;lsku. Elmi sa hne\u010f za\u010dala anga\u017eova\u0165 v soci&aacute;lnej pr&aacute;ci pre ute\u010dencov .U\u017e 17 rokov &uacute;spe&scaron;ne pracuje v Luter&aacute;nskej soci&aacute;lnej slu\u017ebe v Minneapolise. Napr. v tomto roku napriek kr&iacute;ze dok&aacute;zala pom&ocirc;c\u0165 n&aacute;js\u0165 pr&aacute;cu a\u017e 79% svojim klientom.<\/p>\n<p>Po cel&yacute;ch USA sa o ute\u010dencov star&aacute; agent&uacute;ra Lutheran Immigration and Refugee Service so s&iacute;dlom v Baltimore, ktor&aacute; je zastre&scaron;en&aacute;:&nbsp;ELCA, LC&nbsp;Missouri Church a Loty&scaron;skou Ev.Lut. cirkvou v Amerike.<\/p>\n<p>(<a href=\"http:\/\/www.elca.org\">www.elca.org<\/a>)<\/p>\n","protected":false},"excerpt":{"rendered":"<p>7. decembra t.r. sa v \u017deneve konalo stretnutie ministrov z cel&eacute;ho sveta z pr&iacute;le\u017eitosti prijatia vysok&yacute;m komis&aacute;rom OSN&nbsp;pre ute\u010dencov. Ministerka zahrani\u010dn&yacute;ch vec&iacute; USA H.Clintonov&aacute; vo svojom prejave o.i. kladne ocenila pr&aacute;cu Evanjelicko-luter&aacute;nskej cirkvi v Amerike (ELCA), ke\u010f uviedla pr&iacute;beh Fatumy Elmi, ktor&aacute; pri&scaron;la do USA ako ute\u010denky\u0148a r. 1991 po ob\u010dianskej vojne v Som&aacute;lsku. Elmi &#8230; <a title=\"Ocenenie ministerky zahrani\u010dn\u00fdch vec\u00ed USA H. Clintonovej pre pr\u00e1cu ELCA o ute\u010dencov\" class=\"read-more\" href=\"https:\/\/www.e-anjelik.sk\/index.php\/2011\/12\/09\/ocenenie-ministerky-zahranicnych-veci-usa-h-clintonovej-pre-pracu-elca-o-utecencov\/\" aria-label=\"Pre\u010d\u00edtajte si viac o Ocenenie ministerky zahrani\u010dn\u00fdch vec\u00ed USA H. Clintonovej pre pr\u00e1cu ELCA o ute\u010dencov\">\u010c\u00edta\u0165 viac<\/a><\/p>\n","protected":false},"author":22,"featured_media":0,"comment_status":"open","ping_status":"open","sticky":false,"template":"","format":"standard","meta":{"footnotes":""},"categories":[1],"tags":[234],"class_list":["post-3961","post","type-post","status-publish","format-standard","hentry","category-adventna-modlitba","tag-zdruzenia-a-skupiny"],"_links":{"self":[{"href":"https:\/\/www.e-anjelik.sk\/index.php\/wp-json\/wp\/v2\/posts\/3961","targetHints":{"allow":["GET"]}}],"collection":[{"href":"https:\/\/www.e-anjelik.sk\/index.php\/wp-json\/wp\/v2\/posts"}],"about":[{"href":"https:\/\/www.e-anjelik.sk\/index.php\/wp-json\/wp\/v2\/types\/post"}],"author":[{"embeddable":true,"href":"https:\/\/www.e-anjelik.sk\/index.php\/wp-json\/wp\/v2\/users\/22"}],"replies":[{"embeddable":true,"href":"https:\/\/www.e-anjelik.sk\/index.php\/wp-json\/wp\/v2\/comments?post=3961"}],"version-history":[{"count":0,"href":"https:\/\/www.e-anjelik.sk\/index.php\/wp-json\/wp\/v2\/posts\/3961\/revisions"}],"wp:attachment":[{"href":"https:\/\/www.e-anjelik.sk\/index.php\/wp-json\/wp\/v2\/media?parent=3961"}],"wp:term":[{"taxonomy":"category","embeddable":true,"href":"https:\/\/www.e-anjelik.sk\/index.php\/wp-json\/wp\/v2\/categories?post=3961"},{"taxonomy":"post_tag","embeddable":true,"href":"https:\/\/www.e-anjelik.sk\/index.php\/wp-json\/wp\/v2\/tags?post=3961"}],"curies":[{"name":"wp","href":"https:\/\/api.w.org\/{rel}","templated":true}]}}