{"id":3963,"date":"2011-12-11T15:26:17","date_gmt":"2011-12-11T15:26:17","guid":{"rendered":"http:\/\/e-anjelik.sk\/?p=3963"},"modified":"2022-12-11T17:05:16","modified_gmt":"2022-12-11T16:05:16","slug":"povzbudenie-hlasatelom-radostnej-zvesti","status":"publish","type":"post","link":"https:\/\/www.e-anjelik.sk\/index.php\/2011\/12\/11\/povzbudenie-hlasatelom-radostnej-zvesti\/","title":{"rendered":"Povzbudenie hl\u00e1sate\u013eom radostnej zvesti"},"content":{"rendered":"<p>&nbsp;<span class=\"Apple-style-span\" style=\"font-family: Helvetica; font-size: 16px; line-height: normal; \"><b>&nbsp; &nbsp; &nbsp; &nbsp; &nbsp; &nbsp; &nbsp; &nbsp; &nbsp; &nbsp; &nbsp; &nbsp; &nbsp; &nbsp; &nbsp; &nbsp; &nbsp; &nbsp; &nbsp; &nbsp; &nbsp; Povzbudenie hl\u00e1sate\u013eom radostnej zvesti<\/b><\/span><\/p>\n<p style=\"margin: 0.0px 0.0px 0.0px 0.0px; font: 16.0px Helvetica\"><span style=\"letter-spacing: 0.0px\"><b>Iz 40, 9- 11:<\/b><\/span><\/p>\n<p style=\"margin: 0.0px 0.0px 0.0px 0.0px; font: 16.0px Helvetica\"><span style=\"letter-spacing: 0.0px\"><b><i>&nbsp;<\/i><\/b><i>\u201dVyst\u00fap na vysok\u00fd vrch, Sion, hl\u00e1sate\u013e radostnej zvesti, hlasno zvolaj, Jeruzalem, hl\u00e1sate\u013e radostnej zvesti! (10) Hlasno volaj, neboj sa, povedz j\u00fadskym mest\u00e1m: Ajh\u013ea, <\/i>Boh<i> v\u00e1\u0161! Ajh\u013ea, Hospodin, P\u00e1n prich\u00e1dza s mocou, Jeho rameno zasahuje. H\u013ea, Jeho mzda je pri \u0148om a Jeho odmena je pred N\u00edm. (11) P\u00e1s\u0165 bude svoje st\u00e1do ako pastier, zhroma\u017ed\u00ed ho svoj\u00edm ramenom, jahniatka ponesie v n\u00e1ru\u010d\u00ed, prid\u00e1jaj\u00face ovce povedie. Amen.&nbsp;<\/i><\/span><\/p>\n<p style=\"margin: 0.0px 0.0px 0.0px 0.0px; font: 16.0px Helvetica; min-height: 19.0px\"><span style=\"letter-spacing: 0.0px\">&nbsp;&nbsp; &nbsp;<\/span><\/p>\n<p style=\"margin: 0.0px 0.0px 0.0px 0.0px; font: 16.0px Helvetica\"><span style=\"letter-spacing: 0.0px\">&nbsp;&nbsp; Bohumil\u00ed kres\u0165ania, bratia a sestry v P\u00e1novi Je\u017ei\u0161ovi Kristovi!<\/span><\/p>\n<p style=\"margin: 0.0px 0.0px 0.0px 0.0px; font: 16.0px Helvetica; min-height: 19.0px\">&nbsp;<\/p>\n<p style=\"margin: 0.0px 0.0px 0.0px 0.0px; font: 16.0px Helvetica\"><span style=\"letter-spacing: 0.0px\">&nbsp; &nbsp; S pokra\u010duj\u00facim adventn\u00fdm \u010dasom m\u00f4\u017ee r\u00e1s\u0165 aj na\u0161a rados\u0165.&nbsp; Nepochybne, \u017ee pre mnoh\u00fdch \u013eud\u00ed sa pre\u017e\u00edvanie Bo\u017e\u00edch milostiv\u00fdch skutkov op\u00e4\u0165 aj v tomto roku skoncentruje iba do p\u00e1r viano\u010dn\u00fdch a sviato\u010dn\u00fdch dn\u00ed. Ale my sa nemus\u00edme s\u00fastredova\u0165 iba na Vianoce, tob\u00f4\u017e <b>nie iba na \u0160tedr\u00fd ve\u010der.<\/b> U\u017e dnes k n\u00e1m hovor\u00ed ten ist\u00fd Boh a Otec, ten ist\u00fd P\u00e1n, pln\u00fd milosti a ten ist\u00fd Duch pravdy a l\u00e1sky. &nbsp;<\/span><\/p>\n<p style=\"margin: 0.0px 0.0px 0.0px 0.0px; font: 16.0px Helvetica\"><span style=\"letter-spacing: 0.0px\">&nbsp; &nbsp; Na\u0161ou \u00falohou a povinnos\u0165ou v\u0161ak nie je iba prij\u00edma\u0165 slovo evanjelia o Bo\u017e\u00edch skutkoch z\u00e1chrany len pre n\u00e1s. Ono je toti\u017e z\u00e1v\u00e4zne ur\u010den\u00e9&nbsp; \u201cv\u0161etk\u00e9mu \u013eudu\u201d.( Lk 2, 14) Na\u0161ou \u00falohou je prija\u0165 z tohoto bohatstva a posolstva sp\u00e1sy \u010do najviac, aby sme vedeli obdari\u0165 a pote\u0161i\u0165 aj in\u00fdch. Advent je pr\u00edhodn\u00fd \u010das k tomu, aby sa svedectvom a posolstvom o radosti a pr\u00edchode sp\u00e1sy stali aj na\u0161e slov\u00e1, na\u0161e postoje i n\u00e1\u0161 kres\u0165ansk\u00fd sp\u00f4sob \u017eivota.<\/span><\/p>\n<p style=\"margin: 0.0px 0.0px 0.0px 0.0px; font: 16.0px Helvetica; min-height: 19.0px\"><span style=\"letter-spacing: 0.0px\">&nbsp;&nbsp;<\/span><\/p>\n<p style=\"margin: 0.0px 0.0px 0.0px 0.0px; font: 16.0px Helvetica\"><span style=\"letter-spacing: 0.0px\">&nbsp; &nbsp; Tak, ako ke\u010f \u013eud SZ po d\u0148och sk\u00fa\u0161ok a utrpenia v babylonskom zajat\u00ed, prijal prejavy Bo\u017eej milosti, odpustenia, novej n\u00e1deje a \u017eivota pre cel\u00e9 spolo\u010denstvo veriacich a <b>nemal o tom ml\u010da\u0165, ale verejne to hl\u00e1sa\u0165 a zvesotva\u0165 &#8211; tak aj my!<\/b> My, ako NZ spolo\u010dentvo veriacich, ako cirkev &#8211; m\u00e1me si po\u010d\u00edna\u0165 podobne.&nbsp;<\/span><\/p>\n<p style=\"margin: 0.0px 0.0px 0.0px 0.0px; font: 16.0px Helvetica; min-height: 19.0px\"><span style=\"letter-spacing: 0.0px\">&nbsp; &nbsp;<\/span><\/p>\n<p style=\"margin: 0.0px 0.0px 0.0px 0.0px; font: 16.0px Helvetica\"><span style=\"letter-spacing: 0.0px\"><i>\u201cVyst\u00fap na vysok\u00fd vrch, Sion, hl\u00e1sate\u013e radostnej zvesti\u201d &#8211;<\/i> vyzval Hospodin \u013eud Siona prostredn\u00edctvom prorockej zvesti. <i>\u201c Hlasno volaj<\/i><\/span><\/p>\n<p style=\"margin: 0.0px 0.0px 0.0px 0.0px; font: 16.0px Helvetica\"><span style=\"letter-spacing: 0.0px\"><i>-Jeruzalem, hl\u00e1sate\u013e radostnej zvesti. Povedz j\u00fadskym mest\u00e1m: Ajh\u013ea, Boh v\u00e1\u0161! Ajh\u013ea, Hospodin, P\u00e1n prich\u00e1dza s mocou\u201d<\/i><\/span><\/p>\n<p style=\"margin: 0.0px 0.0px 0.0px 0.0px; font: 16.0px Helvetica; min-height: 19.0px\"><span style=\"letter-spacing: 0.0px\"><i>&nbsp;&nbsp; &nbsp;<\/i><\/span><\/p>\n<p style=\"margin: 0.0px 0.0px 0.0px 0.0px; font: 16.0px Helvetica\"><span style=\"letter-spacing: 0.0px\"><i>&nbsp;&nbsp; &nbsp; <\/i>Zves\u0165 o \u017eivom Bohu, ktor\u00fd sa nemen\u00ed, ale je vern\u00fd a pln\u00ed svoje s\u013euby je d\u00f4le\u017eit\u00e1 aj dnes. Je d\u00f4le\u017eit\u00e1 pre ka\u017ed\u00e9ho uprostred tejto \u010dasnosti a pominute\u013enosti. Uprostred mnohej neistoty, ke\u010f sa tzv. istoty a n\u00e1deje \u013eud\u00ed v\u0161ade okolo n\u00e1s i v okolitom svete kl\u00e1tia.&nbsp;<\/span><\/p>\n<p style=\"margin: 0.0px 0.0px 0.0px 0.0px; font: 16.0px Helvetica\"><span style=\"letter-spacing: 0.0px\">Ke\u010f nespravodlivos\u0165 sveta a \u013eudsk\u00e1 tvrdos\u0165 m\u00e1 zdanlivo navrch. Prinies\u0165 posolstvo o Tom, ktor\u00fd sa nemen\u00ed vo svojich milostiv\u00fdch, skutkoch &#8211; znamen\u00e1 ohlasova\u0165 Ho v\u0161ade a v\u0161etk\u00fdm. On a jeho moc nie je proti n\u00e1m, ale za n\u00e1s a pre n\u00e1s. V\u017edy konal a kon\u00e1 v n\u00e1\u0161 prospech.&nbsp;<\/span><\/p>\n<p style=\"margin: 0.0px 0.0px 0.0px 0.0px; font: 16.0px Helvetica\"><span style=\"letter-spacing: 0.0px\">&nbsp; &nbsp; Pred tis\u00edcro\u010diami, rovnako ako v\u010dera, a aj dnes varuje \u013eudstvo pred mnoh\u00fdmi bludmi. Pred hriechom a ka\u017ed\u00fdm otroctvom ducha a tela. P\u00e1n Boh nielen varuje, ale aj kon\u00e1 vo svojom Synovi,&nbsp; v ktorom na svetlo vyviedol \u017eivot a neporu\u0161ite\u013enos\u0165. Chce, aby sme znovu a znovu vn\u00edmali a rozj\u00edmali nad tajomstvom Jeho Bo\u017esk\u00e9ho sklonenia sa k n\u00e1m, vo vtelen\u00ed a pr\u00edchode Spasite\u013ea. Nad tajomstvom, ktor\u00e9 je v diele onoho zdanlivo bezmocn\u00e9ho Die\u0165a\u0165a M\u00e1rie panny, ktor\u00e9 v\u0161ak dok\u00e1zalo svoju silu a moc .&nbsp;<\/span><\/p>\n<p style=\"margin: 0.0px 0.0px 0.0px 0.0px; font: 16.0px Helvetica\"><span style=\"letter-spacing: 0.0px\">&nbsp;&nbsp; &nbsp; Ten, na ktor\u00e9ho m\u00e1me myslie\u0165 a koho pr\u00edchod hl\u00e1sa\u0165, nie je predsa Je\u017ei\u0161ko, ktor\u00fd nos\u00ed dar\u010deky v pestrofarebnom papieri. On je Syn Bo\u017e\u00ed, ktor\u00e9ho sprev\u00e1dzala anjelsk\u00e1 \u201cdru\u017eina\u201d. \/Sp 642,1\/.&nbsp;<\/span><\/p>\n<p style=\"margin: 0.0px 0.0px 0.0px 0.0px; font: 16.0px Helvetica\"><span style=\"letter-spacing: 0.0px\">Ten, ktor\u00e9mu posluhovali anjeli na p\u00fa\u0161ti, ke\u010f porazil poku\u0161ite\u013ea a odhalil jeho diabolsk\u00e9 \u00faskoky. Je nielen u\u010dite\u013e z Nazaretu, ale aj v\u00ed\u0165az nad smr\u0165ou. Je Ten, ktor\u00fd nepohrdol \u013eudsk\u00fdm telom, ale po vzkriesen\u00ed ho preniesol do neba. Tak predch\u00e1dza na\u0161e pochybnosti o \u00fadele na\u0161ej du\u0161e i tela, ak sa Ho vierou pevne dr\u017e\u00edme a ho nasledujeme.&nbsp;<\/span><\/p>\n<p style=\"margin: 0.0px 0.0px 0.0px 0.0px; font: 16.0px Helvetica; min-height: 19.0px\"><span style=\"letter-spacing: 0.0px\">&nbsp;&nbsp; &nbsp; &nbsp;<\/span><\/p>\n<p style=\"margin: 0.0px 0.0px 0.0px 0.0px; font: 16.0px Helvetica\"><span style=\"letter-spacing: 0.0px\">&nbsp;&nbsp; &nbsp; Je\u017ei\u0161, ako prav\u00fd Boh a \u010dlovek prich\u00e1dza vo svojom slove v\u0161ade, \u201c<i>kde sa dvaja, alebo traja z\u00eddu v Jeho mene<\/i>\u201d. I tam, kde sa l\u00e1me a prij\u00edma chlieb a Jeho telo a krv na odpustenie hriechov. Pri\u0161iel a prich\u00e1dza, aby pon\u00fakol ka\u017ed\u00e9mu sp\u00e1su a \u017eivot v spojen\u00ed s N\u00edm, v Jeho kr\u00e1\u013eovstve. Jeho ruky nie s\u00fa bezmocn\u00e9, ani ne\u010dinn\u00e9. On d\u00e1va zo svojho nebesk\u00e9ho prestret\u00e9ho stola milos\u0165 nad milos\u0165.&nbsp;<\/span><\/p>\n<p style=\"margin: 0.0px 0.0px 0.0px 0.0px; font: 16.0px Helvetica; min-height: 19.0px\"><span style=\"letter-spacing: 0.0px\">&nbsp;&nbsp; &nbsp;<\/span><\/p>\n<p style=\"margin: 0.0px 0.0px 0.0px 0.0px; font: 16.0px Helvetica\"><span style=\"letter-spacing: 0.0px\">&nbsp; &nbsp; &nbsp; \u00c1no, splnili sa a platia slov\u00e1 proroka Izai\u00e1\u0161a: <i>\u201cJeho rameno zasahuje. H\u013ea, jeho mzda je pri \u0147om a jeho odmena pred N\u00edm<\/i>.\u201d&nbsp; On n\u00e1s miloval sk\u00f4r, ako my Jeho. Sk\u00f4r, ako sme uverili. Sk\u00f4r, ako sme Ho poznal, On poznal a pozn\u00e1 n\u00e1s.&nbsp; Preto Jeho posolstvo sp\u00e1sy a \u017eivota m\u00e1 znie\u0165 v\u0161ade. I tam, kde \u010dlovek \u017eije akoby \u201cv tmavom \u00fadol\u00ed\u201d, ale aj tam, kde \u017eije zdanlivo \u201cna v\u00fd\u0161in\u00e1ch\u201d a vrcholoch tohoto sveta. Lebo ka\u017ed\u00fd potrebuje jeho milos\u0165 a pomoc.<\/span><\/p>\n<p style=\"margin: 0.0px 0.0px 0.0px 0.0px; font: 16.0px Helvetica; min-height: 19.0px\"><span style=\"letter-spacing: 0.0px\">&nbsp; &nbsp; &nbsp; &nbsp;<\/span><\/p>\n<p style=\"margin: 0.0px 0.0px 0.0px 0.0px; font: 16.0px Helvetica\"><span style=\"letter-spacing: 0.0px\">&nbsp; &nbsp; Je potrebn\u00e9 v\u0161ak poveda\u0165 aj to, \u017ee tam, kde nie je Je\u017ei\u0161 prijat\u00fd ako P\u00e1n a Spasite\u013e, nebude ani \u010dlovek prijat\u00fd do Jeho splo\u010denstva a nebude ma\u0165 \u00fa\u010das\u0165 na Jeho ve\u010dnom \u017eivote. Je\u017ei\u0161 Kristus toti\u017e pr\u00edde na konci vekov ako Sudca. Pred Jeho mocou a s\u00fadom bude st\u00e1\u0165 ka\u017ed\u00fd. V\u0161etci sa napokon sklon\u00edme pred Jeho s\u00fadom. Ako v dne\u0161nom slove epi\u0161toly vyznal ap.Pavel: <i>\u201dP\u00e1n je ten, ktor\u00fd ma s\u00fadi. Preto ni\u010d nes\u00fa\u010fte pred\u010dasne, dokia\u013e nepr\u00edde P\u00e1n, ktor\u00fd osvieti to, \u010do je vo tme skryt\u00e9 a zjav\u00ed \u00famysly s\u0155dc, a vtedy ka\u017ed\u00fd dostane pochvalu od Boha\u201d.&nbsp; (1 Kor 4,5)<\/i><\/span><\/p>\n<p style=\"margin: 0.0px 0.0px 0.0px 0.0px; font: 16.0px Helvetica; min-height: 19.0px\"><span style=\"letter-spacing: 0.0px\"><i>&nbsp;&nbsp; &nbsp;<\/i><\/span><\/p>\n<p style=\"margin: 0.0px 0.0px 0.0px 0.0px; font: 16.0px Helvetica\"><span style=\"letter-spacing: 0.0px\"><i>&nbsp; &nbsp; &nbsp;<\/i><b><i> <\/i>Advent<\/b> m\u00e1 nepochybne aj tento rozmer. Nielen spomienku na Kristov prv\u00fd pr\u00edchod v \u013eudskom tele, nielen upozornenie na st\u00e1le prich\u00e1dzaj\u00faceho Spasite\u013ea. <b>Jeho zves\u0165 je spojen\u00e1 aj s n\u00e1dejou, ktor\u00fa e\u0161te st\u00e1le \u010dak\u00e1me, \u017ee sa svoj\u00edm \u010dasom napln\u00ed<\/b>. Je\u017ei\u0161 Kristus pr\u00edde. Pr\u00edde \u201cs\u00fadi\u0165 \u017eiv\u00fdch i m\u0155tvych\u201d.&nbsp; V\u0161ade tam, kde je prav\u00e9 a spr\u00e1vne poznanie Je\u017ei\u0161a Krista, kde je n\u00e1\u0161 \u017eivot v duchovnom spojen\u00ed s N\u00edm, kde ne\u017eijeme \u201d<i>iba chlebom, ale ka\u017ed\u00fdm slovom, ktor\u00e9 vych\u00e1dza z \u00fast Bo\u017e\u00edch\u201d<\/i>, <b>tam je my\u0161lienka na druh\u00fd pr\u00edchod&nbsp; a s\u00fad P\u00e1nov nie hrozbou, ale o\u010dak\u00e1van\u00edm radostnej n\u00e1deje. <\/b>T\u00fato n\u00e1dej smieme z Jeho milosti pon\u00faka\u0165 v\u0161etk\u00fdm: de\u0165om i dospel\u00fdm, zdrav\u00fdm i chor\u00fdm, siln\u00fdm, i slab\u00fdm, jediacim \u201cchlieb radosti \u201c i t\u00fdm, ktor\u00ed&nbsp; \u201cjedia z chleba z\u00e1rmutku\u201d&#8230;<i>\u201cP\u00e1s\u0165 bude svoje st\u00e1do ako pastier, zhroma\u017ed\u00ed ho svoj\u00edm ramenom, jahniatka ponesie v n\u00e1ru\u010d\u00ed, prid\u00e1jaj\u00face ovce povedie\u201d( v.11).<\/i>&nbsp;<\/span><\/p>\n<p style=\"margin: 0.0px 0.0px 0.0px 0.0px; font: 16.0px Helvetica; min-height: 19.0px\"><span style=\"letter-spacing: 0.0px\">&nbsp;<\/span><\/p>\n<p style=\"margin: 0.0px 0.0px 0.0px 0.0px; font: 16.0px Helvetica\"><span style=\"letter-spacing: 0.0px\">&nbsp;&nbsp; Tieto slov\u00e1, maj\u00fa tie\u017e znie\u0165 v\u0161ade. Nie iba v t\u00ed\u0161ine chr\u00e1mov, ale aj&nbsp; na \u201c vysokch vrchoch\u201d&nbsp; dne\u0161n\u00e9ho sveta. Boh v Je\u017ei\u0161ovi Kristovi pri\u0161iel ako Dobr\u00fd a zachra\u0148uj\u00faci Pastier.&nbsp; Chce n\u00e1js\u0165 ka\u017ed\u00fa ove\u010dku, aby jej sl\u00fa\u017eil svojou l\u00e1skou a milos\u0165ou. Pr\u00e1vom m\u00f4\u017ee onedlho&nbsp; zaznie\u0165 radostn\u00e1 , viano\u010dn\u00e1 koleda: \u201c<i>Dobr\u00fd pastier sa narodil, by ove\u010dky vyslobodil&#8230;<\/i>Niet takej moci, ktor\u00e1 by n\u00e1s mohla vytrhn\u00fa\u0165&nbsp; z Jeho n\u00e1ru\u010dia, ak sa do Jeho r\u00fak s d\u00f4verou odovz\u00e1vame a vlo\u017e\u00edme.&nbsp;<\/span><\/p>\n<p style=\"margin: 0.0px 0.0px 0.0px 0.0px; font: 16.0px Helvetica; min-height: 19.0px\"><span style=\"letter-spacing: 0.0px\">&nbsp; &nbsp;<\/span><\/p>\n<p style=\"margin: 0.0px 0.0px 0.0px 0.0px; font: 16.0px Helvetica\"><span style=\"letter-spacing: 0.0px\">&nbsp; &nbsp; Slov\u00e1 o milostivom Bohu a Spasite\u013eovi, ktor\u00e9ho n\u00e1m dal n\u00e1\u0161 Boh v plnosti \u010dasu, s\u00fa u\u017e dnes ponukou radosti. Ponukou pokoja vn\u00fatorn\u00e9ho i vonkaj\u0161ieho pre v\u0161etk\u00fdch n\u00e1s. S\u00fa z\u00e1rove\u0148 <b>povzbuden\u00edm k na\u0161ej slu\u017ebe &#8211; sta\u0165 sa hl\u00e1sate\u013emi radostnej zvesti<\/b> pre v\u0161ade tam, kde to smieme a m\u00e1me urobi\u0165, po\u010dn\u00fac od na\u0161ich rod\u00edn a spolo\u010denstva n\u00e1\u0161ho cirkevn\u00e9ho zboru. Bu\u010fme teda&nbsp; hl\u00e1sate\u013emi slovami i mravn\u00fdmi postojmi, skutkami, n\u00e1v\u0161tevou v chr\u00e1me i na\u0161ou advento &#8211; viano\u010dnou pr\u00edpravou. T\u00fdm v\u0161etk\u00fdm dajme <b>verejne a zjavne<\/b> na vedomie \u010d\u00edm viacer\u00fdm zves\u0165 o radosti, pokoji a n\u00e1deji v na\u0161om P\u00e1novi Je\u017ei\u0161ovi Kristovi. Amen. &nbsp;<\/span><\/p>\n<p style=\"margin: 0.0px 0.0px 0.0px 0.0px; font: 12.0px Helvetica\"><span style=\"font: 16.0px Helvetica; letter-spacing: 0.0px\">&nbsp; &nbsp; &nbsp;<\/span><span style=\"letter-spacing: 0.0px\"> &nbsp; &nbsp; &nbsp; &nbsp; &nbsp; &nbsp; &nbsp; &nbsp; &nbsp; &nbsp; &nbsp; &nbsp; &nbsp; &nbsp; &nbsp; &nbsp; &nbsp; &nbsp; &nbsp; &nbsp; &nbsp; &nbsp; &nbsp; &nbsp; &nbsp;3.ned.advetn\u00e1&nbsp; &#8211; Rovensko a Soboti\u0161te 2O11- \u013d.Batka st<\/span><\/p>\n<p style=\"margin: 0.0px 0.0px 0.0px 0.0px; font: 16.0px Helvetica; min-height: 19.0px\"><span style=\"letter-spacing: 0.0px\">&nbsp; &nbsp; &nbsp;<\/span><\/p>\n","protected":false},"excerpt":{"rendered":"<p>&nbsp;&nbsp; &nbsp; &nbsp; &nbsp; &nbsp; &nbsp; &nbsp; &nbsp; &nbsp; &nbsp; &nbsp; &nbsp; &nbsp; &nbsp; &nbsp; &nbsp; &nbsp; &nbsp; &nbsp; &nbsp; &nbsp; Povzbudenie hl\u00e1sate\u013eom radostnej zvesti Iz 40, 9- 11: &nbsp;\u201dVyst\u00fap na vysok\u00fd vrch, Sion, hl\u00e1sate\u013e radostnej zvesti, hlasno zvolaj, Jeruzalem, hl\u00e1sate\u013e radostnej zvesti! (10) Hlasno volaj, neboj sa, povedz j\u00fadskym mest\u00e1m: Ajh\u013ea, Boh v\u00e1\u0161! Ajh\u013ea, &#8230; <a title=\"Povzbudenie hl\u00e1sate\u013eom radostnej zvesti\" class=\"read-more\" href=\"https:\/\/www.e-anjelik.sk\/index.php\/2011\/12\/11\/povzbudenie-hlasatelom-radostnej-zvesti\/\" aria-label=\"Pre\u010d\u00edtajte si viac o Povzbudenie hl\u00e1sate\u013eom radostnej zvesti\">\u010c\u00edta\u0165 viac<\/a><\/p>\n","protected":false},"author":4,"featured_media":0,"comment_status":"open","ping_status":"open","sticky":false,"template":"","format":"standard","meta":{"footnotes":""},"categories":[582,179,95],"tags":[249,192],"class_list":["post-3963","post","type-post","status-publish","format-standard","hentry","category-3-adventna-nedela","category-advent","category-sobotiste","tag-bohosluzby","tag-kazen"],"_links":{"self":[{"href":"https:\/\/www.e-anjelik.sk\/index.php\/wp-json\/wp\/v2\/posts\/3963","targetHints":{"allow":["GET"]}}],"collection":[{"href":"https:\/\/www.e-anjelik.sk\/index.php\/wp-json\/wp\/v2\/posts"}],"about":[{"href":"https:\/\/www.e-anjelik.sk\/index.php\/wp-json\/wp\/v2\/types\/post"}],"author":[{"embeddable":true,"href":"https:\/\/www.e-anjelik.sk\/index.php\/wp-json\/wp\/v2\/users\/4"}],"replies":[{"embeddable":true,"href":"https:\/\/www.e-anjelik.sk\/index.php\/wp-json\/wp\/v2\/comments?post=3963"}],"version-history":[{"count":1,"href":"https:\/\/www.e-anjelik.sk\/index.php\/wp-json\/wp\/v2\/posts\/3963\/revisions"}],"predecessor-version":[{"id":35844,"href":"https:\/\/www.e-anjelik.sk\/index.php\/wp-json\/wp\/v2\/posts\/3963\/revisions\/35844"}],"wp:attachment":[{"href":"https:\/\/www.e-anjelik.sk\/index.php\/wp-json\/wp\/v2\/media?parent=3963"}],"wp:term":[{"taxonomy":"category","embeddable":true,"href":"https:\/\/www.e-anjelik.sk\/index.php\/wp-json\/wp\/v2\/categories?post=3963"},{"taxonomy":"post_tag","embeddable":true,"href":"https:\/\/www.e-anjelik.sk\/index.php\/wp-json\/wp\/v2\/tags?post=3963"}],"curies":[{"name":"wp","href":"https:\/\/api.w.org\/{rel}","templated":true}]}}