{"id":3967,"date":"2011-12-12T13:54:04","date_gmt":"2011-12-12T13:54:04","guid":{"rendered":"http:\/\/e-anjelik.sk\/?p=3967"},"modified":"2011-12-12T13:54:04","modified_gmt":"2011-12-12T13:54:04","slug":"advent-v-cz-svaty-jur","status":"publish","type":"post","link":"https:\/\/www.e-anjelik.sk\/index.php\/2011\/12\/12\/advent-v-cz-svaty-jur\/","title":{"rendered":"Advent v cz Sv\u00e4t\u00fd Jur"},"content":{"rendered":"<p>Ako sme u\u017e ozn&aacute;mili v 3. adventn&uacute; nede\u013eu 11. dec. 2011 sa po hlavn&yacute;ch slu\u017eb&aacute;ch Bo\u017e&iacute;ch konal v zborovej miestnosti cz Sv&auml;t&yacute; Jur tradi\u010dn&yacute; adventn&yacute; bazar. Finan\u010dn&yacute; <strong>v&yacute;\u0165a\u017eok z neho je 320,00 EUR. <\/strong>Financie sa podelia na viacero adries, ktor&eacute; to nutne potrebuj&uacute;. Predsedn&iacute;ctvo cirkevn&eacute;ho zboru srde\u010dne &acute;dakuje v&scaron;etk&yacute;m \u017een&aacute;m, ktor&eacute; sa na pr&iacute;prave a realizovan&iacute; bazaru podie\u013eali, a hlavne v&scaron;etk&yacute;m &scaron;tedr&yacute;m darcom.<\/p>\n<p>S&uacute;\u010dasne poz&yacute;vame V&aacute;s na nede\u013eu 18. dec. 2011 do ev. chr&aacute;mu vo Sv.Jure, kde o 9,30 hodine bud&uacute; ml&aacute;de\u017en&iacute;cke slu\u017eby Bo\u017eie <strong>KOSTOL INAK<\/strong>.<\/p>\n<p>Veriaci sa okrem toho pri Bo\u017eom Slove stret&aacute;vaj&uacute; aj <strong>v utorok a piatok v chr&aacute;me na ve\u010dier\u0148ach o 17.00 hodine.<\/strong><\/p>\n","protected":false},"excerpt":{"rendered":"<p>Ako sme u\u017e ozn&aacute;mili v 3. adventn&uacute; nede\u013eu 11. dec. 2011 sa po hlavn&yacute;ch slu\u017eb&aacute;ch Bo\u017e&iacute;ch konal v zborovej miestnosti cz Sv&auml;t&yacute; Jur tradi\u010dn&yacute; adventn&yacute; bazar. Finan\u010dn&yacute; v&yacute;\u0165a\u017eok z neho je 320,00 EUR. Financie sa podelia na viacero adries, ktor&eacute; to nutne potrebuj&uacute;. Predsedn&iacute;ctvo cirkevn&eacute;ho zboru srde\u010dne &acute;dakuje v&scaron;etk&yacute;m \u017een&aacute;m, ktor&eacute; sa na pr&iacute;prave a &#8230; <a title=\"Advent v cz Sv\u00e4t\u00fd Jur\" class=\"read-more\" href=\"https:\/\/www.e-anjelik.sk\/index.php\/2011\/12\/12\/advent-v-cz-svaty-jur\/\" aria-label=\"Pre\u010d\u00edtajte si viac o Advent v cz Sv\u00e4t\u00fd Jur\">\u010c\u00edta\u0165 viac<\/a><\/p>\n","protected":false},"author":22,"featured_media":0,"comment_status":"open","ping_status":"open","sticky":false,"template":"","format":"standard","meta":{"footnotes":""},"categories":[179,246],"tags":[],"class_list":["post-3967","post","type-post","status-publish","format-standard","hentry","category-advent","category-svaty-jur"],"_links":{"self":[{"href":"https:\/\/www.e-anjelik.sk\/index.php\/wp-json\/wp\/v2\/posts\/3967","targetHints":{"allow":["GET"]}}],"collection":[{"href":"https:\/\/www.e-anjelik.sk\/index.php\/wp-json\/wp\/v2\/posts"}],"about":[{"href":"https:\/\/www.e-anjelik.sk\/index.php\/wp-json\/wp\/v2\/types\/post"}],"author":[{"embeddable":true,"href":"https:\/\/www.e-anjelik.sk\/index.php\/wp-json\/wp\/v2\/users\/22"}],"replies":[{"embeddable":true,"href":"https:\/\/www.e-anjelik.sk\/index.php\/wp-json\/wp\/v2\/comments?post=3967"}],"version-history":[{"count":0,"href":"https:\/\/www.e-anjelik.sk\/index.php\/wp-json\/wp\/v2\/posts\/3967\/revisions"}],"wp:attachment":[{"href":"https:\/\/www.e-anjelik.sk\/index.php\/wp-json\/wp\/v2\/media?parent=3967"}],"wp:term":[{"taxonomy":"category","embeddable":true,"href":"https:\/\/www.e-anjelik.sk\/index.php\/wp-json\/wp\/v2\/categories?post=3967"},{"taxonomy":"post_tag","embeddable":true,"href":"https:\/\/www.e-anjelik.sk\/index.php\/wp-json\/wp\/v2\/tags?post=3967"}],"curies":[{"name":"wp","href":"https:\/\/api.w.org\/{rel}","templated":true}]}}