{"id":3968,"date":"2011-12-13T09:14:38","date_gmt":"2011-12-13T09:14:38","guid":{"rendered":"http:\/\/e-anjelik.sk\/?p=3968"},"modified":"2011-12-13T09:14:38","modified_gmt":"2011-12-13T09:14:38","slug":"migracia-meni-mapy-cirkvi","status":"publish","type":"post","link":"https:\/\/www.e-anjelik.sk\/index.php\/2011\/12\/13\/migracia-meni-mapy-cirkvi\/","title":{"rendered":"Migr\u00e1cia men\u00ed mapy cirkv\u00ed"},"content":{"rendered":"<p>Ako men&iacute; migr&aacute;cia vo svete mapy cirkv&iacute;? Ak&eacute; s&uacute; tieto zmeny? Ak&yacute; je vplyv migrantov na spolo\u010denstv&aacute;? \u010co m&ocirc;\u017eu robi\u0165 cirkvi, zachov&aacute;vaj&uacute;c a akceptuj&uacute;c r&ocirc;znos\u0165 ,aby dali odpove\u010f na ot&aacute;zku :&quot;Kto je m&ocirc;j bl&iacute;\u017eny?&quot; v globalizovanom svete? Odpovede na tieto ot&aacute;zky h\u013eadali 30 &uacute;\u010dastn&iacute;ci v hlavnom meste Libanonu Bejr&uacute;te v d\u0148och 5. a\u017e 7. decembra 2011. Region&aacute;lnu konferenciu zorganizovala Svetov&aacute; rada cirkv&iacute; (SRC) a z&uacute;\u010dastnili sa jej z&aacute;stupcovia cirkv&iacute; z Eur&oacute;py, Afriky a Bl&iacute;zkeho V&yacute;chodu, ekumenick&eacute; organiz&aacute;cie a ne&scaron;t&aacute;tne organiz&aacute;cie.&nbsp;&nbsp;<\/p>\n<p>(<a href=\"http:\/\/www.oikoumene.org\">www.oikoumene.org<\/a>)<\/p>\n","protected":false},"excerpt":{"rendered":"<p>Ako men&iacute; migr&aacute;cia vo svete mapy cirkv&iacute;? Ak&eacute; s&uacute; tieto zmeny? Ak&yacute; je vplyv migrantov na spolo\u010denstv&aacute;? \u010co m&ocirc;\u017eu robi\u0165 cirkvi, zachov&aacute;vaj&uacute;c a akceptuj&uacute;c r&ocirc;znos\u0165 ,aby dali odpove\u010f na ot&aacute;zku :&quot;Kto je m&ocirc;j bl&iacute;\u017eny?&quot; v globalizovanom svete? Odpovede na tieto ot&aacute;zky h\u013eadali 30 &uacute;\u010dastn&iacute;ci v hlavnom meste Libanonu Bejr&uacute;te v d\u0148och 5. a\u017e 7. decembra &#8230; <a title=\"Migr\u00e1cia men\u00ed mapy cirkv\u00ed\" class=\"read-more\" href=\"https:\/\/www.e-anjelik.sk\/index.php\/2011\/12\/13\/migracia-meni-mapy-cirkvi\/\" aria-label=\"Pre\u010d\u00edtajte si viac o Migr\u00e1cia men\u00ed mapy cirkv\u00ed\">\u010c\u00edta\u0165 viac<\/a><\/p>\n","protected":false},"author":22,"featured_media":0,"comment_status":"open","ping_status":"open","sticky":false,"template":"","format":"standard","meta":{"footnotes":""},"categories":[1],"tags":[234],"class_list":["post-3968","post","type-post","status-publish","format-standard","hentry","category-adventna-modlitba","tag-zdruzenia-a-skupiny"],"_links":{"self":[{"href":"https:\/\/www.e-anjelik.sk\/index.php\/wp-json\/wp\/v2\/posts\/3968","targetHints":{"allow":["GET"]}}],"collection":[{"href":"https:\/\/www.e-anjelik.sk\/index.php\/wp-json\/wp\/v2\/posts"}],"about":[{"href":"https:\/\/www.e-anjelik.sk\/index.php\/wp-json\/wp\/v2\/types\/post"}],"author":[{"embeddable":true,"href":"https:\/\/www.e-anjelik.sk\/index.php\/wp-json\/wp\/v2\/users\/22"}],"replies":[{"embeddable":true,"href":"https:\/\/www.e-anjelik.sk\/index.php\/wp-json\/wp\/v2\/comments?post=3968"}],"version-history":[{"count":0,"href":"https:\/\/www.e-anjelik.sk\/index.php\/wp-json\/wp\/v2\/posts\/3968\/revisions"}],"wp:attachment":[{"href":"https:\/\/www.e-anjelik.sk\/index.php\/wp-json\/wp\/v2\/media?parent=3968"}],"wp:term":[{"taxonomy":"category","embeddable":true,"href":"https:\/\/www.e-anjelik.sk\/index.php\/wp-json\/wp\/v2\/categories?post=3968"},{"taxonomy":"post_tag","embeddable":true,"href":"https:\/\/www.e-anjelik.sk\/index.php\/wp-json\/wp\/v2\/tags?post=3968"}],"curies":[{"name":"wp","href":"https:\/\/api.w.org\/{rel}","templated":true}]}}