{"id":3969,"date":"2011-12-13T09:39:30","date_gmt":"2011-12-13T09:39:30","guid":{"rendered":"http:\/\/e-anjelik.sk\/?p=3969"},"modified":"2011-12-13T09:39:30","modified_gmt":"2011-12-13T09:39:30","slug":"nositelka-nobelovej-ceny-mieru-navstivi-svedsku-cirkev","status":"publish","type":"post","link":"https:\/\/www.e-anjelik.sk\/index.php\/2011\/12\/13\/nositelka-nobelovej-ceny-mieru-navstivi-svedsku-cirkev\/","title":{"rendered":"Nosite\u013eka Nobelovej ceny mieru nav\u0161t\u00edvi \u0160v\u00e9dsku cirkev"},"content":{"rendered":"<p>V t&yacute;chto d\u0148och boli na Severe udelen&eacute; Nobelov&eacute; ceny. Medzi nimi mierov&uacute; cenu z&iacute;skali tohto roku tri \u017eeny, jednou z nich je aj aktivistka Liberijskej luter&aacute;nskej cirkvi Leymah Gbowee. V utorok 14. dec. t.r. nav&scaron;t&iacute;vi pred obedom &uacute;stredie &Scaron;v&eacute;dskej cirkvi v Uppsale, stretne sa tam popoludn&iacute; aj s 200 \u017eiakmi Rosendahlovho gymn&aacute;zia, ktor&iacute; sa venuj&uacute; medzin&aacute;rodn&eacute;mu programu.Prijme ju aj arcibiskup A. Wejryd.T&eacute;mou rozhovorov bude pr&aacute;ca \u017eien za mier a zmierenie a ich &uacute;loha v cirkvi.&nbsp;Gbowee doprev&aacute;dza v Eur&oacute;pe k\u0148az &Scaron;v&eacute;dskej cirkvi Hans Lindqvist &nbsp;&#8211; aktivista&nbsp;mierov&eacute;ho programu &Scaron;C v Lib&eacute;rii.<\/p>\n<p>(<a href=\"http:\/\/www.svenskakyrkan.se\">www.svenskakyrkan.se<\/a>)<\/p>\n","protected":false},"excerpt":{"rendered":"<p>V t&yacute;chto d\u0148och boli na Severe udelen&eacute; Nobelov&eacute; ceny. Medzi nimi mierov&uacute; cenu z&iacute;skali tohto roku tri \u017eeny, jednou z nich je aj aktivistka Liberijskej luter&aacute;nskej cirkvi Leymah Gbowee. V utorok 14. dec. t.r. nav&scaron;t&iacute;vi pred obedom &uacute;stredie &Scaron;v&eacute;dskej cirkvi v Uppsale, stretne sa tam popoludn&iacute; aj s 200 \u017eiakmi Rosendahlovho gymn&aacute;zia, ktor&iacute; sa venuj&uacute; &#8230; <a title=\"Nosite\u013eka Nobelovej ceny mieru nav\u0161t\u00edvi \u0160v\u00e9dsku cirkev\" class=\"read-more\" href=\"https:\/\/www.e-anjelik.sk\/index.php\/2011\/12\/13\/nositelka-nobelovej-ceny-mieru-navstivi-svedsku-cirkev\/\" aria-label=\"Pre\u010d\u00edtajte si viac o Nosite\u013eka Nobelovej ceny mieru nav\u0161t\u00edvi \u0160v\u00e9dsku cirkev\">\u010c\u00edta\u0165 viac<\/a><\/p>\n","protected":false},"author":22,"featured_media":0,"comment_status":"open","ping_status":"open","sticky":false,"template":"","format":"standard","meta":{"footnotes":""},"categories":[1],"tags":[234],"class_list":["post-3969","post","type-post","status-publish","format-standard","hentry","category-adventna-modlitba","tag-zdruzenia-a-skupiny"],"_links":{"self":[{"href":"https:\/\/www.e-anjelik.sk\/index.php\/wp-json\/wp\/v2\/posts\/3969","targetHints":{"allow":["GET"]}}],"collection":[{"href":"https:\/\/www.e-anjelik.sk\/index.php\/wp-json\/wp\/v2\/posts"}],"about":[{"href":"https:\/\/www.e-anjelik.sk\/index.php\/wp-json\/wp\/v2\/types\/post"}],"author":[{"embeddable":true,"href":"https:\/\/www.e-anjelik.sk\/index.php\/wp-json\/wp\/v2\/users\/22"}],"replies":[{"embeddable":true,"href":"https:\/\/www.e-anjelik.sk\/index.php\/wp-json\/wp\/v2\/comments?post=3969"}],"version-history":[{"count":0,"href":"https:\/\/www.e-anjelik.sk\/index.php\/wp-json\/wp\/v2\/posts\/3969\/revisions"}],"wp:attachment":[{"href":"https:\/\/www.e-anjelik.sk\/index.php\/wp-json\/wp\/v2\/media?parent=3969"}],"wp:term":[{"taxonomy":"category","embeddable":true,"href":"https:\/\/www.e-anjelik.sk\/index.php\/wp-json\/wp\/v2\/categories?post=3969"},{"taxonomy":"post_tag","embeddable":true,"href":"https:\/\/www.e-anjelik.sk\/index.php\/wp-json\/wp\/v2\/tags?post=3969"}],"curies":[{"name":"wp","href":"https:\/\/api.w.org\/{rel}","templated":true}]}}