{"id":3972,"date":"2011-12-13T21:13:32","date_gmt":"2011-12-13T21:13:32","guid":{"rendered":"http:\/\/e-anjelik.sk\/?p=3972"},"modified":"2019-02-22T15:24:38","modified_gmt":"2019-02-22T14:24:38","slug":"proti-evanjelicky-program-prirodzeneho-rastu-cirkvi-ncd","status":"publish","type":"post","link":"https:\/\/www.e-anjelik.sk\/index.php\/2011\/12\/13\/proti-evanjelicky-program-prirodzeneho-rastu-cirkvi-ncd\/","title":{"rendered":"Proti-evanjelick\u00fd program Prirodzen\u00e9ho rastu cirkvi (NCD)?"},"content":{"rendered":"<p>Vierou\u010dn&yacute; v&yacute;bor vydal <a href=\"http:\/\/ecav.sk\/files\/user\/stanovisko_vierouc_vyboru.pdf\">vyhl&aacute;senie<\/a>. Tak, ako je naformulovan&eacute;, sa mu ned&aacute; takmer ni\u010d vy\u010d&iacute;ta\u0165. Trochu som v&scaron;ak nepochopil s&uacute;vis s&nbsp;&uacute;vodom.<\/p>\n<p>&nbsp;<\/p>\n<p class=\"MsoNormal\"><b>Willow Creek<\/b> je na Slovensku &uacute;plne okrajov&aacute; t&eacute;ma. Ani mnoh&iacute; teol&oacute;govia netu&scaron;ia, \u010do to je. Preto len pripomeniem, \u017ee napr. autor tril&oacute;gie Kauza Kristus, Kauza viera a&nbsp;Kauza Stvorite\u013e je \u010dlenom Willow Creek. (Ak ste n&aacute;hodou niektor&uacute; \u010d&iacute;tali, neprizn&aacute;vajte to, aby v&aacute;s vedenie ECAV neozna\u010dilo za sabot&eacute;rov, pr&iacute;padne na v&aacute;s nevyhl&aacute;silo fatvu <span style=\"font-family:Wingdings;mso-ascii-font-family:\nCalibri;mso-ascii-theme-font:minor-latin;mso-hansi-font-family:Calibri;\nmso-hansi-theme-font:minor-latin;mso-ansi-language:SK;mso-char-type:symbol;\nmso-symbol-font-family:Wingdings\">J<\/span>). <o:p><\/o:p><\/p>\n<p class=\"MsoNormal\"><b>Zakladanie zborov<\/b> &ndash; v&nbsp;ECAV ve\u013emi okrajov&aacute; vec. Schv&aacute;lne, ko\u013eko zborov sme zalo\u017eili od p&aacute;du komunizmu? <span style=\"font-family:Wingdings;\nmso-ascii-font-family:Calibri;mso-ascii-theme-font:minor-latin;mso-hansi-font-family:\nCalibri;mso-hansi-theme-font:minor-latin;mso-ansi-language:SK;mso-char-type:\nsymbol;mso-symbol-font-family:Wingdings\">J<\/span> <o:p><\/o:p><\/p>\n<p><span style=\"font-size:11.0pt;line-height:115%;font-family:&quot;Calibri&quot;,&quot;sans-serif&quot;;\nmso-ascii-theme-font:minor-latin;mso-fareast-font-family:Calibri;mso-fareast-theme-font:\nminor-latin;mso-hansi-theme-font:minor-latin;mso-bidi-font-family:&quot;Times New Roman&quot;;\nmso-bidi-theme-font:minor-bidi;mso-ansi-language:SK;mso-fareast-language:EN-US;\nmso-bidi-language:AR-SA\">Nieko\u013ekoro\u010dn&eacute; zaoberanie sa t&yacute;mito t&eacute;mami pova\u017eujem za <strong>stratu \u010dasu a&nbsp;mrhanie energiou<\/strong>, ktor&uacute; by sme mohli vyu\u017ei\u0165 na ove\u013ea v&aacute;\u017enej&scaron;ie potreby ECAV. Napr&iacute;klad na vyrie&scaron;enie klesaj&uacute;cej demografickej krivky, ktor&aacute; je (pod\u013ea ofici&aacute;lnych predstavite\u013eov) zodpovedn&aacute; za pr&aacute;zdne lavice v&nbsp;na&scaron;ich kostoloch <\/span><span style=\"font-size:11.0pt;line-height:\n115%;font-family:Wingdings;mso-ascii-font-family:Calibri;mso-ascii-theme-font:\nminor-latin;mso-fareast-font-family:Calibri;mso-fareast-theme-font:minor-latin;\nmso-hansi-font-family:Calibri;mso-hansi-theme-font:minor-latin;mso-bidi-font-family:\n&quot;Times New Roman&quot;;mso-bidi-theme-font:minor-bidi;mso-ansi-language:SK;\nmso-fareast-language:EN-US;mso-bidi-language:AR-SA;mso-char-type:symbol;\nmso-symbol-font-family:Wingdings\">J<\/span><\/p>\n<p>&nbsp;<\/p>\n<p class=\"MsoListParagraphCxSpFirst\" style=\"text-indent:-.25in;mso-list:l0 level1 lfo1\"><o:p><\/o:p>&nbsp; &nbsp; &nbsp; Pri <b>Prirodzenom raste cirkvi<\/b> (NCD) by som sa r&aacute;d pristavil. Nako\u013eko zatia\u013e nikto u&nbsp;n&aacute;s nepublikoval \u017eiadnu &scaron;t&uacute;diu na t&uacute;to t&eacute;mu, ktor&aacute; by na z&aacute;klade relevantn&yacute;ch argumentov dokazovala, \u017ee dan&yacute; program je ne-evanjelick&yacute;, \u010di dokonca proti-evanjelick&yacute;, r&aacute;d by som uviedol vlastn&uacute; sk&uacute;senos\u0165. Dan&yacute; program bol s&uacute;\u010das\u0165ou m&ocirc;jho &scaron;t&uacute;dia na Luter&aacute;nskom semin&aacute;ri Lutheran Church Missouri Synod (LCMS) vo Fort Wayne, USA. LCMS je konzervat&iacute;vna evanjelick&aacute; cirkev, ktor&aacute; napr&iacute;klad na&scaron;u ECAV pova\u017euje (z r&ocirc;znych d&ocirc;vodov) za liber&aacute;lnu. T&iacute;to \u013eudia s&uacute; doslova alergick&iacute; na v&scaron;etko, \u010do nie je luter&aacute;nske. A&nbsp;pr&aacute;ve v&nbsp;LCMS maj&uacute; program Prirodzen&eacute;ho rastu cirkvi a&nbsp;maj&uacute; na to aj svojich riadne vy&scaron;kolen&yacute;ch koordin&aacute;torov, ktor&iacute; NCD program ved&uacute; v&nbsp;cirkevn&yacute;ch zboroch, ktor&eacute; o&nbsp;to maj&uacute; z&aacute;ujem. (Jeden tak&yacute; koordin&aacute;tor NCD z&nbsp;LCMS mal pred p&aacute;r rokmi semin&aacute;r aj na Slovensku, kde prezentoval tento program, jeho v&yacute;sledky a&nbsp;sk&uacute;senosti zo zborov LCMS. <a href=\"http:\/\/www.evanjelik.net\/seminar-o-prirodzenom-raste-cirkvi\/\">Oznam <\/a>bol publikovan&yacute; aj v&nbsp;EPST a&nbsp;z&uacute;\u010dastnili sa aj ordinovan&iacute;<span lang=\"EN-US\">) <\/span><o:p><\/o:p><\/p>\n<p class=\"MsoNormal\">Ak teda pl&aacute;vame v&nbsp;plytk&yacute;ch vod&aacute;ch a&nbsp;nebav&iacute;me sa o&nbsp;obsahu dan&eacute;ho programu, tak minim&aacute;lne vznik&aacute; ot&aacute;zka: <b>Pre\u010do konzervat&iacute;vna luter&aacute;nska cirkev tento program prijala<\/b>, a&nbsp;na&scaron;a liber&aacute;lna ho takto ostro odsudzuje? \u010co neluter&aacute;nske objavili na&scaron;i odborn&iacute;ci, \u017ee na to nepri&scaron;li ani precitlivel&eacute; nosy teol&oacute;gov z&nbsp;LCMS? S&aacute;m som zvedav&yacute;, preto\u017ee isto ide o&nbsp;prevratn&yacute; objav svetov&eacute;ho v&yacute;znamu. K&yacute;m v&scaron;ak tieto prevratn&eacute; objavy prestan&uacute; by\u0165 dobre str&aacute;\u017een&yacute;m tajomstvom, tak budem veri\u0165 svojmu &scaron;t&uacute;diu, svojim profesorom a&nbsp;n&aacute;zoru konzervat&iacute;vnej luter&aacute;nskej cirkvi, a&nbsp;ako ordinovan&yacute; \u010dlen ECAV budem tvrdi\u0165, \u017ee <b>na NCD nie je ni\u010d neevanjelick&eacute;ho<\/b>. Je to ve\u013emi dobr&yacute; program, ktor&yacute; vrelo odpor&uacute;\u010dam. Knihy si m&ocirc;\u017eete <a href=\"http:\/\/www.easr.sk\/content\/view\/30\/62\">objedna\u0165 tu<\/a>.<span lang=\"EN-US\">&nbsp;<\/span>Mimochodom, autor programu, Christian A. Schwarz, je nemeck&yacute; evanjelick&yacute; (luter&aacute;nsky) teol&oacute;g. <o:p><\/o:p><\/p>\n<p class=\"MsoNormal\"><b>Kanonick&aacute; misia?<o:p><\/o:p><\/b><\/p>\n<p class=\"MsoNormal\">Vo vyhl&aacute;sen&iacute; bola pre m\u0148a novinkou potreba kanonickej misie k&nbsp;vyu\u010dovaniu &bdquo;na ka\u017edej &uacute;rovni cirkevnozborov&eacute;ho \u017eivota cirkvi&ldquo;, ktor&eacute; sa t&yacute;ka &bdquo;ka\u017edej pr&aacute;ce s de\u0165mi, dorastom, ml&aacute;de\u017eou, rodinami, presbytermi, laikmi aj ordinovan&yacute;mi&ldquo;. NIE JE TO PRAVDA!&nbsp;<a href=\"http:\/\/www.ecav-trencin.eu\/get_file.php?id=3\">Cirkevnopr&aacute;vne predpisy<\/a> (CPP) poznaj&uacute; len kanonick&uacute; misiu na vyu\u010dovanie na &scaron;kol&aacute;ch. Neviem, bu\u010f sa niekto pom&yacute;lil, alebo tu niekto &uacute;myselne klame a&nbsp;zav&aacute;dza. Vzh\u013eadom na tlak, nap&auml;tie a&nbsp;animozitu, ktor&uacute; tu vedenie sp&ocirc;sobuje svojou agresivitou, sk&ocirc;r sa prikl&aacute;\u0148am k&nbsp;tomu druh&eacute;mu.<\/p>\n<p class=\"MsoNormal\"><o:p><\/o:p><\/p>\n<p>Tak\u017ee, mil&iacute; cirkevn&iacute;ci, v pokoji akt&iacute;vne sl&uacute;\u017ete vo svojich cirkevn&yacute;ch zboroch aj na\u010falej.&nbsp;<\/p>\n<p><span lang=\"EN-US\" style=\"font-size:11.0pt;line-height:115%;font-family:&quot;Calibri&quot;,&quot;sans-serif&quot;;\nmso-ascii-theme-font:minor-latin;mso-fareast-font-family:Calibri;mso-fareast-theme-font:\nminor-latin;mso-hansi-theme-font:minor-latin;mso-bidi-font-family:&quot;Times New Roman&quot;;\nmso-bidi-theme-font:minor-bidi;mso-ansi-language:EN-US;mso-fareast-language:\nEN-US;mso-bidi-language:AR-SA\">O \u010fal&scaron;&iacute;ch veciach nabud&uacute;ce.&nbsp;<\/span><\/p>\n","protected":false},"excerpt":{"rendered":"<p>Vierou\u010dn&yacute; v&yacute;bor vydal vyhl&aacute;senie. Tak, ako je naformulovan&eacute;, sa mu ned&aacute; takmer ni\u010d vy\u010d&iacute;ta\u0165. Trochu som v&scaron;ak nepochopil s&uacute;vis s&nbsp;&uacute;vodom. &nbsp; Willow Creek je na Slovensku &uacute;plne okrajov&aacute; t&eacute;ma. Ani mnoh&iacute; teol&oacute;govia netu&scaron;ia, \u010do to je. Preto len pripomeniem, \u017ee napr. autor tril&oacute;gie Kauza Kristus, Kauza viera a&nbsp;Kauza Stvorite\u013e je \u010dlenom Willow Creek. (Ak ste &#8230; <a title=\"Proti-evanjelick\u00fd program Prirodzen\u00e9ho rastu cirkvi (NCD)?\" class=\"read-more\" href=\"https:\/\/www.e-anjelik.sk\/index.php\/2011\/12\/13\/proti-evanjelicky-program-prirodzeneho-rastu-cirkvi-ncd\/\" aria-label=\"Pre\u010d\u00edtajte si viac o Proti-evanjelick\u00fd program Prirodzen\u00e9ho rastu cirkvi (NCD)?\">\u010c\u00edta\u0165 viac<\/a><\/p>\n","protected":false},"author":29,"featured_media":0,"comment_status":"open","ping_status":"open","sticky":false,"template":"","format":"standard","meta":{"footnotes":""},"categories":[1,73],"tags":[],"class_list":["post-3972","post","type-post","status-publish","format-standard","hentry","category-adventna-modlitba","category-ecav"],"_links":{"self":[{"href":"https:\/\/www.e-anjelik.sk\/index.php\/wp-json\/wp\/v2\/posts\/3972","targetHints":{"allow":["GET"]}}],"collection":[{"href":"https:\/\/www.e-anjelik.sk\/index.php\/wp-json\/wp\/v2\/posts"}],"about":[{"href":"https:\/\/www.e-anjelik.sk\/index.php\/wp-json\/wp\/v2\/types\/post"}],"author":[{"embeddable":true,"href":"https:\/\/www.e-anjelik.sk\/index.php\/wp-json\/wp\/v2\/users\/29"}],"replies":[{"embeddable":true,"href":"https:\/\/www.e-anjelik.sk\/index.php\/wp-json\/wp\/v2\/comments?post=3972"}],"version-history":[{"count":1,"href":"https:\/\/www.e-anjelik.sk\/index.php\/wp-json\/wp\/v2\/posts\/3972\/revisions"}],"predecessor-version":[{"id":32348,"href":"https:\/\/www.e-anjelik.sk\/index.php\/wp-json\/wp\/v2\/posts\/3972\/revisions\/32348"}],"wp:attachment":[{"href":"https:\/\/www.e-anjelik.sk\/index.php\/wp-json\/wp\/v2\/media?parent=3972"}],"wp:term":[{"taxonomy":"category","embeddable":true,"href":"https:\/\/www.e-anjelik.sk\/index.php\/wp-json\/wp\/v2\/categories?post=3972"},{"taxonomy":"post_tag","embeddable":true,"href":"https:\/\/www.e-anjelik.sk\/index.php\/wp-json\/wp\/v2\/tags?post=3972"}],"curies":[{"name":"wp","href":"https:\/\/api.w.org\/{rel}","templated":true}]}}