{"id":3977,"date":"2011-12-14T10:23:20","date_gmt":"2011-12-14T10:23:20","guid":{"rendered":"http:\/\/e-anjelik.sk\/?p=3977"},"modified":"2011-12-14T10:23:20","modified_gmt":"2011-12-14T10:23:20","slug":"v-diakonii-nemecka-sa-angazuje-na-baze-dobrovolnictva-do-700-tisic-osob","status":"publish","type":"post","link":"https:\/\/www.e-anjelik.sk\/index.php\/2011\/12\/14\/v-diakonii-nemecka-sa-angazuje-na-baze-dobrovolnictva-do-700-tisic-osob\/","title":{"rendered":"V Diakonii Nemecka sa anga\u017euje na b\u00e1ze dobrovo\u013en\u00edctva do 700 tis\u00edc os\u00f4b"},"content":{"rendered":"<p>Pod\u013ea najnov&scaron;ej &scaron;t&uacute;die sa v s&uacute;\u010dasnosti anga\u017euje v Evanjelickej diakonii v Nemecku do 700 tis&iacute;c os&ocirc;b na b&aacute;ze dobrovo\u013en&iacute;ctva. Je to ove\u013ea viac, ako sa uv&aacute;dzalo doteraz. Pod\u013ea &scaron;t&uacute;die je priemern&yacute; profil dobrovo\u013en&iacute;ka tak&yacute;to: v&auml;\u010d&scaron;inou \u017eeny,vydat&eacute;, star&scaron;ie ako 60 rokov alebo d&ocirc;chodkyne, v priemere obetuj&uacute; mesa\u010dne 10 hod&iacute;n slu\u017ebe bez odmeny. V&yacute;skum sa konal v 1500 diakonick&yacute;ch zariadeniach. Rok 2011 bol v znamen&iacute; Rok dobrovo\u013en&iacute;ctva.<\/p>\n<p>(<a href=\"http:\/\/www.kirche-mv.de\">www.kirche-mv.de<\/a>)<\/p>\n","protected":false},"excerpt":{"rendered":"<p>Pod\u013ea najnov&scaron;ej &scaron;t&uacute;die sa v s&uacute;\u010dasnosti anga\u017euje v Evanjelickej diakonii v Nemecku do 700 tis&iacute;c os&ocirc;b na b&aacute;ze dobrovo\u013en&iacute;ctva. Je to ove\u013ea viac, ako sa uv&aacute;dzalo doteraz. Pod\u013ea &scaron;t&uacute;die je priemern&yacute; profil dobrovo\u013en&iacute;ka tak&yacute;to: v&auml;\u010d&scaron;inou \u017eeny,vydat&eacute;, star&scaron;ie ako 60 rokov alebo d&ocirc;chodkyne, v priemere obetuj&uacute; mesa\u010dne 10 hod&iacute;n slu\u017ebe bez odmeny. V&yacute;skum sa konal v &#8230; <a title=\"V Diakonii Nemecka sa anga\u017euje na b\u00e1ze dobrovo\u013en\u00edctva do 700 tis\u00edc os\u00f4b\" class=\"read-more\" href=\"https:\/\/www.e-anjelik.sk\/index.php\/2011\/12\/14\/v-diakonii-nemecka-sa-angazuje-na-baze-dobrovolnictva-do-700-tisic-osob\/\" aria-label=\"Pre\u010d\u00edtajte si viac o V Diakonii Nemecka sa anga\u017euje na b\u00e1ze dobrovo\u013en\u00edctva do 700 tis\u00edc os\u00f4b\">\u010c\u00edta\u0165 viac<\/a><\/p>\n","protected":false},"author":22,"featured_media":0,"comment_status":"open","ping_status":"open","sticky":false,"template":"","format":"standard","meta":{"footnotes":""},"categories":[1],"tags":[221,237],"class_list":["post-3977","post","type-post","status-publish","format-standard","hentry","category-adventna-modlitba","tag-diakonia","tag-socialne-institucie"],"_links":{"self":[{"href":"https:\/\/www.e-anjelik.sk\/index.php\/wp-json\/wp\/v2\/posts\/3977","targetHints":{"allow":["GET"]}}],"collection":[{"href":"https:\/\/www.e-anjelik.sk\/index.php\/wp-json\/wp\/v2\/posts"}],"about":[{"href":"https:\/\/www.e-anjelik.sk\/index.php\/wp-json\/wp\/v2\/types\/post"}],"author":[{"embeddable":true,"href":"https:\/\/www.e-anjelik.sk\/index.php\/wp-json\/wp\/v2\/users\/22"}],"replies":[{"embeddable":true,"href":"https:\/\/www.e-anjelik.sk\/index.php\/wp-json\/wp\/v2\/comments?post=3977"}],"version-history":[{"count":0,"href":"https:\/\/www.e-anjelik.sk\/index.php\/wp-json\/wp\/v2\/posts\/3977\/revisions"}],"wp:attachment":[{"href":"https:\/\/www.e-anjelik.sk\/index.php\/wp-json\/wp\/v2\/media?parent=3977"}],"wp:term":[{"taxonomy":"category","embeddable":true,"href":"https:\/\/www.e-anjelik.sk\/index.php\/wp-json\/wp\/v2\/categories?post=3977"},{"taxonomy":"post_tag","embeddable":true,"href":"https:\/\/www.e-anjelik.sk\/index.php\/wp-json\/wp\/v2\/tags?post=3977"}],"curies":[{"name":"wp","href":"https:\/\/api.w.org\/{rel}","templated":true}]}}