{"id":3981,"date":"2011-12-16T08:55:05","date_gmt":"2011-12-16T08:55:05","guid":{"rendered":"http:\/\/e-anjelik.sk\/?p=3981"},"modified":"2011-12-16T08:55:05","modified_gmt":"2011-12-16T08:55:05","slug":"biskup-ecav-v-rakusku-m-buenker-bude-pri-telefone","status":"publish","type":"post","link":"https:\/\/www.e-anjelik.sk\/index.php\/2011\/12\/16\/biskup-ecav-v-rakusku-m-buenker-bude-pri-telefone\/","title":{"rendered":"Biskup ECAV v Rak\u00fasku M. Buenker bude pri telef\u00f3ne"},"content":{"rendered":"<p>Evanjelick&yacute; biskup M. Buenker a katol&iacute;cky kardin&aacute;l CH. Schoenborn bud&uacute; pred Vianocami sl&uacute;\u017ei\u0165 v telef&oacute;nnom poradenstve pre n&uacute;dznych (ties\u0148ov&eacute; volania). Biskup Buenker bude ma\u0165 slu\u017ebu 23. decembra od 19.00 do 21.00 hodiny. Vola\u0165 m&ocirc;\u017eu bezplatne na rak&uacute;sku linku 142 v&scaron;etci t&iacute;, ktor&iacute; sa c&iacute;tia osamoten&iacute;, c&iacute;tia,&nbsp;\u017ee s&uacute; neakceptovan&iacute;,&nbsp;maj&uacute; strach, s&uacute; v probl&eacute;moch. T&aacute;to linka bude k dispoz&iacute;cii po cel&eacute; Vianoce nonstop 24 hod&iacute;n. Poradensk&aacute; linka m&aacute; teraz ekumenick&yacute; charakter, zalo\u017eila ju k Vianociam 1964&nbsp;evanjelick&aacute; cirkev v r&aacute;mci vn&uacute;tornej misie.<\/p>\n<p>(<a href=\"http:\/\/www.evang.at\">www.evang.at<\/a>)<\/p>\n","protected":false},"excerpt":{"rendered":"<p>Evanjelick&yacute; biskup M. Buenker a katol&iacute;cky kardin&aacute;l CH. Schoenborn bud&uacute; pred Vianocami sl&uacute;\u017ei\u0165 v telef&oacute;nnom poradenstve pre n&uacute;dznych (ties\u0148ov&eacute; volania). Biskup Buenker bude ma\u0165 slu\u017ebu 23. decembra od 19.00 do 21.00 hodiny. Vola\u0165 m&ocirc;\u017eu bezplatne na rak&uacute;sku linku 142 v&scaron;etci t&iacute;, ktor&iacute; sa c&iacute;tia osamoten&iacute;, c&iacute;tia,&nbsp;\u017ee s&uacute; neakceptovan&iacute;,&nbsp;maj&uacute; strach, s&uacute; v probl&eacute;moch. T&aacute;to linka bude &#8230; <a title=\"Biskup ECAV v Rak\u00fasku M. Buenker bude pri telef\u00f3ne\" class=\"read-more\" href=\"https:\/\/www.e-anjelik.sk\/index.php\/2011\/12\/16\/biskup-ecav-v-rakusku-m-buenker-bude-pri-telefone\/\" aria-label=\"Pre\u010d\u00edtajte si viac o Biskup ECAV v Rak\u00fasku M. Buenker bude pri telef\u00f3ne\">\u010c\u00edta\u0165 viac<\/a><\/p>\n","protected":false},"author":22,"featured_media":0,"comment_status":"open","ping_status":"open","sticky":false,"template":"","format":"standard","meta":{"footnotes":""},"categories":[1],"tags":[234],"class_list":["post-3981","post","type-post","status-publish","format-standard","hentry","category-adventna-modlitba","tag-zdruzenia-a-skupiny"],"_links":{"self":[{"href":"https:\/\/www.e-anjelik.sk\/index.php\/wp-json\/wp\/v2\/posts\/3981","targetHints":{"allow":["GET"]}}],"collection":[{"href":"https:\/\/www.e-anjelik.sk\/index.php\/wp-json\/wp\/v2\/posts"}],"about":[{"href":"https:\/\/www.e-anjelik.sk\/index.php\/wp-json\/wp\/v2\/types\/post"}],"author":[{"embeddable":true,"href":"https:\/\/www.e-anjelik.sk\/index.php\/wp-json\/wp\/v2\/users\/22"}],"replies":[{"embeddable":true,"href":"https:\/\/www.e-anjelik.sk\/index.php\/wp-json\/wp\/v2\/comments?post=3981"}],"version-history":[{"count":0,"href":"https:\/\/www.e-anjelik.sk\/index.php\/wp-json\/wp\/v2\/posts\/3981\/revisions"}],"wp:attachment":[{"href":"https:\/\/www.e-anjelik.sk\/index.php\/wp-json\/wp\/v2\/media?parent=3981"}],"wp:term":[{"taxonomy":"category","embeddable":true,"href":"https:\/\/www.e-anjelik.sk\/index.php\/wp-json\/wp\/v2\/categories?post=3981"},{"taxonomy":"post_tag","embeddable":true,"href":"https:\/\/www.e-anjelik.sk\/index.php\/wp-json\/wp\/v2\/tags?post=3981"}],"curies":[{"name":"wp","href":"https:\/\/api.w.org\/{rel}","templated":true}]}}