{"id":3993,"date":"2011-12-19T18:26:09","date_gmt":"2011-12-19T18:26:09","guid":{"rendered":"http:\/\/e-anjelik.sk\/?p=3993"},"modified":"2022-12-11T19:13:19","modified_gmt":"2022-12-11T18:13:19","slug":"ocakavanie-radosti","status":"publish","type":"post","link":"https:\/\/www.e-anjelik.sk\/index.php\/2011\/12\/19\/ocakavanie-radosti\/","title":{"rendered":"O\u010dak\u00e1vanie radosti"},"content":{"rendered":"<p>&nbsp;<span class=\"Apple-style-span\" style=\"font-family: Helvetica; font-size: 16px; line-height: normal; \"><b>&nbsp; &nbsp; &nbsp; &nbsp; &nbsp; &nbsp; &nbsp; &nbsp; &nbsp; &nbsp; &nbsp; &nbsp; &nbsp; &nbsp; &nbsp; &nbsp; &nbsp; &nbsp; &nbsp; &nbsp; &nbsp; &nbsp; &nbsp; &nbsp; &nbsp; &nbsp; &nbsp;O\u010dak\u00e1vanie radosti<\/b><\/span><\/p>\n<p style=\"margin: 0.0px 0.0px 0.0px 0.0px; font: 16.0px Helvetica\"><span style=\"letter-spacing: 0.0px\"><b>Lk 1,45-55: <\/b>\u201d&#8230; <i>A blahoslaven\u00e1, ktor\u00e1 uverila, \u017ee sa spln\u00ed, \u010do jej povedal P\u00e1n. (46) Vtedy povedala M\u00e1ria: Veleb\u00ed moja du\u0161a P\u00e1na (47) a m\u00f4j duch sa rozveselil v Bohu, v mojom Spasite\u013eovi, (48) \u017ee zhliadol na pon\u00ed\u017eenie svojej slu\u017eobnice, ve\u010f ajh\u013ea, blahoslavi\u0165 ma bud\u00fa odteraz v\u0161etky pokolenia, (49) preto\u017ee Mocn\u00fd u\u010dinil so mnou ve\u013ek\u00e9 veci, a sv\u00e4t\u00e9 je Jeho meno, (50) a Jeho milosrdenstvo s t\u00fdmi, \u010do sa Ho boja z pokolen\u00ed na pokolenia. (51) Dok\u00e1zal moc svoj\u00edm ramenom, rozpr\u00e1\u0161il t\u00fdch, \u010do sa povy\u0161ovali zm\u00fd\u0161\u013ean\u00edm srdca, (52) mocn\u00fdch zhodil z tr\u00f3nov a pov\u00fd\u0161il pon\u00ed\u017een\u00fdch, (53) la\u010dn\u00fdch nas\u00fdtil dobr\u00fdmi vecami a bohat\u00fdch prepustil napr\u00e1zdno.(54) Zaujal sa Izraela, svojho slu\u017eobn\u00edka, pam\u00e4tliv\u00fd milosrdenstva, (55) ako povedal na\u0161\u00edm otcom, Abrah\u00e1movi a jeho potomstvu naveky.\u201d Amen<\/i><\/span><\/p>\n<p style=\"margin: 0.0px 0.0px 0.0px 0.0px; font: 16.0px Helvetica; min-height: 19.0px\"><span style=\"letter-spacing: 0.0px\"><i>&nbsp;&nbsp; &nbsp; &nbsp;<\/i><\/span><\/p>\n<p style=\"margin: 0.0px 0.0px 0.0px 0.0px; font: 16.0px Helvetica\"><span style=\"letter-spacing: 0.0px\"><i>&nbsp; &nbsp; &nbsp; Bohumil\u00ed kres\u0165ania!<\/i><\/span><\/p>\n<p style=\"margin: 0.0px 0.0px 0.0px 0.0px; font: 16.0px Helvetica; min-height: 19.0px\"><span style=\"letter-spacing: 0.0px\"><i>&nbsp; &nbsp;<\/i><\/span><\/p>\n<p style=\"margin: 0.0px 0.0px 0.0px 0.0px; font: 16.0px Helvetica\"><span style=\"letter-spacing: 0.0px\">&nbsp; &nbsp; &nbsp; <b>\u0160tvrt\u00e1 adventn\u00e1<\/b> <b>nede\u013ea<\/b> n\u00e1s nezadr\u017eate\u013ene pribli\u017euje k <b>Vianociam<\/b> a pr\u00edpravy za\u010d\u00ednaj\u00fa nabera\u0165 obr\u00e1tky. Tak za\u010d\u00edna r\u00e1s\u0165 aj v\u0161eobecn\u00e1 rados\u0165, alebo aspo\u0148 o\u010dak\u00e1vanie radosti. D\u00f4vody radosti nemusia by\u0165 v\u017edy \u010disto n\u00e1bo\u017eensk\u00e9. S\u00fa r\u00f4zne a r\u00f4zna je aj intenzita a trv\u00e1cnos\u0165 viano\u010dnej radosti.&nbsp;<\/span><\/p>\n<p style=\"margin: 0.0px 0.0px 0.0px 0.0px; font: 16.0px Helvetica\"><span style=\"letter-spacing: 0.0px\">&nbsp; &nbsp; &nbsp; V mnoh\u00fdch rodin\u00e1ch sa te\u0161ia najm\u00e4 na \u201c svietiace o\u010dk\u00e1 det\u00ed\u201d, pri&nbsp; objaven\u00ed sa viano\u010dn\u00fdch strom\u010dekov a dar\u010dekov. Viano\u010dn\u00e9 n\u00e1kupy robia rados\u0165 \u010dastej\u0161ia \u017een\u00e1m ako mu\u017eom, ale nemus\u00ed to by\u0165 pravidlo. Aj mu\u017ei maj\u00fa svoje d\u00f4vody na \u010das radosti- veselosti, ktor\u00fd&nbsp; prepukne na <b>\u0160tedr\u00fd ve\u010der.<\/b> Novin\u00e1ri viac ako inokedy robia ankety typu: <i>\u201cPozvete n\u00e1s \u010falej?\u201d.<\/i> Chc\u00fa vedie\u0165, ako r\u00f4zni \u013eudia tr\u00e1via vrcholiaci advent a Viance v rodin\u00e1ch. Ve\u010f pr\u00e1ve tu, v intimite rodinn\u00e9ho z\u00e1ti\u0161ia je viano\u010dn\u00e1 rados\u0165 a \u0161\u0165astie najintez\u00edvnej\u0161ie pre\u017e\u00edvan\u00e9. Mo\u017eno aj n\u00e1s by zauj\u00edmalo, ako to vyzer\u00e1 v in\u00fdch domoch, pri in\u00fdch stoloch. \u010co c\u00edtia v srdciach nielen mlad\u00ed, ale aj t\u00ed najstar\u0161\u00ed?&nbsp; T\u00ed, ktor\u00ed pre\u017eili advento &#8211; viano\u010dn\u00fa rados\u0165 u\u017e mnoho kr\u00e1t. Ostalo z jej p\u00f4vodnej intenzity nie\u010do aj v podve\u010der \u017eivota? Pripome\u0148me si po\u010diatok pr\u00edchodu tejto radosti a jej prv\u00e9&nbsp; pre\u017e\u00edvanie v spolo\u010denstve dvoch \u017eien. Jednej mladej a druhej u\u017e v rokoch.<\/span><\/p>\n<p style=\"margin: 0.0px 0.0px 0.0px 0.0px; font: 16.0px Helvetica; min-height: 19.0px\"><span style=\"letter-spacing: 0.0px\">&nbsp; &nbsp; &nbsp;<\/span><\/p>\n<p style=\"margin: 0.0px 0.0px 0.0px 0.0px; font: 16.0px Helvetica\"><span style=\"letter-spacing: 0.0px\">&nbsp;&nbsp; &nbsp; Mil\u00ed bratia a sestry, dnes spolo\u010dne m\u00f4\u017eeme nazrie\u0165 do prv\u00e9ho pr\u00edbytku, do ktor\u00e9ho pri\u0161la radostn\u00e1 viano\u010dn\u00e1 zves\u0165 a z ktor\u00e9ho sa za\u010dala \u0161\u00edr\u0165 \u010falej. V\u0161etko sa s\u00edce za\u010dalo v dome mladej \u017eeny z Nazaretu. V du\u0161i <b>prvej<\/b> kres\u0165ansky na zemi, <b>panny M\u00e1rie<\/b>, ktor\u00e1&nbsp; spoznala, \u017ee Bo\u017eie cesty a Bo\u017eie my\u0161lienky s\u00fa in\u00e9, ako na\u0161e \u013eudsk\u00e9.(Izai\u00e1\u0161)&nbsp; Aj ona mala zrejme svoje vlastn\u00e9 o\u010dak\u00e1vania, ako ka\u017ed\u00e9 mlad\u00e9 diev\u010da a \u017eena, t\u00fa\u017eiaca po spolo\u010dnom man\u017eelskom a rodinom \u017eivote. Ale od chv\u00edle n\u00e1v\u0161tevy <b>anjela Gabriela<\/b>, Bo\u017eieho posla, sa veci a udalosti v jej \u017eivote dramaticky zmenili. O\u010dak\u00e1vanie a pr\u00edchod radosti, pocity blaha a \u0161\u0165astia prekon\u00e1vali v\u0161etko, \u010do ktoko\u013evek z \u013eud\u00ed dovtedy pre\u017eil a poznal. Ke\u010f\u017ee ide o zves\u0165 ve\u013ekej radosti <i>\u201cv\u0161etk\u00e9mu \u013eudu\u201d<\/i>, v\u0161imnime si jej prv\u00e9 spolo\u010dn\u00e9 pre\u017e\u00edvanie v spolo\u010denstve a dome dvoch bl\u00edzkych du\u0161\u00ed<i>, <\/i><b><i>M\u00e1rie a Al\u017ebety.<\/i><\/b><\/span><\/p>\n<p style=\"margin: 0.0px 0.0px 0.0px 0.0px; font: 16.0px Helvetica; min-height: 19.0px\"><span style=\"letter-spacing: 0.0px\">&nbsp; &nbsp; &nbsp;<\/span><\/p>\n<p style=\"margin: 0.0px 0.0px 0.0px 0.0px; font: 16.0px Helvetica\"><span style=\"letter-spacing: 0.0px\">&nbsp; &nbsp; <i>\u201cVtedy povedala M\u00e1ria: Veleb\u00ed moja du\u0161a P\u00e1na!\u201d<\/i> (v.46) Ni\u010d in\u00e9, iba ve\u013ek\u00e1, jasav\u00e1 rados\u0165 a velebenie P\u00e1na Boha je <b>tam<\/b>, <b>kde sa skrze Ducha Sv\u00e4t\u00e9ho rod\u00ed v srdci \u010dloveka viera. <\/b>Tak to bolo v osobnom \u017eivote panny M\u00e1rie. Tento moment by n\u00e1m nemal unikn\u00fa\u0165! U\u017e jej pr\u00edbuzn\u00e1, <b>Al\u017ebeta hovor\u00ed, \u017ee jej bla\u017eenos\u0165 bude<\/b> <b>prameni\u0165 z viery! <\/b>\u201c<b><i>Blahoslaven\u00e1, ktor\u00e1 uverila, \u017ee sa spln\u00ed, \u010do jej povedal P\u00e1n\u201d<\/i><\/b><i>(v.45)<\/i><\/span><\/p>\n<p style=\"margin: 0.0px 0.0px 0.0px 0.0px; font: 16.0px Helvetica; min-height: 19.0px\"><span style=\"letter-spacing: 0.0px\"><b>&nbsp;&nbsp; &nbsp;<\/b><\/span><\/p>\n<p style=\"margin: 0.0px 0.0px 0.0px 0.0px; font: 16.0px Helvetica\"><span style=\"letter-spacing: 0.0px\">&nbsp; &nbsp; &nbsp; Ani dnes to nie je inak! <b>Rados\u0165 a blaho za\u010d\u00edna tam, kde sa rod\u00ed viera v Hospodina, P\u00e1na.<\/b> Ak sa dnes na nejakom mieste, v niektorom dome, alebo v niektorom \u010dloveku rados\u0165 nedostav\u00ed, bude to pre neveru. Ak niekto rados\u0165 napriek v\u0161etk\u00e9mu, \u010do Boh povedal a&nbsp; vykonal, neprec\u00edti, je a bude to d\u00f4kaz o ned\u00f4vere vo\u010di evanjeliu. D\u00f4kaz nevery vo\u010di Bohu, ktor\u00fd kon\u00e1 pre n\u00e1s tak, ako konal od po\u010diatku a bude kona\u0165 a\u017e do kona vekov!&nbsp;<\/span><\/p>\n<p style=\"margin: 0.0px 0.0px 0.0px 0.0px; font: 16.0px Helvetica; min-height: 19.0px\"><span style=\"letter-spacing: 0.0px\">&nbsp; &nbsp; &nbsp;<\/span><\/p>\n<p style=\"margin: 0.0px 0.0px 0.0px 0.0px; font: 16.0px Helvetica\"><span style=\"letter-spacing: 0.0px\">&nbsp;&nbsp; &nbsp; <b>Blahoslaven\u00e1 panna M\u00e1ria je obrazom \u017eeny, ktorej du\u0161a veleb\u00ed Boha spont\u00e1nne. Ktorej duch sa rozveselil ve\u013ekou rados\u0165ou a ktor\u00e1 pr\u00e1vom pripom\u00edna, \u017ee najsilnen\u0161ie \u013eudk\u00e9 em\u00f3cie, ktor\u00e9 naplnia srdce \u010dloveka sa rodia z viery.<\/b> D\u00f4vod tejto radosti a t\u00fdch naj\u0161\u0165astnej\u0161\u00edch pocitov je jeden: M\u00e1ria sa raduje <i>\u201cv Bohu, v svojom v Spasite\u013eovi\u201d!&nbsp; <\/i>V Tom, ktor\u00fd jedin\u00fd m\u00f4\u017ee a chce svojimi prostriedkami a svojou mocou vyslobodi\u0165 \u010dloveka z ka\u017edej biedy a tmy. Vid\u00edme, \u017ee <b>M\u00e1ria sa raduje z daru Spasite\u013ea!<\/b> <b>Ten, ktor\u00e9ho m\u00e1 privies\u0165 na svet a da\u0165 mu meno Je\u017ei\u0161 je Synom Najvy\u0161\u0161ieho ( Lk 1,31-32). Je darom pre \u0148u, pre dom Izraela a aj pre cel\u00e9 gener\u00e1cie \u013eudu Bo\u017eieho, ktor\u00e9 pri\u0161li po nej.&nbsp;<\/b><\/span><\/p>\n<p style=\"margin: 0.0px 0.0px 0.0px 0.0px; font: 16.0px Helvetica; min-height: 19.0px\"><span style=\"letter-spacing: 0.0px\">&nbsp; &nbsp; &nbsp; &nbsp;<\/span><\/p>\n<p style=\"margin: 0.0px 0.0px 0.0px 0.0px; font: 16.0px Helvetica\"><span style=\"letter-spacing: 0.0px\">&nbsp; &nbsp; &nbsp; Jej \u013eud \u017eil v stave pon\u00ed\u017eenia pod r\u00edmskou okupa\u010dnou \u010di\u017emou. Tak\u00fd stav poznali aj mnoh\u00e9 gener\u00e1cie predt\u00fdm. Gener\u00e1cie \u017eij\u00face v jarme otroctva egyptsk\u00e9ho i babylonsk\u00e9ho, alebo \u017eij\u00face pod vl\u00e1dou&nbsp; nen\u00e1viden\u00e9ho Idumejca Herodesa. M\u00e1riina rados\u0165 plynie nie z toho, \u017ee sa stane matkou, \u017ee bude ma\u0165 svojho potomka, syna, ktor\u00e9 si bude opatrova\u0165 a vychov\u00e1va\u0165 na svoj obraz. Ona vie ove\u013ea viac: <b>pod srdcom nos\u00ed svojho Spasite\u013ea,<\/b> <b>a Spasite\u013ea mnoh\u00fdch!<\/b> Nie ona sa rozhodla sta\u0165 matkou, ale <i>\u201cHospodin u\u010dinil s \u0148ou tieto ve\u013ek\u00e9 veci\u201d (v.49)<\/i>, na ktor\u00fdch nem\u00e1 nijak\u00fa z\u00e1sluhu. Pre jej svedectvo my v\u0161etci, ktor\u00ed vieme o prvom, historickom pr\u00edchode P\u00e1na Je\u017ei\u0161a Krista na svet ver\u00edme, \u017ee v \u0147om v pravde pri\u0161lo milosrdenstvo Bo\u017eie.(v.50)<\/span><\/p>\n<p style=\"margin: 0.0px 0.0px 0.0px 0.0px; font: 16.0px Helvetica; min-height: 19.0px\"><span style=\"letter-spacing: 0.0px\">&nbsp;&nbsp; &nbsp;<\/span><\/p>\n<p style=\"margin: 0.0px 0.0px 0.0px 0.0px; font: 16.0px Helvetica\"><span style=\"letter-spacing: 0.0px\">&nbsp; &nbsp; Preto aj my m\u00f4\u017eeme vyzna\u0165: nebudeme \u010daka\u0165 in\u00e9ho Spasite\u013ea!&nbsp; Ten, ktor\u00fd sa vtelil v \u017eivot panny M\u00e1rie, je Bohom zas\u013e\u00faben\u00fd a poslan\u00fd Syn Bo\u017e\u00ed. V \u0147om a skrze Neho vykonal Boh ve\u013ek\u00e9 veci pre n\u00e1s a pre v\u0161etky pokolenia. Po\u010dn\u00fac od Adama, cez praotca <b>Abrah\u00e1ma<\/b> a jeho potomstvo, a\u017e po bli\u017e\u0161ie,&nbsp; i vzdialenej\u0161ie n\u00e1rody pohansk\u00e9.<\/span><\/p>\n<p style=\"margin: 0.0px 0.0px 0.0px 0.0px; font: 16.0px Helvetica; min-height: 19.0px\"><span style=\"letter-spacing: 0.0px\">&nbsp;&nbsp; &nbsp; &nbsp; &nbsp; &nbsp;<\/span><\/p>\n<p style=\"margin: 0.0px 0.0px 0.0px 0.0px; font: 16.0px Helvetica\"><span style=\"letter-spacing: 0.0px\">&nbsp; &nbsp; &nbsp; <b>M\u00e1ria panna bola blahoslaven\u00e1<\/b> <b>po t\u00fa mieru<\/b>, \u017ee <b>z jej radosti a blaha sa pln\u00fdm priehr\u0161t\u00edm uch\u00e1dza aj n\u00e1m<\/b>. Nie je to v\u0161ak jej meno a jej moc, ktor\u00e1 to p\u00f4sob\u00ed, \u017ee sa t\u00e1to rados\u0165 netrat\u00ed, ale priam mno\u017e\u00ed. <i>\u201cMocn\u00fd u\u010dinil so mnou ve\u013ek\u00e9 veci\u201d<\/i>!&nbsp; Mocn\u00fd u\u010dinil pri nej ten&nbsp; <b>sv\u00e4t\u00fd div,<\/b> po\u010datie Syna. Bo\u017eia moc konala a sp\u00f4sobila v Nazarete rados\u0165, ktor\u00e1 sa ani dnes<b> neumen\u0161uje<\/b>. Je rozmno\u017eovan\u00e1 podobne, ako ke\u010f nesk\u00f4r s\u00e1m Bo\u017e\u00ed Syn rozmno\u017eil p\u00e4\u0165 ja\u010dmenn\u00fdch chlebov a dve ryby na brehu Genezaretsk\u00e9ho jazera pre ve\u013ek\u00fd z\u00e1stup a e\u0161te pri tom ostalo mno\u017estvo odrob\u00edn aj pre vt\u00e1\u010diky a mravce v tr\u00e1ve, ale aj dvan\u00e1s\u0165 ko\u0161ov odrob\u00edn pre najchudobnej\u0161\u00edch a hladn\u00fdch.<\/span><\/p>\n<p style=\"margin: 0.0px 0.0px 0.0px 0.0px; font: 16.0px Helvetica; min-height: 19.0px\"><span style=\"letter-spacing: 0.0px\">&nbsp;&nbsp; &nbsp; &nbsp;<\/span><\/p>\n<p style=\"margin: 0.0px 0.0px 0.0px 0.0px; font: 16.0px Helvetica\"><span style=\"letter-spacing: 0.0px\">&nbsp; &nbsp; Pr\u00edchod Spasite\u013ea, ktor\u00fd tu bol najsk\u00f4r v skrytosti, v tele M\u00e1rie, je darom Toho, \u201c<i>ktor\u00e9ho meno je sv\u00e4t\u00e9<\/i>\u201d. (v.49 b) Niekto mo\u017eno povie:&nbsp; aj \u010dlovek je, \u010di m\u00f4\u017ee by\u0165 sv\u00e4t\u00fd. \u00c1no, ale je len Jeden, ktor\u00fd sv\u00e4tos\u0165 d\u00e1va!<b> <\/b>Podobne m\u00f4\u017eeme poveda\u0165: sme po\u017eehnan\u00ed a m\u00f4\u017eeme p\u00f4sobi\u0165 po\u017eehnanie, ale nie sme p\u00f4vodcovia po\u017eehnania! Darca darov dokonal\u00fdch je len jeden. Podobne m\u00f4\u017eeme poveda\u0165: aj my sme synovia a dc\u00e9ry Bo\u017eie, ale <b>iba Je\u017ei\u0161 je prav\u00fdm Synom Bo\u017e\u00edm<\/b>. Rozdiel v synovstve je z\u00e1sadn\u00fd a trval\u00fd. Panna M\u00e1ria hovor\u00ed jasne: <b><i>Sv\u00e4t\u00e9 je Jeho meno!<\/i><\/b> Preto Mu patr\u00ed aj na\u0161a \u00facta, b\u00e1ze\u0148 a oslava. Ak neskor\u0161ie pokolenia kres\u0165anov na tomto p\u00f4vodnom vz\u0165ahu a pomere panny M\u00e1rie k Bohu a na\u0161om vz\u0165ahu k panne M\u00e1rii \u010doko\u013evek zmenili a menia, zatem\u0148uje sa t\u00fdm \u010des\u0165 a sl\u00e1va Toho, ktor\u00fd je Mocn\u00fd, Sv\u00e4t\u00fd, a ktor\u00fd jedin\u00fd je milosrdn\u00fd tak, \u017ee dal svetu Syna a v \u0147om dar sp\u00e1sy!<\/span><\/p>\n<p style=\"margin: 0.0px 0.0px 0.0px 0.0px; font: 16.0px Helvetica; min-height: 19.0px\"><span style=\"letter-spacing: 0.0px\">&nbsp;&nbsp; &nbsp; &nbsp; &nbsp;<\/span><\/p>\n<p style=\"margin: 0.0px 0.0px 0.0px 0.0px; font: 16.0px Helvetica; min-height: 19.0px\">&nbsp;<\/p>\n<p style=\"margin: 0.0px 0.0px 0.0px 0.0px; font: 16.0px Helvetica\"><span style=\"letter-spacing: 0.0px\">&nbsp;&nbsp; &nbsp; Bratia a sestry, vieme u\u017e dnes, \u017ee ani tohtoro\u010dn\u00e9 Vianoce neprines\u00fa skuto\u010dn\u00fa rados\u0165 v\u0161etk\u00fdm. Je mnoho t\u00fdch, ktor\u00ed sa povy\u0161uj\u00fa nad in\u00fdch. U\u017e \u010di navonok, alebo v duchu. My to mo\u017eno niekedy len c\u00edtime, ale P\u00e1n Boh vie v\u0161etko, lebo vid\u00ed do srdca. Ale moc mocn\u00fdch a py\u0161n\u00fdch nikdy netrv\u00e1 ve\u010dne. Sk\u00f4r, \u010di nesk\u00f4r moc mocn\u00fdch P\u00e1n zmietol v minulosti a ukon\u010d\u00ed jej zneu\u017eitie v\u017edy, ako to prorock\u00fdm sp\u00f4sobom vyslovila panna M\u00e1ria.<i>\u201dMocn\u00fdch zhodil z tr\u00f3nov a pov\u00fd\u0161il pon\u00ed\u017een\u00fdch, la\u010dn\u00fdch nas\u00fdtil dobr\u00fdmi vecami a bohat\u00fdch prepustil napr\u00e1zdno\u201d.(v.52-53) <\/i>P\u00e1d z v\u00fd\u0161ky je v\u017edy bolestiv\u00fd. Mnoh\u00ed to poc\u00edtili v minulosti, spozn\u00e1vaj\u00fa to aj dnes a bude to skuto\u010dnso\u0165u aj v bud\u00facnosti. M\u00e1riino slovo je prorock\u00fdm slovom a plat\u00ed i dnes.&nbsp;<\/span><\/p>\n<p style=\"margin: 0.0px 0.0px 0.0px 0.0px; font: 16.0px Helvetica\"><span style=\"letter-spacing: 0.0px\">&nbsp;&nbsp; Pr\u00edchod potomka kr\u00e1\u013ea D\u00e1vida je pr\u00edchodom P\u00e1na, ktor\u00fd je \u201c<i>pln\u00fd dobroty a l\u00e1sky\u201d.(ES)<\/i> By\u0165 Jeho \u201cpoddan\u00fdm\u201d, Jeho sluhom, ob\u010danom Jeho kr\u00e1\u013eovstva, nie je nie\u010do, \u010do n\u00e1s dehonestuje, alebo poni\u017euje.&nbsp;<\/span><\/p>\n<p style=\"margin: 0.0px 0.0px 0.0px 0.0px; font: 16.0px Helvetica\"><span style=\"letter-spacing: 0.0px\">M\u00e1ria sved\u010d\u00ed o tom, \u017ee mnoh\u00ed bohat\u00ed, spoliehaj\u00faci sa na bohatstvo a nie na Boha, v\u00fdjdu napr\u00e1zno. Pr\u00edchod Spasite\u013ea je pre \u013eud\u00ed&nbsp; d\u00fafaj\u00facich v mamonu d\u00f4vodom sk\u00f4r sm\u00fatku a ob\u00e1v, ako skuto\u010dnej radosti. Vl\u00e1de Krista P\u00e1na trvalo neodol\u00e1 nijak\u00e1 p\u00fdcha a zneu\u017eitie moci. Je\u017ei\u0161 d\u00e1va d\u00f4stojnos\u0165 a pln\u00e9 \u013eudsk\u00e9 pr\u00e1va v\u0161etk\u00fdm. Pon\u00ed\u017een\u00fdch povy\u0161uje, hladn\u00fdch s\u00fdti. Takto P\u00e1n konal, kon\u00e1 a bude kona\u0165 v\u017edy.&nbsp;<\/span><\/p>\n<p style=\"margin: 0.0px 0.0px 0.0px 0.0px; font: 16.0px Helvetica; min-height: 19.0px\"><span style=\"letter-spacing: 0.0px\">&nbsp;&nbsp; &nbsp; &nbsp;<\/span><\/p>\n<p style=\"margin: 0.0px 0.0px 0.0px 0.0px; font: 16.0px Helvetica\"><span style=\"letter-spacing: 0.0px\">&nbsp; &nbsp; Bratia a sestry v P\u00e1novi!&nbsp;<\/span><\/p>\n<p style=\"margin: 0.0px 0.0px 0.0px 0.0px; font: 16.0px Helvetica\"><span style=\"letter-spacing: 0.0px\">&nbsp; &nbsp;<b> Vrcholiaci adventn\u00fd \u010das n\u00e1s vedie k tomu, aby sme sa pripojili k chv\u00e1lospevu pokornej, ale blahoslavenej slu\u017eobnice P\u00e1novej, k panne M\u00e1rii.<\/b> Ve\u010f <b>Je\u017ei\u0161ov pr\u00edchod<\/b>, ako to nesk\u00f4r povedal \u017didom s\u00e1m Kristus P\u00e1n, znamenal de\u0148 radosti aj pre samotn\u00e9ho Abrah\u00e1ma a v\u0161etk\u00fdch, spo\u010d\u00edvajcich \u201cv jeho lone\u201d. Bol, je a zostane n\u00e1dejou pre Izrael i pre plnos\u0165 pohanov, ku ktor\u00fdm p\u00f4vodne patril aj n\u00e1\u0161 n\u00e1rod. My sa dnes nielen zo zvedavosti zastavujeme v dome Al\u017ebety, pri chv\u00e1lospeve panny M\u00e1rie z Nazaretu! K jej chv\u00e1lospevu sa nanovo vedome prip\u00e1jame! Tak hovor\u00ed aj dne\u0161n\u00e9 slovo ap.Pavla: <i>\u201dRadujte sa v P\u00e1nu v\u017edycky! Opakujem: radujte sa!&#8230; P\u00e1n bl\u00edzko\u201d (F 4, 4)<\/i> Prip\u00e1jame sa k slov\u00e1m M\u00e1rie, ktor\u00e9 aj po dvoch tis\u00edcro\u010diach ved\u00fa k oslave P\u00e1na Boha a tak aj k tichej, no mocnej radosti v du\u0161i t\u00fdch, ktor\u00ed vedia, koho n\u00e1m P\u00e1n Boh poslal v plnosti \u010dasu. Amen.<\/span><\/p>\n<p style=\"margin: 0.0px 0.0px 0.0px 0.0px; font: 16.0px Helvetica; min-height: 19.0px\">&nbsp;<\/p>\n<p style=\"margin: 0.0px 0.0px 0.0px 0.0px; font: 12.0px Helvetica\"><span style=\"font: 16.0px Helvetica; letter-spacing: 0.0px\">&nbsp; &nbsp; &nbsp; &nbsp; &nbsp; &nbsp; &nbsp; &nbsp; &nbsp; &nbsp; &nbsp; &nbsp; &nbsp; &nbsp; &nbsp; &nbsp; &nbsp; &nbsp; &nbsp;<\/span><span style=\"letter-spacing: 0.0px\">4.adventn\u00e1 nede\u013ea 2011<b>-Rovensko a Soboti\u0161te<\/b>&#8211; \u013d.Batka st.<\/span><\/p>\n<div><span style=\"letter-spacing: 0.0px\"><br \/>\n<\/span><\/div>\n","protected":false},"excerpt":{"rendered":"<p>&nbsp;&nbsp; &nbsp; &nbsp; &nbsp; &nbsp; &nbsp; &nbsp; &nbsp; &nbsp; &nbsp; &nbsp; &nbsp; &nbsp; &nbsp; &nbsp; &nbsp; &nbsp; &nbsp; &nbsp; &nbsp; &nbsp; &nbsp; &nbsp; &nbsp; &nbsp; &nbsp; &nbsp;O\u010dak\u00e1vanie radosti Lk 1,45-55: \u201d&#8230; A blahoslaven\u00e1, ktor\u00e1 uverila, \u017ee sa spln\u00ed, \u010do jej povedal P\u00e1n. (46) Vtedy povedala M\u00e1ria: Veleb\u00ed moja du\u0161a P\u00e1na (47) a m\u00f4j duch sa &#8230; <a title=\"O\u010dak\u00e1vanie radosti\" class=\"read-more\" href=\"https:\/\/www.e-anjelik.sk\/index.php\/2011\/12\/19\/ocakavanie-radosti\/\" aria-label=\"Pre\u010d\u00edtajte si viac o O\u010dak\u00e1vanie radosti\">\u010c\u00edta\u0165 viac<\/a><\/p>\n","protected":false},"author":4,"featured_media":0,"comment_status":"open","ping_status":"open","sticky":false,"template":"","format":"standard","meta":{"footnotes":""},"categories":[583,179,121,95],"tags":[192],"class_list":["post-3993","post","type-post","status-publish","format-standard","hentry","category-4-adventna-nedela","category-advent","category-kazne","category-sobotiste","tag-kazen"],"_links":{"self":[{"href":"https:\/\/www.e-anjelik.sk\/index.php\/wp-json\/wp\/v2\/posts\/3993","targetHints":{"allow":["GET"]}}],"collection":[{"href":"https:\/\/www.e-anjelik.sk\/index.php\/wp-json\/wp\/v2\/posts"}],"about":[{"href":"https:\/\/www.e-anjelik.sk\/index.php\/wp-json\/wp\/v2\/types\/post"}],"author":[{"embeddable":true,"href":"https:\/\/www.e-anjelik.sk\/index.php\/wp-json\/wp\/v2\/users\/4"}],"replies":[{"embeddable":true,"href":"https:\/\/www.e-anjelik.sk\/index.php\/wp-json\/wp\/v2\/comments?post=3993"}],"version-history":[{"count":1,"href":"https:\/\/www.e-anjelik.sk\/index.php\/wp-json\/wp\/v2\/posts\/3993\/revisions"}],"predecessor-version":[{"id":35850,"href":"https:\/\/www.e-anjelik.sk\/index.php\/wp-json\/wp\/v2\/posts\/3993\/revisions\/35850"}],"wp:attachment":[{"href":"https:\/\/www.e-anjelik.sk\/index.php\/wp-json\/wp\/v2\/media?parent=3993"}],"wp:term":[{"taxonomy":"category","embeddable":true,"href":"https:\/\/www.e-anjelik.sk\/index.php\/wp-json\/wp\/v2\/categories?post=3993"},{"taxonomy":"post_tag","embeddable":true,"href":"https:\/\/www.e-anjelik.sk\/index.php\/wp-json\/wp\/v2\/tags?post=3993"}],"curies":[{"name":"wp","href":"https:\/\/api.w.org\/{rel}","templated":true}]}}