{"id":3994,"date":"2011-12-20T02:21:44","date_gmt":"2011-12-20T02:21:44","guid":{"rendered":"http:\/\/e-anjelik.sk\/?p=3994"},"modified":"2011-12-20T02:21:44","modified_gmt":"2011-12-20T02:21:44","slug":"jasna-vacsina-nemcov-veri-v-boha","status":"publish","type":"post","link":"https:\/\/www.e-anjelik.sk\/index.php\/2011\/12\/20\/jasna-vacsina-nemcov-veri-v-boha\/","title":{"rendered":"Jasn\u00e1 v\u00e4\u010d\u0161ina Nemcov ver\u00ed v Boha"},"content":{"rendered":"<p>Skoro dve tretiny Nemcov (63%) ver&iacute; v Boha. Skoro ten ist&yacute; po\u010det (59%) ver&iacute;, \u017ee Je\u017ei&scaron; Kristus je Bo\u017e&iacute; Syn. Vypl&yacute;va to z v&yacute;sle\u010ddkov v&yacute;skumu agent&uacute;ry Emnid, ktorej t&uacute;to &uacute;lohu zadal spravodajsk&yacute; magaz&iacute;n Focus. Pod\u013ea tohtpo v&yacute;skumu, ktor&yacute; bol uverejnen&yacute; po 18. decembri t.r., takmer ka\u017ed&yacute; druh&yacute; anketovan&yacute; je n&aacute;zoru, \u017ee po smrti jestvuje \u017eivot (48%). V posledn&yacute; s&uacute;d ver&iacute; 29%. Viera v Boha pod\u013ea pr&iacute;slu&scaron;nosti k politickk&yacute;m stran&aacute;m:<\/p>\n<p>CDU\/CSU &#8211; 74%<\/p>\n<p>Zv&auml;z 90\/Zelen&iacute; &#8211; 61%<\/p>\n<p>SPD &#8211; 58%<\/p>\n<p>FDP &#8211; 54%<\/p>\n<p>\u013davica &#8211; 39%.<\/p>\n<p>Ve\u013emi m&aacute;lo Nemcov \u010d&iacute;ta Bo\u017eie Slovo. A\u017e polovica to nerob&iacute; nikdy, tretina len ob\u010das. 5% &scaron;tuduje Bibliu \u010dasto. M&aacute;lo Nemcov \u010fakuje Bohu za jedlo. Iba &scaron;es\u0165 percent to rob&iacute; denne. 46% Nemcov chce &iacute;s\u0165 na Vianoce na bohoslu\u017eby. Vo vekovej skupine 30-39 na bohoslu\u017eby nep&ocirc;jde a\u017e 62%.<\/p>\n<p>(<a href=\"http:\/\/www.idea.de\">www.idea.de<\/a>)<\/p>\n","protected":false},"excerpt":{"rendered":"<p>Skoro dve tretiny Nemcov (63%) ver&iacute; v Boha. Skoro ten ist&yacute; po\u010det (59%) ver&iacute;, \u017ee Je\u017ei&scaron; Kristus je Bo\u017e&iacute; Syn. Vypl&yacute;va to z v&yacute;sle\u010ddkov v&yacute;skumu agent&uacute;ry Emnid, ktorej t&uacute;to &uacute;lohu zadal spravodajsk&yacute; magaz&iacute;n Focus. Pod\u013ea tohtpo v&yacute;skumu, ktor&yacute; bol uverejnen&yacute; po 18. decembri t.r., takmer ka\u017ed&yacute; druh&yacute; anketovan&yacute; je n&aacute;zoru, \u017ee po smrti jestvuje \u017eivot &#8230; <a title=\"Jasn\u00e1 v\u00e4\u010d\u0161ina Nemcov ver\u00ed v Boha\" class=\"read-more\" href=\"https:\/\/www.e-anjelik.sk\/index.php\/2011\/12\/20\/jasna-vacsina-nemcov-veri-v-boha\/\" aria-label=\"Pre\u010d\u00edtajte si viac o Jasn\u00e1 v\u00e4\u010d\u0161ina Nemcov ver\u00ed v Boha\">\u010c\u00edta\u0165 viac<\/a><\/p>\n","protected":false},"author":22,"featured_media":0,"comment_status":"open","ping_status":"open","sticky":false,"template":"","format":"standard","meta":{"footnotes":""},"categories":[1],"tags":[234],"class_list":["post-3994","post","type-post","status-publish","format-standard","hentry","category-adventna-modlitba","tag-zdruzenia-a-skupiny"],"_links":{"self":[{"href":"https:\/\/www.e-anjelik.sk\/index.php\/wp-json\/wp\/v2\/posts\/3994","targetHints":{"allow":["GET"]}}],"collection":[{"href":"https:\/\/www.e-anjelik.sk\/index.php\/wp-json\/wp\/v2\/posts"}],"about":[{"href":"https:\/\/www.e-anjelik.sk\/index.php\/wp-json\/wp\/v2\/types\/post"}],"author":[{"embeddable":true,"href":"https:\/\/www.e-anjelik.sk\/index.php\/wp-json\/wp\/v2\/users\/22"}],"replies":[{"embeddable":true,"href":"https:\/\/www.e-anjelik.sk\/index.php\/wp-json\/wp\/v2\/comments?post=3994"}],"version-history":[{"count":0,"href":"https:\/\/www.e-anjelik.sk\/index.php\/wp-json\/wp\/v2\/posts\/3994\/revisions"}],"wp:attachment":[{"href":"https:\/\/www.e-anjelik.sk\/index.php\/wp-json\/wp\/v2\/media?parent=3994"}],"wp:term":[{"taxonomy":"category","embeddable":true,"href":"https:\/\/www.e-anjelik.sk\/index.php\/wp-json\/wp\/v2\/categories?post=3994"},{"taxonomy":"post_tag","embeddable":true,"href":"https:\/\/www.e-anjelik.sk\/index.php\/wp-json\/wp\/v2\/tags?post=3994"}],"curies":[{"name":"wp","href":"https:\/\/api.w.org\/{rel}","templated":true}]}}