{"id":3995,"date":"2011-12-20T02:43:56","date_gmt":"2011-12-20T02:43:56","guid":{"rendered":"http:\/\/e-anjelik.sk\/?p=3995"},"modified":"2011-12-20T02:43:56","modified_gmt":"2011-12-20T02:43:56","slug":"vyznamenanie-pre-biskupa-p-anweilera-z-evanjelickej-cirkvi-v-polsku","status":"publish","type":"post","link":"https:\/\/www.e-anjelik.sk\/index.php\/2011\/12\/20\/vyznamenanie-pre-biskupa-p-anweilera-z-evanjelickej-cirkvi-v-polsku\/","title":{"rendered":"Vyznamenanie pre biskupa P.Anweilera z Evanjelickej cirkvi v Po\u013esku"},"content":{"rendered":"<p>V sobotu 17. dec.2011 v Katoviciach bol vyznamenan&yacute; Sliezskym r&aacute;dom Juliusza Ligonia katol&iacute;ckej spolo\u010dnosti &quot;Civitas Christiana&quot; evanjelick&yacute; biskup Pavel Anweiler. O de\u0148 nesk&ocirc;r 18. dec. t.r. mu spolo\u010dnos\u0165 &quot;Wsp&oacute;lnota Polska&quot; udelila vo Var&scaron;ave zlat&uacute; medailu tejto organiz&aacute;cie. Toho ist&eacute;ho d\u0148a mu prezident Po\u013eska Bronislaw Komorowski udelil &scaron;t&aacute;tne vyznamenanie &#8211; d&ocirc;stojn&iacute;cky kr&iacute;\u017e r&aacute;du znovuzrodenia Po\u013eska &quot;Polonia Restituta&quot;.<\/p>\n<p>(<a href=\"http:\/\/www.luteranie.pl\">www.luteranie.pl<\/a>)<\/p>\n","protected":false},"excerpt":{"rendered":"<p>V sobotu 17. dec.2011 v Katoviciach bol vyznamenan&yacute; Sliezskym r&aacute;dom Juliusza Ligonia katol&iacute;ckej spolo\u010dnosti &quot;Civitas Christiana&quot; evanjelick&yacute; biskup Pavel Anweiler. O de\u0148 nesk&ocirc;r 18. dec. t.r. mu spolo\u010dnos\u0165 &quot;Wsp&oacute;lnota Polska&quot; udelila vo Var&scaron;ave zlat&uacute; medailu tejto organiz&aacute;cie. Toho ist&eacute;ho d\u0148a mu prezident Po\u013eska Bronislaw Komorowski udelil &scaron;t&aacute;tne vyznamenanie &#8211; d&ocirc;stojn&iacute;cky kr&iacute;\u017e r&aacute;du znovuzrodenia Po\u013eska &quot;Polonia &#8230; <a title=\"Vyznamenanie pre biskupa P.Anweilera z Evanjelickej cirkvi v Po\u013esku\" class=\"read-more\" href=\"https:\/\/www.e-anjelik.sk\/index.php\/2011\/12\/20\/vyznamenanie-pre-biskupa-p-anweilera-z-evanjelickej-cirkvi-v-polsku\/\" aria-label=\"Pre\u010d\u00edtajte si viac o Vyznamenanie pre biskupa P.Anweilera z Evanjelickej cirkvi v Po\u013esku\">\u010c\u00edta\u0165 viac<\/a><\/p>\n","protected":false},"author":22,"featured_media":0,"comment_status":"open","ping_status":"open","sticky":false,"template":"","format":"standard","meta":{"footnotes":""},"categories":[1],"tags":[234],"class_list":["post-3995","post","type-post","status-publish","format-standard","hentry","category-adventna-modlitba","tag-zdruzenia-a-skupiny"],"_links":{"self":[{"href":"https:\/\/www.e-anjelik.sk\/index.php\/wp-json\/wp\/v2\/posts\/3995","targetHints":{"allow":["GET"]}}],"collection":[{"href":"https:\/\/www.e-anjelik.sk\/index.php\/wp-json\/wp\/v2\/posts"}],"about":[{"href":"https:\/\/www.e-anjelik.sk\/index.php\/wp-json\/wp\/v2\/types\/post"}],"author":[{"embeddable":true,"href":"https:\/\/www.e-anjelik.sk\/index.php\/wp-json\/wp\/v2\/users\/22"}],"replies":[{"embeddable":true,"href":"https:\/\/www.e-anjelik.sk\/index.php\/wp-json\/wp\/v2\/comments?post=3995"}],"version-history":[{"count":0,"href":"https:\/\/www.e-anjelik.sk\/index.php\/wp-json\/wp\/v2\/posts\/3995\/revisions"}],"wp:attachment":[{"href":"https:\/\/www.e-anjelik.sk\/index.php\/wp-json\/wp\/v2\/media?parent=3995"}],"wp:term":[{"taxonomy":"category","embeddable":true,"href":"https:\/\/www.e-anjelik.sk\/index.php\/wp-json\/wp\/v2\/categories?post=3995"},{"taxonomy":"post_tag","embeddable":true,"href":"https:\/\/www.e-anjelik.sk\/index.php\/wp-json\/wp\/v2\/tags?post=3995"}],"curies":[{"name":"wp","href":"https:\/\/api.w.org\/{rel}","templated":true}]}}