{"id":3997,"date":"2011-12-20T10:17:38","date_gmt":"2011-12-20T10:17:38","guid":{"rendered":"http:\/\/e-anjelik.sk\/?p=3997"},"modified":"2019-02-22T15:24:38","modified_gmt":"2019-02-22T14:24:38","slug":"druhotriedni-evanjelici","status":"publish","type":"post","link":"https:\/\/www.e-anjelik.sk\/index.php\/2011\/12\/20\/druhotriedni-evanjelici\/","title":{"rendered":"Druhotriedni evanjelici"},"content":{"rendered":"<p>&nbsp;Pred cca 25 rokmi si u&nbsp;n&aacute;s doma zvykli pod&aacute;va\u0165 k\u013eu\u010dky &Scaron;tb-&aacute;ci. Ne\u010dakan&eacute; n&aacute;v&scaron;tevy, kontroln&eacute; telefon&aacute;ty, &bdquo;n&aacute;hodn&eacute;&ldquo; cestn&eacute; kontroly spojen&eacute; s&nbsp;prehliadkou auta v\u017edy, ke\u010f sa &scaron;lo na biblick&uacute; hodinu. &bdquo;Z&aacute;bava&ldquo; gradovala, ke\u010f sa postupne v&scaron;etci ml&aacute;de\u017en&iacute;ci museli dostavi\u0165 na v&yacute;sluch &ndash; ja som bol e&scaron;te mlad&yacute;, tak \u010des\u0165 v&yacute;sluchu ma minula. Bolo to obdobie strachu. Ako mlad&iacute; sme o&nbsp;tom hovorili s d&aacute;vkou vzru&scaron;enia. No dospel&aacute;ci si uvedomovali, \u017ee tu ide o&nbsp;\u017eivot. Te&scaron;ia ma dve veci: 1: v&scaron;etci obst&aacute;li &ndash; mlad&iacute; aj rodi\u010dia. Menovite som hrd&yacute; na svojich rodi\u010dov, ktor&iacute; sa nedali zastra&scaron;i\u0165 a&nbsp;nepodp&iacute;sali spolupr&aacute;cu. 2: d&ocirc;vodom, pre\u010do obst&aacute;li bolo isto vz&aacute;jomn&eacute; zomknutie a&nbsp;24-hodinov&aacute; modlitebn&aacute; re\u0165az. Dodnes sa spom&iacute;na na &bdquo;star&uacute; ml&aacute;de\u017e&ldquo; a&nbsp;v&auml;\u010d&scaron;ina t&yacute;chto &bdquo;star&yacute;ch ml&aacute;de\u017en&iacute;kov&ldquo; dodnes akt&iacute;vne sl&uacute;\u017ei v&nbsp;cirkvi.<\/p>\n<p class=\"MsoNormal\"><o:p><\/o:p><\/p>\n<p class=\"MsoNormal\">Vtedy som netu&scaron;il, \u017ee 22 rokov po p&aacute;de totality, v slobodnej spolo\u010dnosti a demokratickej krajine tu st&aacute;le bude existova\u0165 prenasledovanie &ndash; a&nbsp;to od vlastn&yacute;ch. \u017de tu niekto bude kastova\u0165 evanjelikov na prvotriednych a&nbsp;t&yacute;ch druho a&nbsp;tre\u0165otriednych a\u017e po t&yacute;ch podradn&yacute;ch a&nbsp;sabot&eacute;rov. <o:p><\/o:p><\/p>\n<p class=\"MsoNormal\"><b>\u010co sa udialo:<o:p><\/o:p><\/b><\/p>\n<p class=\"MsoNormal\">Od ohniv&yacute;ch \u010dl&aacute;nkov v&nbsp;EPST z&nbsp;leta t.r. pretieklo v&nbsp;Dunaji dos\u0165 vody a&nbsp;udialo sa zop&aacute;r vec&iacute;:<\/p>\n<p class=\"MsoNormal\"><span style=\"text-indent: -0.25in; font: normal normal normal 7pt\/normal 'Times New Roman'; \">&#8211;&nbsp;<\/span><span style=\"text-indent: -0.25in; \">Ukon\u010den&aacute; t&eacute;ma a&nbsp;diskusia v&nbsp;EPST v&ocirc;bec <\/span><b style=\"text-indent: -0.25in; \">ukon\u010den&aacute; nebola<\/b><span style=\"text-indent: -0.25in; \">, preto\u017ee od vyhl&aacute;senia redak\u010dnej rady o&nbsp;uzatvoren&iacute; tejto t&eacute;my, vy&scaron;li <\/span><a style=\"text-indent: -0.25in; \" href=\"http:\/\/www.evanjelik.net\/nekoniec-%e2%80%93-koniec\/\">mnoh&eacute; \u010dl&aacute;nky<\/a><span style=\"text-indent: -0.25in; \">, ktor&eacute; sa tejto istej t&eacute;me venovali. Bu\u010f niekto klame, alebo len jednoducho nie je schopn&yacute; kona\u0165 pod\u013ea vlastn&eacute;ho slova.&nbsp;<\/span><\/p>\n<p class=\"MsoNormal\"><span style=\"text-indent: -0.25in; \">&#8211; Vy&scaron;iel <\/span><b style=\"text-indent: -0.25in; \">pastiersky list jedin&eacute;ho biskupa<\/b><span style=\"text-indent: -0.25in; \">. Trad&iacute;cia tak&eacute; u\u017e d&aacute;vno nepam&auml;t&aacute;, ALE mo\u017en&eacute; to je. Rovnako je mo\u017en&eacute; zdvih&uacute;\u0165 ruky, \u010di pok\u013eakn&uacute;\u0165 na evanjelick&yacute;ch bohoslu\u017eb&aacute;ch &ndash; obvykl&eacute; to s&iacute;ce nie je, ale mo\u017en&eacute; to je, lebo nikde to nie je zak&aacute;zan&eacute;. Niekto sa m&ocirc;\u017ee spr&aacute;va\u0165 neobvyklo, in&yacute; nie?&nbsp;<\/span><\/p>\n<p class=\"MsoNormal\"><span style=\"text-indent: -0.25in; \">&#8211; Mali sme <\/span><b style=\"text-indent: -0.25in; \">teologick&uacute; konferenciu<\/b><span style=\"text-indent: -0.25in; \"> na t&eacute;mu Misia a&nbsp;charizmatick&eacute; hnutia. Zvl&aacute;&scaron;tne spojenie, ale nebol som, nehodnot&iacute;m. Pozrel som si program a&nbsp;profily predn&aacute;&scaron;aj&uacute;cich a&nbsp;musel som sa smia\u0165 nad skuto\u010dnos\u0165ou, \u017ee hlavn&iacute; predn&aacute;&scaron;aj&uacute;ci v&ocirc;bec neboli evanjelici, a&nbsp;teda u\u017e v&ocirc;bec nemali ani evanjelick&uacute; ordin&aacute;ciu, ani kanonick&uacute; misiu, ale zrejme to nevad&iacute;. Referencie, ktor&eacute; som po\u010dul, boli pozit&iacute;vne, tak\u017ee super. ALE prich&aacute;dza mi na um p&aacute;r ot&aacute;zok, lebo sa mi zd&aacute;, \u017ee je tu zjavn&yacute; rozpor medzi vyhl&aacute;seniami a&nbsp;\u010dinmi niektor&yacute;ch ved&uacute;cich predstavite\u013eov. Tak na jednej strane &uacute;plne neslu&scaron;ne &uacute;to\u010dia na TC Kompas a&nbsp;in&yacute;ch, na druhej strane sami pozv&uacute; cudzo-veriacich, aby u\u010dili na&scaron;ich far&aacute;rov. Logiku to iste m&aacute;, len ju st&aacute;le h\u013eadaj&uacute; <\/span><span style=\"text-indent: -0.25in; font-family: Wingdings; \">J<\/span><\/p>\n<p class=\"MsoListParagraphCxSpMiddle\" style=\"text-indent:-.25in;mso-list:l0 level1 lfo1\"><o:p><\/o:p><\/p>\n<p class=\"MsoListParagraphCxSpMiddle\">Tak\u017ee: 1: Pre\u010do by malo by\u0165 v&nbsp;poriadku, \u010do v&nbsp;tomto pr&iacute;pade urobilo vedenie, ale rozhodnutie far&aacute;rov o&nbsp;spolupr&aacute;ci s&nbsp;TC Kompas by malo by\u0165 nespr&aacute;vne? Kto to ur\u010dil, rozhodol? Na z&aacute;klade \u010doho?<o:p><\/o:p><\/p>\n<p class=\"MsoListParagraphCxSpLast\">2: Pre\u010do by malo by\u0165 v&nbsp;poriadku necha\u0165 sa pou\u010dova\u0165 neevanjelikmi, ktor&yacute;ch navy&scaron;e mnoh&iacute; nepoznaj&uacute; (nehodnot&iacute;m predn&aacute;&scaron;aj&uacute;cich, ale rozhodnutie vedenia), ale spolupracova\u0165 s&nbsp;evanjelikmi pracuj&uacute;cimi v&nbsp;TC Kompas, ktor&yacute;ch \u017eivot, vieru a&nbsp;slu\u017ebu osobne mnoh&iacute; poznaj&uacute; by malo by\u0165 zl&eacute;? Maj&uacute; sn&aacute;\u010f vo veden&iacute; in&uacute; ordin&aacute;ciu? In&eacute; vysok&eacute; &scaron;koly? In&eacute; schopnosti, ktor&eacute; be\u017en&iacute; far&aacute;ri, rodi\u010dia a&nbsp;prebyteri nemaj&uacute;? Ned&aacute;va mi to zmysel. Pr&aacute;ve naopak, je logick&eacute;, \u017ee ak si cirkevn&eacute; zbory niekoho pozv&uacute;, tak ide o \u013eud&iacute;, ktor&yacute;ch poznaj&uacute; a&nbsp;d&ocirc;veruj&uacute;. <o:p><\/o:p><\/p>\n<p class=\"MsoNormal\"><o:p>&nbsp;<\/o:p><b>Extr&eacute;misti<o:p><\/o:p><\/b><\/p>\n<p class=\"MsoNormal\">Nen&aacute;vis\u0165 a&nbsp;agresivita s&nbsp;akou sa niektor&iacute; pustili do zdanlivo sv&auml;tej vojny mi pripom&iacute;na extr&eacute;mistov. Tie\u017e maj&uacute; svoju &bdquo;pravdu&ldquo;, d&ocirc;vody, n&aacute;zory, tie\u017e vykrikuj&uacute; a&nbsp;delia \u013eud&iacute; na prav&yacute;ch,&nbsp;podradn&yacute;ch a&nbsp;parazitov\/&scaron;kodcov. V&nbsp;slu&scaron;nej spolo\u010dnosti v&scaron;ak patria na okraj z&aacute;ujmu. Zd&aacute; sa, \u017ee v&nbsp;ECAV je to inak. (Ja viem, v&nbsp;pr&iacute;padoch, ke\u010f cirkevn&eacute; politik&aacute;r\u010denie zatemn&iacute; mnoh&yacute;m rozum, viac sa rie&scaron;ia z&aacute;kulisn&eacute; vz\u0165ahy a&nbsp;r&ocirc;zne kon&scaron;pir&aacute;cie, a&nbsp;verejnosti s&uacute; pon&uacute;knut&iacute; u\u017e de facto zvolen&iacute; jedno-kandid&aacute;ti, potom sa to d&aacute; m&aacute;lokedy re&aacute;lne ovplyvni\u0165.) Len potom nebu\u010fme prekvapen&iacute;, \u017ee sme pova\u017eovan&iacute; za hlup&aacute;\u010dikov, za ktor&yacute;ch musia rozhodn&uacute;\u0165 t&iacute; mudrej&scaron;&iacute; a&nbsp;osvietenej&scaron;&iacute;, a ak n&aacute;m po \u010dase bude niekto predpisova\u0165, ktor&yacute; toaletn&yacute; papier je luter&aacute;nsky a&nbsp;ak n&aacute;hodou pou\u017e&iacute;vate in&yacute;, tak u\u017e nie ste dobr&yacute;m evanjelikom. <o:p><\/o:p><\/p>\n<p class=\"MsoNormal\"><b>Kampa\u0148?<o:p><\/o:p><\/b><\/p>\n<p class=\"MsoNormal\">Ako to uviedol pisate\u013e in&eacute;ho pr&iacute;spevku &ndash; bl&iacute;\u017eia sa vo\u013eby. Tie ostatn&eacute; boli postaven&eacute; na boji proti vtedaj&scaron;iemu vedeniu, zvl&aacute;&scaron;\u0165 na d&eacute;moniz&aacute;cii brata biskupa Fila. Vtedy sa ho m&aacute;lokto zastal, m&aacute;lokto sa ozval (hoci ich p&aacute;r bolo) a&nbsp;vy&scaron;lo to. Ke\u010f\u017ee ni\u010d pozit&iacute;vne a&nbsp;kon&scaron;trukt&iacute;vne odvtedy nevymysleli a&nbsp;posilnen&iacute; predch&aacute;dzaj&uacute;cim &uacute;spechom, zobrali si teraz na mu&scaron;ku v&auml;&scaron;\u010die s&uacute;sto &ndash; viacer&yacute;ch radov&yacute;ch evanjelikov, ale aj kolegov far&aacute;rov a sna\u017eia sa z&nbsp;nich urobi\u0165 druhotriednych evanjelikov, pr&iacute;padne rovno z&aacute;&scaron;kodn&iacute;kov a&nbsp;sabot&eacute;rov rozkladaj&uacute;cich cirkev, ktor&uacute; teraz t&iacute;to prvotriedni evanjelici musia zachra\u0148ova\u0165. Tak\u017ee zjavne ani ordin&aacute;cia e&scaron;te nie je z&aacute;rukou, \u017ee si v&aacute;s nepodaj&uacute;. <o:p><\/o:p><\/p>\n<p class=\"MsoNormal\">V&nbsp;tomto predvolebnom \u010dase by mo\u017eno neza&scaron;kodila ani obsahov&aacute; anal&yacute;za ofici&aacute;lnych evanjelick&yacute;ch m&eacute;di&iacute;, aby sme videli, ktor&eacute; t&eacute;my a&nbsp;ktor&iacute; \u013eudia ak&yacute; priestor dost&aacute;vaj&uacute;. Mysl&iacute;m, \u017ee v&yacute;sledky by boli zauj&iacute;mav&eacute;. <o:p><\/o:p><\/p>\n<p class=\"MsoNormal\"><b>Druhotriedni evanjelici<o:p><\/o:p><\/b><\/p>\n<p class=\"MsoNormal\">Akosi sa nehovor&iacute; o&nbsp;tom, \u017ee pravovern&eacute; evanjelick&eacute; je, \u017ee cirkev neznamen&aacute; ECAV, ale zbor &ndash; v&scaron;etka moc poch&aacute;dza zo zboru, tam sa evanjelium k&aacute;\u017ee a&nbsp;sviatosti prisluhuj&uacute;. Vy&scaron;&scaron;ie in&scaron;tancie maj&uacute; len odvoden&uacute; autoritu. Far&aacute;r je &bdquo;primus inter pares&ldquo; &ndash; prv&yacute; medzi seberovn&yacute;mi a&nbsp;to ist&eacute; plat&iacute; aj pre seniorov, biskupov a&nbsp;ved&uacute;cich v&yacute;borov. Nie s&uacute; o&nbsp;ni\u010d viac &ndash; ani o&nbsp;ni\u010d menej. <o:p><\/o:p><\/p>\n<p class=\"MsoNormal\">Spochyb\u0148ovanie dospel&yacute;ch \u010dlenov ECAV, je vlastne spochyb\u0148ovan&iacute;m cel&yacute;ch cirkevn&yacute;ch zborov, lebo ide o spochyb\u0148ovanie pr&aacute;ce far&aacute;rov, ktor&iacute; sa t&yacute;mto druhotiednym evanjelikom venovali, je to spochyb\u0148ovanie presbyterov, \u017ee nedok&aacute;zali situ&aacute;ciu ustr&aacute;\u017ei\u0165 a&nbsp;z&aacute;rove\u0148 spochyb\u0148ovanie rodi\u010dov, \u017ee zo svojich det&iacute; vychovali sekt&aacute;rov. Preto ver&iacute;m, \u017ee evanjelick&aacute; verejnos\u0165 u\u017e nenech&aacute; dlho po sebe &scaron;liapa\u0165, nad&aacute;va\u0165, robi\u0165 zo seba neschopn&yacute;ch hlup&aacute;kov, nerozumn&eacute; ovce, druhotriednych evanjelikov, \u010di dokonca sabot&eacute;rov. <o:p><\/o:p><\/p>\n<p class=\"MsoNormal\">ECAV m&aacute; bohat&uacute;, \u010dasto pohnut&uacute; hist&oacute;riu. Na Slovensku jej patr&iacute; pevn&eacute; miesto, ktor&eacute; si z&iacute;skala t&yacute;m, \u017ee poznala spr&aacute;vne, teda biblick&eacute; princ&iacute;py, pevne na nich st&aacute;la a&nbsp;vedela ich zrozumite\u013ene poda\u0165 \u010falej, vedela pre vieru strhn&uacute;\u0165 \u013eud. Dnes sme bezzub&iacute;. A&nbsp;z&aacute;rove\u0148 neschopn&iacute; kriticky sa pozrie\u0165 do zrkadla Bo\u017eieho slova. Namiesto toho za svoju neschopnos\u0165 vin&iacute;me a&nbsp;okrikujeme v&scaron;etk&yacute;ch naokolo. Klamanie a&nbsp;ohov&aacute;ranie &ndash; to je v&scaron;etko, na\u010do sa dnes ECAV zm&ocirc;\u017ee? Takto vyu\u017e&iacute;vame obrovsk&yacute; dar slobody, ktor&yacute; n&aacute;m P&aacute;n Boh dal? To naozaj sme tak hlboko klesli?<\/p>\n<p class=\"MsoNormal\">Izraelcom trvalo 40 rokov, k&yacute;m boli pripraven&iacute; vojs\u0165 do zas\u013e&uacute;benej zeme. Zd&aacute; sa, \u017ee ani pre ECAV neexistuje skratka.&nbsp;<\/p>\n<p class=\"MsoNormal\"><o:p><\/o:p><\/p>\n<p class=\"MsoNormal\"><o:p>&nbsp;<\/o:p><b>Vianoce <o:p><\/o:p><\/b><\/p>\n<p>Id&uacute; Vianoce, kedy si pripomenieme narodenie Spasite\u013ea, Je\u017ei&scaron;a Krista. Toho Krista, ktor&eacute;ho vtedaj&scaron;&iacute; ved&uacute;ci predstavitelia pod r&uacute;&scaron;kom sv&auml;t&eacute;ho boja o&nbsp;n&aacute;bo\u017eensk&uacute; \u010distotu ozna\u010dili za diabla, falo&scaron;n&eacute;ho u\u010dite\u013ea a&nbsp;nakoniec Ho mu\u010dili a&nbsp;zabili. Neostal v&nbsp;hrobe, ale v&iacute;\u0165azne vstal z&nbsp;m\u0155tvych. To je u\u017e v&scaron;ak in&yacute; pr&iacute;beh. Teraz nech n&aacute;m je posilnen&iacute;m skuto\u010dnos\u0165, \u017ee Je\u017ei&scaron; Kristus vopred vedel, \u010do Ho tu \u010dak&aacute; &#8211; a predsa pri&scaron;iel. <o:p><\/o:p><\/p>\n<p><span style=\"font-size:11.0pt;line-height:115%;font-family:&quot;Calibri&quot;,&quot;sans-serif&quot;;\nmso-ascii-theme-font:minor-latin;mso-fareast-font-family:Calibri;mso-fareast-theme-font:\nminor-latin;mso-hansi-theme-font:minor-latin;mso-bidi-font-family:&quot;Times New Roman&quot;;\nmso-bidi-theme-font:minor-bidi;mso-ansi-language:SK;mso-fareast-language:EN-US;\nmso-bidi-language:AR-SA\">Id&uacute; Vianoce, kedy si pripomenieme &Scaron;tefana, prv&eacute;ho mu\u010den&iacute;ka pre vieru. Trpel a&nbsp;zomrel rukou vlastn&yacute;ch, pod r&uacute;&scaron;kom sv&auml;t&eacute;ho boja o&nbsp;n&aacute;bo\u017eensk&uacute; \u010distotu, tak ako Kristus. Pre \u017eiv&uacute; vieru niekedy treba trpie\u0165 a&nbsp;\u010dasto aj od vlastn&yacute;ch. Mo\u017eno aj toto bude posilnen&iacute;m evanjelikom z&nbsp;TC Kompas aj pre v&scaron;etk&yacute;ch, pre ktor&yacute;ch viera nie je akademick&yacute;m \/ intelektu&aacute;lnym cvi\u010den&iacute;m, ale ka\u017edodenn&yacute;m \u017eivotn&yacute;m &scaron;t&yacute;lom.&nbsp;<\/span><\/p>\n","protected":false},"excerpt":{"rendered":"<p>&nbsp;Pred cca 25 rokmi si u&nbsp;n&aacute;s doma zvykli pod&aacute;va\u0165 k\u013eu\u010dky &Scaron;tb-&aacute;ci. Ne\u010dakan&eacute; n&aacute;v&scaron;tevy, kontroln&eacute; telefon&aacute;ty, &bdquo;n&aacute;hodn&eacute;&ldquo; cestn&eacute; kontroly spojen&eacute; s&nbsp;prehliadkou auta v\u017edy, ke\u010f sa &scaron;lo na biblick&uacute; hodinu. &bdquo;Z&aacute;bava&ldquo; gradovala, ke\u010f sa postupne v&scaron;etci ml&aacute;de\u017en&iacute;ci museli dostavi\u0165 na v&yacute;sluch &ndash; ja som bol e&scaron;te mlad&yacute;, tak \u010des\u0165 v&yacute;sluchu ma minula. Bolo to obdobie strachu. Ako &#8230; <a title=\"Druhotriedni evanjelici\" class=\"read-more\" href=\"https:\/\/www.e-anjelik.sk\/index.php\/2011\/12\/20\/druhotriedni-evanjelici\/\" aria-label=\"Pre\u010d\u00edtajte si viac o Druhotriedni evanjelici\">\u010c\u00edta\u0165 viac<\/a><\/p>\n","protected":false},"author":29,"featured_media":0,"comment_status":"open","ping_status":"open","sticky":false,"template":"","format":"standard","meta":{"footnotes":""},"categories":[1,73],"tags":[],"class_list":["post-3997","post","type-post","status-publish","format-standard","hentry","category-adventna-modlitba","category-ecav"],"_links":{"self":[{"href":"https:\/\/www.e-anjelik.sk\/index.php\/wp-json\/wp\/v2\/posts\/3997","targetHints":{"allow":["GET"]}}],"collection":[{"href":"https:\/\/www.e-anjelik.sk\/index.php\/wp-json\/wp\/v2\/posts"}],"about":[{"href":"https:\/\/www.e-anjelik.sk\/index.php\/wp-json\/wp\/v2\/types\/post"}],"author":[{"embeddable":true,"href":"https:\/\/www.e-anjelik.sk\/index.php\/wp-json\/wp\/v2\/users\/29"}],"replies":[{"embeddable":true,"href":"https:\/\/www.e-anjelik.sk\/index.php\/wp-json\/wp\/v2\/comments?post=3997"}],"version-history":[{"count":1,"href":"https:\/\/www.e-anjelik.sk\/index.php\/wp-json\/wp\/v2\/posts\/3997\/revisions"}],"predecessor-version":[{"id":32347,"href":"https:\/\/www.e-anjelik.sk\/index.php\/wp-json\/wp\/v2\/posts\/3997\/revisions\/32347"}],"wp:attachment":[{"href":"https:\/\/www.e-anjelik.sk\/index.php\/wp-json\/wp\/v2\/media?parent=3997"}],"wp:term":[{"taxonomy":"category","embeddable":true,"href":"https:\/\/www.e-anjelik.sk\/index.php\/wp-json\/wp\/v2\/categories?post=3997"},{"taxonomy":"post_tag","embeddable":true,"href":"https:\/\/www.e-anjelik.sk\/index.php\/wp-json\/wp\/v2\/tags?post=3997"}],"curies":[{"name":"wp","href":"https:\/\/api.w.org\/{rel}","templated":true}]}}